{"id":31400,"date":"2017-07-10T15:49:16","date_gmt":"2017-07-10T13:49:16","guid":{"rendered":"http:\/\/e-anjelik.sk\/?p=31400"},"modified":"2017-07-10T15:49:16","modified_gmt":"2017-07-10T13:49:16","slug":"z-vyrocnej-spravy-z-r-1945","status":"publish","type":"post","link":"https:\/\/www.e-anjelik.sk\/index.php\/2017\/07\/10\/z-vyrocnej-spravy-z-r-1945\/","title":{"rendered":"Z v\u00fdro\u010dnej spr\u00e1vy  z. r 1945"},"content":{"rendered":"<p>Beblav\u00fd, Milo\u0161:<i> \u201cV\u00fdro\u010dit\u00e1 cirkevn\u00e1 zpr\u00e1va z roku 1945\u201d.\u00a0 Soboti\u0161te \u00a0 \u00a0 \u00a0 \u00a0<\/i><\/p>\n<p><i>\u00a0 \u00a0 \u00a0 \u00a0 \u00a0 \u00a0 \u00a0 \u00a0 \u00a0 \u00a0 \u00a0 \u00a0 \u00a0 \u00a0 \u00a0 \u00a0 <\/i>(\u00faryvok, pravopis neupravovan\u00fd)<\/p>\n<p>\u201cRok 1945 bude ma\u0165 v historii na\u0161eho sboru zvl\u00e1\u0161tne miesto a svoj ve\u013ek\u00fd v\u00fdznam. V \u0148om sa toti\u017eto skon\u010dila pre n\u00e1s jedna z nakrvavej\u0161\u00edch vojen a sbory na\u0161e a obce na\u0161e \u017ee osloboden\u00e9 boly od nemeck\u00fdch okupa\u010dn\u00fdch vojsk a \u017ee zavalen\u00ed sme boli jednotkami \u010cervenej Arm\u00e1dy, t.j. len jej jednotliv\u00fdmi jednotkami proslul\u00e9ho marchala Malinovsk\u00e9ho. Jak okupa\u010dn\u00e1 nemeck\u00e1 arm\u00e1da tak aj oslobodzuj\u00faca arm\u00e1da vpl\u00fdvala na n\u00e1\u0161 \u013eud, nako\u013eko z mnoh\u00fdch spravili \u201c\u010diernoobchodn\u00edkov\u201d, \u201c\u0161melin\u00e1rov\u201d a lavi\u010diarskych horlivcov.<\/p>\n<p>Utrpenie na\u0161e zapo\u010dalo sa vlastne u\u017e v roku 1944 v decembri, ke\u010f n\u00e1s obsadili Nemci s Vlasovovou arm\u00e1dou, s Tatarmi, Kirkizmi a Ukraincami. Cudzie n\u00e1rody &#8211; cudze zvyky\u00a0 nadov\u0161etko cudz\u00e9 mravn\u00e9 n\u00e1zory, s ktor\u00fdmi sme sa ako kres\u0165ania nemohli spriateli\u0165 a nem\u00f4\u017eeme sa ani dnes, ke\u010f sme vraj slobodn\u00ed. Mnoh\u00ed z na\u0161ich utrpeli stratu nie len na majetku a statku, ale i na poctivosti \u00e1no i na \u017eivotoch.<\/p>\n<p>N\u00e1s pozostal\u00fdch dochovala milostiv\u00e1 ruka Hospodina a\u017e po dnes i na to, aby sme \u00fa\u010dtovali nie len so stratami ale i so zvy\u0161kami a to jednako jak zo \u017eivotom tak ja so smr\u0165ou teda stratou. I bilancia pominul\u00e9ho roku vykazuje i v denn\u00edkoch na\u0161\u00edch ve\u013ek\u00e9 pr\u00edjmi a snimi spojen\u00fdmi ziskami ale aj stratami na majetkoch a \u017eivotoch.<\/p>\n<p>Matri\u010dn\u00e1 bilancia.<\/p>\n<p>\u2014\u2014\u2014\u2014\u2014\u2014\u2014-<\/p>\n<p>V roku 1945 narodilo sa v obvode na\u0161ej cirkvi (Soboti\u0161te) 86 du\u0161\u00ed, medzi nimi 9 neman\u017eelsk\u00fdch de\u00ed. O t\u00fdchot vedia a hovoria matriky ale o t\u00fdch o ktor\u00fdch a nwviw, nwmo\u017eno hovori\u0165. Ni\u010d sa v\u0161ak neskrje lebo d\u013ea slov proroka \u00c1mosa IX.v.2:\u201d By\u0165 se pak do zeme zakopali, i odtud by je ruka m\u00e1 vzala; pakliby vstoupili do nebe, i odtud bych je strhl, &#8211; neute\u010det \u017e\u00e1dny z n\u00edch\u201d.<\/p>\n<p>V pominulom roku romrelo v na\u0161ej cirkvi 60 du\u0161\u00ed a tak narodilo sa o 21 du\u0161\u00ed viac ako zomrelo.- Bol by to b\u00fdval rok \u017eivota pre\u00farodn\u00fd, kebynebolo b\u00fdvalo toho v\u00e1le\u010dn\u00e9ho nav\u0161t\u00edvenia a skr\u00fdvania s av bunkeroch a v pivniciahc. Tento pobyt v dierach a pre\u0165it\u00fd strach, vpl\u00fdvali i na \u017eivoty nemluvniatok a nenie divu \u017ee po\u010det zomrel\u00fdch nemluvniatok \u010din\u00ed 21.<\/p>\n<p>Keby len 11 n\u00edch bolo ostalo na \u017eive, &#8211; prevy\u0161oval by \u017eivot o 32 du\u0161\u00ed a ke\u010f e\u0161te do po\u010dtu vezmeme aj t\u00fdch nahodil\u00fdch obet\u00ed bobbardovania po\u010dtom 16, &#8211;<b> bolo by n\u00e1s o 48 du\u0161\u00ed viac!<\/b><\/p>\n<p><b>\u00a0 \u00a0 \u00a0<\/b> Av\u0161ak darmo po\u010dtujeme \u017eivoty,- \u201cHospodin jest, on \u010din\u00ed co\u017e \u00a0se mu l\u00edb\u00ed. Hospodin dal, &#8211; Hospodin t\u00e9\u017e odjal; bu\u010f pochv\u00e1leno jm\u00e9no Hospodinovo\u201d!<\/p>\n<p>M\u00e1me ale aj neprirodzen\u00fa stratu a to t\u00fdch 16 du\u0161\u00ed, ktor\u00e9 zatihnut\u00e9 boly smr\u0165ou zabit\u00edm d\u0148a 5.apr\u00edla 1945 v odpo\u013eudnaj\u0161\u00edch hodin\u00e1ch. Obete bobmardovania s\u00fa nasledovn\u00e9: <b>J\u00e1n Ple\u0161a,<\/b> &#8211; 42 ro\u010dn\u00fd, otec dvojo nedospel\u00fdch dietok, &#8211; <b>\u0160tefan Otepka<\/b> 52 ro\u010dn\u00fd, otec p\u00e4toro dietok, ktor\u00fd zahynul pri ora\u010dke na poly i so svojou 14 ro\u010dnou dc\u00e9rou <b>Bo\u017eenou.<\/b><\/p>\n<p><b>Pavel Myjavec <\/b>59 ro\u010dn\u00fd otec a man\u017eel, bol zabit\u00fd \u010drepinou m\u00edny vo dver\u00e1ch sovjho domu spolu i s dc\u00e9rou\u00a0 <b>Am\u00e1liou <\/b>17 ro\u010dnou a d\u0148a 9.apr\u00edla padla ran\u00e1m <b>aj jeho druh\u00e1 dc\u00e9ra Em\u00edlia<\/b>, man\u017eelka Miloslava Hlad\u00edka.<\/p>\n<p><b>Pavel Il\u010d\u00edk<\/b> 78 ro\u010dn\u00fd starec zabit\u00fd bol na dvore, kde sa slnil spolu i s 22 ro\u010dnou <b>Zuzanou Junasovou <\/b>a vnu\u010dkou svojou <b>Vlastou Min\u00e1ri\u010dkovou, <\/b>konfirmandkou. V\u0161etci traja boli z <b>Rovenska.<\/b><\/p>\n<p><b>\u00a0\u00a0 \u00a0<\/b><b>V Soboti\u0161ti<\/b> boli e\u0161te zabit\u00ed pri bombardovaniu Soboti\u0161\u0165a d\u0148a 5.apr\u00edla: <b>Zuzana \u0160eve\u010dkov\u00e1 <\/b>21 ro\u010dn\u00e1; na kopaniciach 2 ro\u010dn\u00fd syn\u010dek<b> Martin Beblav\u00fd<\/b> na dvore domu rodi\u010dovsk\u00e9ho v kopaniciach a v bojovom p\u00e1sme <b>Pavel My\u0161\u00edk<\/b> 70 ro\u010dn\u00fd man\u017eel.<\/p>\n<p>pri vykon\u00e1vaniu for\u0161pontovej slu\u017eby \u010drepinou bomby \u0165a\u017eko ranen\u00fd bol ml\u00e1denec <b>Pavel Skok<\/b> 22 ro\u010dn\u00fd a ponev\u00e1\u010d nemal na r\u00fdchlo pomoc, vykrv\u00e1cal v nemocnici v Moravskej Novej Vsi odkia\u013e prevezen\u00fd bol do domu rodi\u010dovsk\u00e9ho do Soboti\u0161\u0165a a je tu i pochovan\u00fd.<\/p>\n<p>Nemeckou arm\u00e1dou chyten\u00ed boli v na\u0161ich hor\u00e1ch traja bratia Hy\u017eovci, s\u00edce Martin Hy\u017ea, <b>J\u00e1n Hy\u017ea <\/b>21ro\u010dn\u00fd a <b>Pavel Hy\u017ea <\/b>18 ro\u010dn\u00fd. Pova\u017eovan\u00ed boli za partiz\u00e1nov a k odstreleniu hne\u010f na mieste ods\u00faden\u00ed. Star\u0161\u00ed brat Martin, vojak z povstaleckej arm\u00e1dy urobil sa hl\u00fapym a povedal nemeck\u00e9mu poru\u010d\u00edkovi \u017ee kde sa maj\u00fa tedy postavi\u0165. Tento uk\u00e1zal mu \u017ee kde a v tom vrazil mu p\u00e4s\u0165 do tv\u00e1re, \u017ee sa hne\u010f prehodil. S v\u00fdkrikom \u201cza mnou chlapci\u201d- dali sa uteka\u0165 v udan\u00fd smer, ale jeho dvaja bratia utekali opa\u010dne a boli chyten\u00ed. Obydvoch odstrelili na mieste.-<\/p>\n<p>Vo vojnskom transporte domobrany zahynul ml\u00e1denec J<b>anko Lun\u00ed\u010dek <\/b>temer v\u0161etci kamar\u00e1di ostali, len on chud\u00e1\u010dek to zaplatil \u017eivotom. Bol to jedin\u00fd syn vdovy a mal jednu sestru. Povahove tich\u00fd a pln\u00fd tradi\u010dnej zbo\u017enosti a v\u00e1\u017enosti rodiny Lun\u00ed\u010dkovskej. S n\u00edm vymrela Luni\u010dkovsk\u00e1 rodina v Soboti\u0161ti.<\/p>\n<p>V bukovk\u00fdch hor\u00e1ch zastrelen\u00fd bol <b>\u0160tefan Havl\u00edk z Podbran\u010da <\/b>a nevie sa podnes k\u00fdm, \u010di Nemcami a \u010di partiz\u00e1nmi. Pochovan\u00fd je v Bukovci.\u00a0 (Nesk\u00f4r sa uk\u00e1zalo \u017ee partiz\u00e1nmi. Spolupracoval s oboma skupinami a partiz\u00e1ni mu na to pri\u0161li. Pozn. M.Bebelav\u00fd)<\/p>\n<p>D\u0148a 17.okt\u00f3bra 1944, zastrelen\u00fd bol partiz\u00e1nmi v Podbran\u010di v Majeri\u010dk\u00e1ch <b>Juraj Kuba otec a man\u017eel. b\u00fdval\u00fd velite\u013e HG. <\/b>V no\u010dn\u00fa hodinu pri\u0161li k nemu a odviedli ho. Mal pri sebe v dome 60.000 Ks obecn\u00fdch pe\u0148az\u00ed, ktor\u00e9 ke\u010f pon\u00fakal, velite\u013e partiz\u00e1nov neprijal\u00a0 s t\u00fdm od\u00f4vodnen\u00edm: \u201c N\u00e1s do obecn\u00fdch pe\u0148az\u00ed nenie ni\u010d\u201d. Vyviedli ho a od domu nieko\u013eko krokov ho odstrelili. \u010co bola vlastn\u00e1 pr\u00ed\u010dina, nevie sa podnes ale s\u00fadiac pod\u013ea jeho po\u010d\u00ednania ako velite\u013ea gardy na Podbran\u010di, pravdepodobne mu k tomu dopomohlo mnohor\u00e1zov\u00e9 ud\u00e1vanie a hlavne d\u00f4vern\u00e9 priate\u013estvo s <b>velite\u013eom gardy soboti\u0161tsk\u00fdm Alojzom Chytilom katol\u00edckym u\u010dite\u013eom.<\/b><\/p>\n<p><b>J\u00e1n Kv\u00e1\u010d, ml\u00e1dene zo Soboti\u0161\u0165a, <\/b>vraj prenasledovan\u00fd od starostu Cyrila Baumgartnera a gardou, u\u0161iel k partiz\u00e1nom, ale chyten\u00fd a postrelen\u00fd odvezen\u00fd bol do nemocnice &#8211; do ktorej neviem &#8211; a tam zomrel.<\/p>\n<p>\u010catar <b>Pavel Beblav\u00fd<\/b> pri\u0161iel s \u010deskoslovenskou arm\u00e1dou na Slovensko vari ako para\u0161utista, bol od Nemcov chyten\u00fd a na V\u00fdchodnom Slovensku popraven\u00fd.<\/p>\n<p><b>V\u0161etk\u00fdch obet\u00ed v\u00e1lky tedy bolo 22. <\/b>Hospodin, ktor\u00fd je P\u00e1nom \u017eivota a smrti, nech d\u00e1 \u013eahk\u00e9 odpo\u010dinutie v cudzej i na\u0161ej zemi; man\u017eelky vdovy a matky, nech pote\u0161\u00ed v \u017eiali a osiral\u00e9 dietky nech vezme pod svoju ochranu a l\u00e1skou svojou nech vynahrad\u00ed straty bo\u013eav\u00e9.<\/p>\n<p>(Pod\u00e1va \u013d.Batka st.)<\/p>\n<p>&nbsp;<\/p>\n","protected":false},"excerpt":{"rendered":"<p>Beblav\u00fd, Milo\u0161: \u201cV\u00fdro\u010dit\u00e1 cirkevn\u00e1 zpr\u00e1va z roku 1945\u201d.\u00a0 Soboti\u0161te \u00a0 \u00a0 \u00a0 \u00a0 \u00a0 \u00a0 \u00a0 \u00a0 \u00a0 \u00a0 \u00a0 \u00a0 \u00a0 \u00a0 \u00a0 \u00a0 \u00a0 \u00a0 \u00a0 \u00a0 (\u00faryvok, pravopis neupravovan\u00fd) \u201cRok 1945 bude ma\u0165 v historii na\u0161eho sboru zvl\u00e1\u0161tne miesto a svoj ve\u013ek\u00fd v\u00fdznam. V \u0148om sa toti\u017eto skon\u010dila pre n\u00e1s jedna z &#8230; <a title=\"Z v\u00fdro\u010dnej spr\u00e1vy  z. r 1945\" class=\"read-more\" href=\"https:\/\/www.e-anjelik.sk\/index.php\/2017\/07\/10\/z-vyrocnej-spravy-z-r-1945\/\" aria-label=\"Pre\u010d\u00edtajte si viac o Z v\u00fdro\u010dnej spr\u00e1vy  z. r 1945\">\u010c\u00edta\u0165 viac<\/a><\/p>\n","protected":false},"author":4,"featured_media":0,"comment_status":"open","ping_status":"open","sticky":false,"template":"","format":"standard","meta":{"footnotes":""},"categories":[386,95],"tags":[],"class_list":["post-31400","post","type-post","status-publish","format-standard","hentry","category-historicke-okienko","category-sobotiste"],"_links":{"self":[{"href":"https:\/\/www.e-anjelik.sk\/index.php\/wp-json\/wp\/v2\/posts\/31400","targetHints":{"allow":["GET"]}}],"collection":[{"href":"https:\/\/www.e-anjelik.sk\/index.php\/wp-json\/wp\/v2\/posts"}],"about":[{"href":"https:\/\/www.e-anjelik.sk\/index.php\/wp-json\/wp\/v2\/types\/post"}],"author":[{"embeddable":true,"href":"https:\/\/www.e-anjelik.sk\/index.php\/wp-json\/wp\/v2\/users\/4"}],"replies":[{"embeddable":true,"href":"https:\/\/www.e-anjelik.sk\/index.php\/wp-json\/wp\/v2\/comments?post=31400"}],"version-history":[{"count":1,"href":"https:\/\/www.e-anjelik.sk\/index.php\/wp-json\/wp\/v2\/posts\/31400\/revisions"}],"predecessor-version":[{"id":31401,"href":"https:\/\/www.e-anjelik.sk\/index.php\/wp-json\/wp\/v2\/posts\/31400\/revisions\/31401"}],"wp:attachment":[{"href":"https:\/\/www.e-anjelik.sk\/index.php\/wp-json\/wp\/v2\/media?parent=31400"}],"wp:term":[{"taxonomy":"category","embeddable":true,"href":"https:\/\/www.e-anjelik.sk\/index.php\/wp-json\/wp\/v2\/categories?post=31400"},{"taxonomy":"post_tag","embeddable":true,"href":"https:\/\/www.e-anjelik.sk\/index.php\/wp-json\/wp\/v2\/tags?post=31400"}],"curies":[{"name":"wp","href":"https:\/\/api.w.org\/{rel}","templated":true}]}}