{"id":3142,"date":"2010-11-04T09:58:41","date_gmt":"2010-11-04T09:58:41","guid":{"rendered":"http:\/\/e-anjelik.sk\/?p=3142"},"modified":"2010-11-04T09:58:41","modified_gmt":"2010-11-04T09:58:41","slug":"arcibiskup-svedskej-cirkvi-a-wejryd-ide-na-navstevu-ciny","status":"publish","type":"post","link":"https:\/\/www.e-anjelik.sk\/index.php\/2010\/11\/04\/arcibiskup-svedskej-cirkvi-a-wejryd-ide-na-navstevu-ciny\/","title":{"rendered":"Arcibiskup \u0160v\u00e9dskej cirkvi A. Wejryd ide na n\u00e1v\u0161tevu \u010c\u00edny"},"content":{"rendered":"<p>Na pozvanie &uacute;radnej Kres\u0165anskej rady cirkv&iacute; v \u010c&iacute;ne odcestuje dnes vo &scaron;tvrtok 4. novembra 2010 &nbsp;deleg&aacute;cia &Scaron;C na \u010dele s arcibiskupom A. Wejrydom&nbsp;na desa\u0165d\u0148ov&uacute; &uacute;radn&uacute; n&aacute;v&scaron;tevu \u010c&iacute;ny a Honkongu. Po\u010das t&yacute;chto dn&iacute; sa chc&uacute; obozn&aacute;mi\u0165 so situ&aacute;ciou protestantskej cirkvi. Nav&scaron;t&iacute;via teologick&eacute; semin&aacute;re v &Scaron;anghaji a Nanjingu. Poved&uacute; rozhovory s veden&iacute;m cirkvi a nav&scaron;t&iacute;via aj viacer&eacute; cirkevn&eacute; zbory. Po\u010das rozhovorov sa prerokuje ot&aacute;zka rozvojovej pomoci v oblasti lie\u010denia Hiv chor&yacute;ch. Deleg&aacute;cia potom nav&scaron;t&iacute;vi aj &Scaron;v&eacute;dsku cirkev v Honkongu.<\/p>\n<p>(<a href=\"http:\/\/www.kyrkanstidning.com\">www.kyrkanstidning.com<\/a>)<\/p>\n","protected":false},"excerpt":{"rendered":"<p>Na pozvanie &uacute;radnej Kres\u0165anskej rady cirkv&iacute; v \u010c&iacute;ne odcestuje dnes vo &scaron;tvrtok 4. novembra 2010 &nbsp;deleg&aacute;cia &Scaron;C na \u010dele s arcibiskupom A. Wejrydom&nbsp;na desa\u0165d\u0148ov&uacute; &uacute;radn&uacute; n&aacute;v&scaron;tevu \u010c&iacute;ny a Honkongu. Po\u010das t&yacute;chto dn&iacute; sa chc&uacute; obozn&aacute;mi\u0165 so situ&aacute;ciou protestantskej cirkvi. Nav&scaron;t&iacute;via teologick&eacute; semin&aacute;re v &Scaron;anghaji a Nanjingu. Poved&uacute; rozhovory s veden&iacute;m cirkvi a nav&scaron;t&iacute;via aj viacer&eacute; &#8230; <a title=\"Arcibiskup \u0160v\u00e9dskej cirkvi A. Wejryd ide na n\u00e1v\u0161tevu \u010c\u00edny\" class=\"read-more\" href=\"https:\/\/www.e-anjelik.sk\/index.php\/2010\/11\/04\/arcibiskup-svedskej-cirkvi-a-wejryd-ide-na-navstevu-ciny\/\" aria-label=\"Pre\u010d\u00edtajte si viac o Arcibiskup \u0160v\u00e9dskej cirkvi A. Wejryd ide na n\u00e1v\u0161tevu \u010c\u00edny\">\u010c\u00edta\u0165 viac<\/a><\/p>\n","protected":false},"author":22,"featured_media":0,"comment_status":"open","ping_status":"open","sticky":false,"template":"","format":"standard","meta":{"footnotes":""},"categories":[16,10],"tags":[],"class_list":["post-3142","post","type-post","status-publish","format-standard","hentry","category-azia","category-zo-sveta"],"_links":{"self":[{"href":"https:\/\/www.e-anjelik.sk\/index.php\/wp-json\/wp\/v2\/posts\/3142","targetHints":{"allow":["GET"]}}],"collection":[{"href":"https:\/\/www.e-anjelik.sk\/index.php\/wp-json\/wp\/v2\/posts"}],"about":[{"href":"https:\/\/www.e-anjelik.sk\/index.php\/wp-json\/wp\/v2\/types\/post"}],"author":[{"embeddable":true,"href":"https:\/\/www.e-anjelik.sk\/index.php\/wp-json\/wp\/v2\/users\/22"}],"replies":[{"embeddable":true,"href":"https:\/\/www.e-anjelik.sk\/index.php\/wp-json\/wp\/v2\/comments?post=3142"}],"version-history":[{"count":0,"href":"https:\/\/www.e-anjelik.sk\/index.php\/wp-json\/wp\/v2\/posts\/3142\/revisions"}],"wp:attachment":[{"href":"https:\/\/www.e-anjelik.sk\/index.php\/wp-json\/wp\/v2\/media?parent=3142"}],"wp:term":[{"taxonomy":"category","embeddable":true,"href":"https:\/\/www.e-anjelik.sk\/index.php\/wp-json\/wp\/v2\/categories?post=3142"},{"taxonomy":"post_tag","embeddable":true,"href":"https:\/\/www.e-anjelik.sk\/index.php\/wp-json\/wp\/v2\/tags?post=3142"}],"curies":[{"name":"wp","href":"https:\/\/api.w.org\/{rel}","templated":true}]}}