{"id":3145,"date":"2010-11-05T12:30:13","date_gmt":"2010-11-05T12:30:13","guid":{"rendered":"http:\/\/e-anjelik.sk\/?p=3145"},"modified":"2010-11-05T12:30:13","modified_gmt":"2010-11-05T12:30:13","slug":"14-november-den-modlitieb-za-prenasledovanych-krestanov-vo-svete","status":"publish","type":"post","link":"https:\/\/www.e-anjelik.sk\/index.php\/2010\/11\/05\/14-november-den-modlitieb-za-prenasledovanych-krestanov-vo-svete\/","title":{"rendered":"14. november -De\u0148 modlitieb za prenasledovan\u00fdch kres\u0165anov vo svete"},"content":{"rendered":"<p>Svetov&aacute; evanjelick&aacute; aliancia vyzvala kres\u0165anov, aby sa 14. novembra t.r. zapojili do celosvetov&eacute;ho d\u0148a modlitieb za prenasledovan&yacute;ch kres\u0165anov vo svete. Pod\u013ea odhadu je tak&yacute;chto do 200 mili&oacute;nov.Najviac trpia v Nig&eacute;rii, Severnej K&oacute;rei, Ir&aacute;ne a Egypte. Modlitby sa maj&uacute; kona\u0165 v ur\u010den&uacute; hodinu po\u010das bohoslu\u017eieb, spolo\u010densk&yacute;ch \u010di biblick&yacute;ch hod&iacute;n. V minul&yacute;ch rokoch sa t&yacute;chto modlitieb z&uacute;\u010dastnilo okolo 60 tis&iacute;c kres\u0165ansk&yacute;ch zborov vo viacej ako 100 krajin&aacute;ch sveta.&nbsp;<\/p>\n<p>(<a href=\"http:\/\/www.idea.de\">www.idea.de<\/a>)<\/p>\n","protected":false},"excerpt":{"rendered":"<p>Svetov&aacute; evanjelick&aacute; aliancia vyzvala kres\u0165anov, aby sa 14. novembra t.r. zapojili do celosvetov&eacute;ho d\u0148a modlitieb za prenasledovan&yacute;ch kres\u0165anov vo svete. Pod\u013ea odhadu je tak&yacute;chto do 200 mili&oacute;nov.Najviac trpia v Nig&eacute;rii, Severnej K&oacute;rei, Ir&aacute;ne a Egypte. Modlitby sa maj&uacute; kona\u0165 v ur\u010den&uacute; hodinu po\u010das bohoslu\u017eieb, spolo\u010densk&yacute;ch \u010di biblick&yacute;ch hod&iacute;n. V minul&yacute;ch rokoch sa t&yacute;chto modlitieb z&uacute;\u010dastnilo &#8230; <a title=\"14. november -De\u0148 modlitieb za prenasledovan\u00fdch kres\u0165anov vo svete\" class=\"read-more\" href=\"https:\/\/www.e-anjelik.sk\/index.php\/2010\/11\/05\/14-november-den-modlitieb-za-prenasledovanych-krestanov-vo-svete\/\" aria-label=\"Pre\u010d\u00edtajte si viac o 14. november -De\u0148 modlitieb za prenasledovan\u00fdch kres\u0165anov vo svete\">\u010c\u00edta\u0165 viac<\/a><\/p>\n","protected":false},"author":22,"featured_media":0,"comment_status":"open","ping_status":"open","sticky":false,"template":"","format":"standard","meta":{"footnotes":""},"categories":[2,233],"tags":[],"class_list":["post-3145","post","type-post","status-publish","format-standard","hentry","category-ekumena","category-modlitby"],"_links":{"self":[{"href":"https:\/\/www.e-anjelik.sk\/index.php\/wp-json\/wp\/v2\/posts\/3145","targetHints":{"allow":["GET"]}}],"collection":[{"href":"https:\/\/www.e-anjelik.sk\/index.php\/wp-json\/wp\/v2\/posts"}],"about":[{"href":"https:\/\/www.e-anjelik.sk\/index.php\/wp-json\/wp\/v2\/types\/post"}],"author":[{"embeddable":true,"href":"https:\/\/www.e-anjelik.sk\/index.php\/wp-json\/wp\/v2\/users\/22"}],"replies":[{"embeddable":true,"href":"https:\/\/www.e-anjelik.sk\/index.php\/wp-json\/wp\/v2\/comments?post=3145"}],"version-history":[{"count":0,"href":"https:\/\/www.e-anjelik.sk\/index.php\/wp-json\/wp\/v2\/posts\/3145\/revisions"}],"wp:attachment":[{"href":"https:\/\/www.e-anjelik.sk\/index.php\/wp-json\/wp\/v2\/media?parent=3145"}],"wp:term":[{"taxonomy":"category","embeddable":true,"href":"https:\/\/www.e-anjelik.sk\/index.php\/wp-json\/wp\/v2\/categories?post=3145"},{"taxonomy":"post_tag","embeddable":true,"href":"https:\/\/www.e-anjelik.sk\/index.php\/wp-json\/wp\/v2\/tags?post=3145"}],"curies":[{"name":"wp","href":"https:\/\/api.w.org\/{rel}","templated":true}]}}