{"id":31454,"date":"2017-08-30T12:07:19","date_gmt":"2017-08-30T10:07:19","guid":{"rendered":"http:\/\/e-anjelik.sk\/?p=31454"},"modified":"2017-08-30T12:13:57","modified_gmt":"2017-08-30T10:13:57","slug":"r-bezak-bude-ucit","status":"publish","type":"post","link":"https:\/\/www.e-anjelik.sk\/index.php\/2017\/08\/30\/r-bezak-bude-ucit\/","title":{"rendered":"R. Bez\u00e1k bude u\u010di\u0165"},"content":{"rendered":"<p><b>Bez\u00e1k bude u\u010di\u0165. Nie \u010disto katol\u00edcke n\u00e1bo\u017eenstvo<\/b><\/p>\n<p>Rozhodnutie niekdaj\u0161ieho trnavsk\u00e9ho arcibiskupa u\u010di\u0165 n\u00e1bo\u017eenstvo na protestantskom gymn\u00e1ziu berie Konferencia biskupov Slovenska na vedomie.<\/p>\n<p>29. aug 2017 o 14:57 <a href=\"https:\/\/www.sme.sk\/aut\/220\/jan-krempasky\">J\u00c1N KREMPASK\u00dd<\/a>, <a href=\"https:\/\/www.sme.sk\/aut\/566\/marie-vrabcova\">MARIE VRABCOV\u00c1<\/a><\/p>\n<p>&nbsp;<\/p>\n<p>R\u00f3bert Bez\u00e1k.(Zdroj: SME &#8211; GABRIEL KUCHTA)<\/p>\n<p>BRATISLAVA. Robert Bez\u00e1k je prv\u00fdm katol\u00edckym arcibiskupom na Slovensku, ktor\u00fd bude u\u010di\u0165 n\u00e1bo\u017eenstvo a etiku na protestantskej \u0161kole. Gymn\u00e1zium C. S. Lewisa v Bratislave patr\u00ed cirkvi bratskej.<\/p>\n<p>Cirkev patr\u00ed k mal\u00fdm protestansk\u00fdm cirkv\u00e1m, vznikla v roku 1892 v \u010cesku. Na Slovensko prenikla za\u010diatkom 20. storo\u010dia. Za vojnov\u00e9ho slovensk\u00e9ho \u0161t\u00e1tu bola zak\u00e1zan\u00e1. Na Slovensku sa k nej hl\u00e1si vy\u0161e tritis\u00edc veriacich. Jej najzn\u00e1mej\u0161\u00edm predstavite\u013eom je kazate\u013e a b\u00e1snik Daniel Pastir\u010d\u00e1k.<\/p>\n","protected":false},"excerpt":{"rendered":"<p>Bez\u00e1k bude u\u010di\u0165. Nie \u010disto katol\u00edcke n\u00e1bo\u017eenstvo Rozhodnutie niekdaj\u0161ieho trnavsk\u00e9ho arcibiskupa u\u010di\u0165 n\u00e1bo\u017eenstvo na protestantskom gymn\u00e1ziu berie Konferencia biskupov Slovenska na vedomie. 29. aug 2017 o 14:57 J\u00c1N KREMPASK\u00dd, MARIE VRABCOV\u00c1 &nbsp; R\u00f3bert Bez\u00e1k.(Zdroj: SME &#8211; GABRIEL KUCHTA) BRATISLAVA. Robert Bez\u00e1k je prv\u00fdm katol\u00edckym arcibiskupom na Slovensku, ktor\u00fd bude u\u010di\u0165 n\u00e1bo\u017eenstvo a etiku na protestantskej &#8230; <a title=\"R. Bez\u00e1k bude u\u010di\u0165\" class=\"read-more\" href=\"https:\/\/www.e-anjelik.sk\/index.php\/2017\/08\/30\/r-bezak-bude-ucit\/\" aria-label=\"Pre\u010d\u00edtajte si viac o R. Bez\u00e1k bude u\u010di\u0165\">\u010c\u00edta\u0165 viac<\/a><\/p>\n","protected":false},"author":4,"featured_media":0,"comment_status":"open","ping_status":"open","sticky":false,"template":"","format":"standard","meta":{"footnotes":""},"categories":[1,12,43],"tags":[],"class_list":["post-31454","post","type-post","status-publish","format-standard","hentry","category-adventna-modlitba","category-evanjelicke-skoly","category-rimsko-katolicka-cirkev"],"_links":{"self":[{"href":"https:\/\/www.e-anjelik.sk\/index.php\/wp-json\/wp\/v2\/posts\/31454","targetHints":{"allow":["GET"]}}],"collection":[{"href":"https:\/\/www.e-anjelik.sk\/index.php\/wp-json\/wp\/v2\/posts"}],"about":[{"href":"https:\/\/www.e-anjelik.sk\/index.php\/wp-json\/wp\/v2\/types\/post"}],"author":[{"embeddable":true,"href":"https:\/\/www.e-anjelik.sk\/index.php\/wp-json\/wp\/v2\/users\/4"}],"replies":[{"embeddable":true,"href":"https:\/\/www.e-anjelik.sk\/index.php\/wp-json\/wp\/v2\/comments?post=31454"}],"version-history":[{"count":1,"href":"https:\/\/www.e-anjelik.sk\/index.php\/wp-json\/wp\/v2\/posts\/31454\/revisions"}],"predecessor-version":[{"id":31455,"href":"https:\/\/www.e-anjelik.sk\/index.php\/wp-json\/wp\/v2\/posts\/31454\/revisions\/31455"}],"wp:attachment":[{"href":"https:\/\/www.e-anjelik.sk\/index.php\/wp-json\/wp\/v2\/media?parent=31454"}],"wp:term":[{"taxonomy":"category","embeddable":true,"href":"https:\/\/www.e-anjelik.sk\/index.php\/wp-json\/wp\/v2\/categories?post=31454"},{"taxonomy":"post_tag","embeddable":true,"href":"https:\/\/www.e-anjelik.sk\/index.php\/wp-json\/wp\/v2\/tags?post=31454"}],"curies":[{"name":"wp","href":"https:\/\/api.w.org\/{rel}","templated":true}]}}