{"id":3146,"date":"2010-11-05T12:47:04","date_gmt":"2010-11-05T12:47:04","guid":{"rendered":"http:\/\/e-anjelik.sk\/?p=3146"},"modified":"2010-11-05T12:47:04","modified_gmt":"2010-11-05T12:47:04","slug":"uviedli-prvu-zenu-rabinku-do-uradu","status":"publish","type":"post","link":"https:\/\/www.e-anjelik.sk\/index.php\/2010\/11\/05\/uviedli-prvu-zenu-rabinku-do-uradu\/","title":{"rendered":"Uviedli prv\u00fa \u017eenu-rab\u00ednku do \u00faradu"},"content":{"rendered":"<p>Vo &scaron;tvrtok po\u010das emot&iacute;vnej sl&aacute;vnosti v pr&iacute;tomnosti nieko\u013ek&yacute;ch stoviek &uacute;\u010dastn&iacute;kov, medzi nimi i spolkov&eacute;ho prezidenta Nemecka Christiana Wulfa, uviedli v synagoge v Berl&iacute;ne po 75 rokoch do &uacute;radu op&auml;\u0165 \u017eenu -rab&iacute;nku. Vol&aacute; sa Alina Treiger a poch&aacute;dza z Ukrajiny. Prv&aacute; rab&iacute;nka z roku 1935 sa volala Regina Jonas a zahynula v koncentra\u010dnom t&aacute;bore Auschwitz r. 1944 .<\/p>\n<p>(<a href=\"http:\/\/www.kyrkanstidning.com\">www.kyrkanstidning.com<\/a>)<\/p>\n","protected":false},"excerpt":{"rendered":"<p>Vo &scaron;tvrtok po\u010das emot&iacute;vnej sl&aacute;vnosti v pr&iacute;tomnosti nieko\u013ek&yacute;ch stoviek &uacute;\u010dastn&iacute;kov, medzi nimi i spolkov&eacute;ho prezidenta Nemecka Christiana Wulfa, uviedli v synagoge v Berl&iacute;ne po 75 rokoch do &uacute;radu op&auml;\u0165 \u017eenu -rab&iacute;nku. Vol&aacute; sa Alina Treiger a poch&aacute;dza z Ukrajiny. Prv&aacute; rab&iacute;nka z roku 1935 sa volala Regina Jonas a zahynula v koncentra\u010dnom t&aacute;bore Auschwitz r. &#8230; <a title=\"Uviedli prv\u00fa \u017eenu-rab\u00ednku do \u00faradu\" class=\"read-more\" href=\"https:\/\/www.e-anjelik.sk\/index.php\/2010\/11\/05\/uviedli-prvu-zenu-rabinku-do-uradu\/\" aria-label=\"Pre\u010d\u00edtajte si viac o Uviedli prv\u00fa \u017eenu-rab\u00ednku do \u00faradu\">\u010c\u00edta\u0165 viac<\/a><\/p>\n","protected":false},"author":22,"featured_media":0,"comment_status":"open","ping_status":"open","sticky":false,"template":"","format":"standard","meta":{"footnotes":""},"categories":[2],"tags":[],"class_list":["post-3146","post","type-post","status-publish","format-standard","hentry","category-ekumena"],"_links":{"self":[{"href":"https:\/\/www.e-anjelik.sk\/index.php\/wp-json\/wp\/v2\/posts\/3146","targetHints":{"allow":["GET"]}}],"collection":[{"href":"https:\/\/www.e-anjelik.sk\/index.php\/wp-json\/wp\/v2\/posts"}],"about":[{"href":"https:\/\/www.e-anjelik.sk\/index.php\/wp-json\/wp\/v2\/types\/post"}],"author":[{"embeddable":true,"href":"https:\/\/www.e-anjelik.sk\/index.php\/wp-json\/wp\/v2\/users\/22"}],"replies":[{"embeddable":true,"href":"https:\/\/www.e-anjelik.sk\/index.php\/wp-json\/wp\/v2\/comments?post=3146"}],"version-history":[{"count":0,"href":"https:\/\/www.e-anjelik.sk\/index.php\/wp-json\/wp\/v2\/posts\/3146\/revisions"}],"wp:attachment":[{"href":"https:\/\/www.e-anjelik.sk\/index.php\/wp-json\/wp\/v2\/media?parent=3146"}],"wp:term":[{"taxonomy":"category","embeddable":true,"href":"https:\/\/www.e-anjelik.sk\/index.php\/wp-json\/wp\/v2\/categories?post=3146"},{"taxonomy":"post_tag","embeddable":true,"href":"https:\/\/www.e-anjelik.sk\/index.php\/wp-json\/wp\/v2\/tags?post=3146"}],"curies":[{"name":"wp","href":"https:\/\/api.w.org\/{rel}","templated":true}]}}