{"id":31468,"date":"2017-09-13T13:33:32","date_gmt":"2017-09-13T11:33:32","guid":{"rendered":"http:\/\/e-anjelik.sk\/?p=31468"},"modified":"2017-09-13T13:33:32","modified_gmt":"2017-09-13T11:33:32","slug":"otvoreny-list-e-chmelara-gen-biskupovi-ecav","status":"publish","type":"post","link":"https:\/\/www.e-anjelik.sk\/index.php\/2017\/09\/13\/otvoreny-list-e-chmelara-gen-biskupovi-ecav\/","title":{"rendered":"Otvoren\u00fd list E.Chmel\u00e1ra gen.biskupovi ECAV"},"content":{"rendered":"<nav class=\"breadcrumb-trail breadcrumbs font-secondary\">\n<ul class=\"trail-items\">\n<li class=\"trail-item trail-end\">VYSTUPUJEM Z CIRKVI (otvoren\u00fd list gener\u00e1lnemu biskupovi ECAV na Slovensku Milo\u0161ovi Kl\u00e1tikovi)<\/li>\n<\/ul>\n<\/nav>\n<article id=\"post-381\" class=\"entry author-adminedochmelar-sk post-381 post type-post status-publish format-standard category-sekularna-etika category-uncategorized\">\n<header class=\"entry-header\">\n<h1 class=\"entry-title font-headlines\">VYSTUPUJEM Z CIRKVI (otvoren\u00fd list gener\u00e1lnemu biskupovi ECAV na Slovensku Milo\u0161ovi Kl\u00e1tikovi)<\/h1>\n<div class=\"entry-byline font-secondary\"><span class=\"entry-author\"><a class=\"url fn n\" title=\"Autor \u010dl\u00e1nku admin@edochmelar.sk\" href=\"http:\/\/edochmelar.sk\/author\/adminedochmelar-sk\/\" rel=\"author\">admin@edochmelar.sk<\/a><\/span> <time class=\"entry-published updated\" title=\"12. 9. 2017, 17:04\" datetime=\"2017-09-12T17:04:31+00:00\">12. septembra 2017<\/time><\/div>\n<\/header>\n<div class=\"entry-content\">\n<p><img loading=\"lazy\" decoding=\"async\" class=\"alignnone size-medium wp-image-383\" src=\"http:\/\/edochmelar.sk\/wp-content\/uploads\/2017\/09\/Fototapeta_sakr%C3%A1lna_Kr%C3%AD%C5%BE_42_jpg_large-300x200.jpg\" sizes=\"auto, (max-width: 300px) 100vw, 300px\" srcset=\"http:\/\/edochmelar.sk\/wp-content\/uploads\/2017\/09\/Fototapeta_sakr\u00e1lna_Kr\u00ed\u017e_42_jpg_large-300x200.jpg 300w, http:\/\/edochmelar.sk\/wp-content\/uploads\/2017\/09\/Fototapeta_sakr\u00e1lna_Kr\u00ed\u017e_42_jpg_large-768x512.jpg 768w, http:\/\/edochmelar.sk\/wp-content\/uploads\/2017\/09\/Fototapeta_sakr\u00e1lna_Kr\u00ed\u017e_42_jpg_large-750x500.jpg 750w, http:\/\/edochmelar.sk\/wp-content\/uploads\/2017\/09\/Fototapeta_sakr\u00e1lna_Kr\u00ed\u017e_42_jpg_large.jpg 900w\" alt=\"\" width=\"300\" height=\"200\" \/><\/p>\n<p>V\u00e1\u017een\u00fd p\u00e1n gener\u00e1lny biskup,<\/p>\n<p>&nbsp;<\/p>\n<p>p\u00ed\u0161em V\u00e1m v\u00a0hlbokom rozpolo\u017een\u00ed a\u00a0z\u00e1rove\u0148 sa ospravedl\u0148ujem, \u017ee som si nena\u0161iel \u010das na rozhovor, ktor\u00fd sme si pred \u010dasom s\u013e\u00fabili. Ako viete, poch\u00e1dzam zo starej evanjelickej rodiny, ktorej \u010dlenovia pre vieru ve\u013ea obetovali a vytrpeli \u2013 \u010di u\u017e v\u00a0krvav\u00fdch protireforma\u010dn\u00fdch z\u00e1pasoch v\u00a017. storo\u010d\u00ed alebo v\u00a0sporoch o\u00a0konfesijn\u00e9 a\u00a0jazykov\u00e9 pr\u00e1va v\u00a018. a\u00a019. storo\u010d\u00ed. Iste viete aj to, \u017ee som nikdy nebol horliv\u00fdm veriacim, ale v\u017edy som si hlboko ctil obrovsk\u00fd vklad slovenskej evanjelickej inteligencie do dej\u00edn na\u0161ej kult\u00fary a\u00a0c\u00edtil som sa s\u00a0t\u00fdmto spolo\u010denstvom sp\u00e4t\u00fd zaka\u017ed\u00fdm, ke\u010f ho prenasledovali, ohov\u00e1rali alebo mu krivdili. Dnes som v\u0161ak presved\u010den\u00fd, \u017ee pre pr\u00edslu\u0161nos\u0165 k\u00a0akejko\u013evek n\u00e1bo\u017eenskej \u010di sveton\u00e1zorovej skupine by sa mal \u010dlovek rozhodn\u00fa\u0165 s\u00e1m, dobrovo\u013ene a\u00a0v\u00a0dospelom veku. M\u0148a v\u0161ak pokrstili, ke\u010f som mal len tri t\u00fd\u017edne, v\u00a0kostole v\u00a0Pezinku, ktor\u00fd bol prv\u00fdm evanjelick\u00fdm chr\u00e1mom v\u00a0Uhorsku postavenom po toleran\u010dnom patente (na strednej \u0161kole som o\u00a0\u0148om nap\u00edsal pr\u00e1cu, ktor\u00e1 post\u00fapila a\u017e do celo\u0161t\u00e1tneho kola \u0160tudentskej odbornej \u010dinnosti). V\u017edy som zo \u017eartu hovorieval, \u017ee ma pokrstili ako protestanta v\u00a0\u010dase, ke\u010f som e\u0161te vo\u010di tomu nemohol protestova\u0165, a\u00a0tak protestujem dodnes\u2026<\/p>\n<p>&nbsp;<\/p>\n<p>S\u00a0evanjelickou cirkvou som v\u0161ak bol chtiac-nechtiac sp\u00e4t\u00fd odmali\u010dka. V\u00a0\u010dase, ke\u010f sme nemali kde b\u00fdva\u0165, n\u00e1s prich\u00fdlil na svoju faru pezinsk\u00fd evanjelick\u00fd far\u00e1r, univerzitn\u00fd profesor a\u00a0dlhoro\u010dn\u00fd dekan Evanjelickej bohosloveckej fakulty Univerzity Komensk\u00e9ho v\u00a0Bratislave Karol G\u00e1bri\u0161. To bol ve\u013ek\u00fd \u010dlovek. V\u00a0detstve som jeho pletky s\u00a0komunistickou mocou nevn\u00edmal, imponovala mi jeho m\u00fadros\u0165 a\u00a0hlbok\u00fd hlas, s\u00a0ktor\u00fdm mi v\u0161tepoval mravn\u00e9 ponau\u010denia tak autoritat\u00edvne, a\u017e ma vedel zelektrizova\u0165 a zahanbi\u0165 za moje drobn\u00e9 hunc\u00fatstva. Dodnes neviem, ako to robil. Tak trochu mi nahr\u00e1dzal otca. Nesk\u00f4r mi imponovala jeho anga\u017eovanos\u0165 v\u00a0medzin\u00e1rodnom mierovom hnut\u00ed, za\u010dal som hlb\u0161ie vn\u00edma\u0165, \u017ee je to jeden z\u00a0najv\u00fdznamnej\u0161\u00edch evanjelick\u00fdch intelektu\u00e1lov, ktor\u00fd mal hlavn\u00fd podiel na ekumenickom preklade Biblie do sloven\u010diny a\u00a0spolu s\u00a0Milanom R\u00fafusom prelo\u017eil \u017dalmy a\u00a0Ve\u013epiese\u0148 \u0160alam\u00fanovu. Pre m\u0148a to v\u0161ak bol ove\u013ea bli\u017e\u0161\u00ed, osobnej\u0161\u00ed \u010dlovek. Moja star\u00e1 mama bola z\u00a0na\u0161ich kontaktov nad\u0161en\u00e1, v\u017edy toti\u017e chcela, aby som \u0161tudoval teol\u00f3giu a\u00a0stal sa kazate\u013eom, \u010do mi v\u00a0tom \u010dase pripadalo e\u0161te absurdnej\u0161ie ako dnes. Jedn\u00e9ho d\u0148a mi v\u0161ak p\u00e1n profesor daroval na moje 19. narodeniny \u010derstv\u00fd v\u00fdtla\u010dok staroz\u00e1konn\u00fdch apokryfov, ktor\u00e9 s\u00e1m prelo\u017eil. Odpor\u00fa\u010dal mi, aby som ich \u010d\u00edtal bez predsudkov, ako po\u00e9ziu. Azda d\u00fafal, \u017ee ma t\u00fdm viac pritiahne k\u00a0viere (podobne ako ke\u010f mi star\u00e1 mama darovala na 18. narodeniny moju prv\u00fa Bibliu), no stal sa prav\u00fd opak. Uvedomil som si, \u017ee hlbok\u00e1 duchovn\u00e1 m\u00fadros\u0165 sa skr\u00fdva aj mimo kanonick\u00fdch textov a\u00a0za\u010dal som sa zauj\u00edma\u0165 o\u00a0in\u00e9 n\u00e1bo\u017eenstv\u00e1.<\/p>\n<p>&nbsp;<\/p>\n<p>Postupne som si utv\u00e1ral vlastn\u00fd sveton\u00e1zor zalo\u017een\u00fd na poznan\u00ed, \u017ee v\u0161etky n\u00e1bo\u017eensk\u00e9 a\u00a0filozofick\u00e9 smery sa v\u00a0etickej rovine usiluj\u00fa o\u00a0to ist\u00e9 (o\u00a0sebaovl\u00e1danie ako \u017eivotn\u00fd princ\u00edp) r\u00f4znymi cestami a\u00a0\u017ee ak sa v\u00a0tejto s\u00fa\u0165a\u017ei kumulovan\u00fdch n\u00e1rokov na v\u00fdlu\u010dn\u00fa pravdu nem\u00e1me navz\u00e1jom zni\u010di\u0165, potrebujeme neutr\u00e1lnu platformu, na ktorej m\u00f4\u017ee pr\u00eds\u0165 k\u00a0obohacuj\u00facemu dial\u00f3gu, a\u00a0tou je sekul\u00e1rna etika. Dial\u00f3g v\u00a0tomto pr\u00edpade neznamen\u00e1, \u017ee to, \u010do sme doteraz pova\u017eovali za pravdu, hod\u00edme za hlavu. Skuto\u010dn\u00fd dial\u00f3g m\u00f4\u017eu vies\u0165 iba \u013eudia, ktor\u00ed maj\u00fa svoj n\u00e1zor, ale s\u00fa ochotn\u00ed navz\u00e1jom sa po\u010d\u00fava\u0165 a\u00a0jeden od druh\u00e9ho sa u\u010di\u0165. Tak\u00fdto dial\u00f3g znamen\u00e1 uzn\u00e1va\u0165 pravdu druh\u00e9ho i\u00a0vlastn\u00e9 slabiny, nevyslovova\u0165 pravdu ur\u00e1\u017elivo, ale l\u00e1skavo, zbavova\u0165 polemiku jedu, ktor\u00fd sp\u00f4sobuje roztr\u017eku. Pr\u00e1ve tieto \u00falohy pova\u017eujem za najd\u00f4le\u017eitej\u0161ie a\u00a0pr\u00e1ve v\u00a0nich cirkvi na Slovensku dlhodobo zlyh\u00e1vaj\u00fa. V\u00a0duchovn\u00fdch dejin\u00e1ch z\u00e1padnej civiliz\u00e1cie vn\u00edmam v\u00a0zhode s\u00a0v\u00fdznamn\u00fdm evanjelick\u00fdm cirkevn\u00fdm historikom Carlom Andersenom tri ve\u013ek\u00e9 obdobia: obdobie univerzalizmu (patristika a\u00a0stredovek), obdobie konfesionalizmu (rozkol v\u00a0kres\u0165anstve a\u00a0vznik nov\u00fdch cirkv\u00ed) a\u00a0obdobie ekumenizmu (h\u013eadanie dial\u00f3gu). Mysl\u00edm si, \u017ee toto delenie plat\u00ed viac-menej aj na in\u00e9 civiliz\u00e1cie a\u00a0glob\u00e1lny \u00e9tos ako tak\u00fd. To, \u010do dnes ak\u00fatne potrebujeme pre pre\u017eitie a\u00a0\u010fal\u0161\u00ed civiliza\u010dn\u00fd rozvoj, nie je zjednocovanie \u013eud\u00ed pod z\u00e1stavami vlastnej pravdy, ale \u00faprimn\u00e1 snaha o\u00a0dial\u00f3g, porozumenie, vz\u00e1jomn\u00fd re\u0161pekt a\u00a0\u00factu v\u00a0\u010doraz r\u00f4znorodej\u0161om svete.<\/p>\n<p>&nbsp;<\/p>\n<p>\u017dia\u013e, tento trend nezachytila a\u00a0nepochopila evanjelick\u00e1 cirkev, ktor\u00e1 je tradi\u010dne, hoci zrejme mylne, pova\u017eovan\u00e1 za otvorenej\u0161iu a\u00a0tolerantnej\u0161iu, ale dvaja ve\u013ek\u00ed duchovn\u00ed u\u010ditelia modernej doby, p\u00e1pe\u017e Franti\u0161ek a\u00a0\u0161trn\u00e1sty dalajl\u00e1ma. Obaja, nez\u00e1visle na sebe, hl\u00e1saj\u00fa potrebu prekro\u010denia \u00fazkych n\u00e1bo\u017eensk\u00fdch hran\u00edc. Dalajl\u00e1ma hovor\u00ed otvorene o\u00a0sekul\u00e1rnej etike a\u00a0p\u00e1pe\u017e zd\u00f4raz\u0148uje, \u017ee sekularizmus je k\u013e\u00fa\u010dom k\u00a0\u00faspe\u0161nej mierovej bud\u00facnosti. Je to od nich nesmierna odvaha, lebo obaja stoja na \u010dele ve\u013ek\u00fdch svetov\u00fdch n\u00e1bo\u017eenstiev, no obaja c\u00edtia, \u017ee n\u00e1bo\u017eensk\u00e1 v\u00fdlu\u010dnos\u0165 na mravn\u00e9 zlep\u0161enie sveta nesta\u010d\u00ed. Evanjelick\u00e1 cirkev na Slovensku akoby st\u00e1la mimo t\u00fdchto pr\u00fadov. Kedysi do nej \u013eudia vstupovali s\u00a0t\u00fa\u017ebou po v\u00e4\u010d\u0161ej slobode. Pr\u00e1ve reform\u00e1cia spochybnila centr\u00e1lnu neomyln\u00fa autoritu v\u00a0myslen\u00ed a\u00a0rehabilitovala slobodn\u00fa v\u00f4\u013eu \u010dloveka dovtedy nev\u00eddan\u00fdm sp\u00f4sobom, tak\u017ee jej v\u00fdznam prekro\u010dil hranice konfesie. Stala sa dejinn\u00fdm motorom moderniz\u00e1cie. Prv\u00fd slovensk\u00fd ateista J\u00e1n Hor\u00e1rik prest\u00fapil v\u00a019. storo\u010d\u00ed z\u00a0katol\u00edckej cirkvi do evanjelickej, lebo len t\u00e1 bola schopn\u00e1 ochr\u00e1ni\u0165 jeho slobodomyse\u013enos\u0165. Dnes sa tento osvieten\u00fd pr\u00edstup vytratil.<\/p>\n<p>&nbsp;<\/p>\n<p>Nes\u00fadim V\u00e1\u0161 poh\u013ead na mnoh\u00e9 ot\u00e1zky spolo\u010densk\u00e9ho \u017eivota, s\u00a0ktor\u00fdmi nes\u00fahlas\u00edm. Ale <strong>c\u00edtim, \u017ee medzi v\u00e1s u\u017e nepatr\u00edm, a\u00a0preto bude poctivej\u0161ie nepredstiera\u0165, \u017ee som e\u0161te evanjelikom<\/strong>. Prv\u00fd raz som o\u00a0tejto pr\u00edslu\u0161nosti zapochyboval, ke\u010f ste doslova vyhodili na dla\u017ebu \u010derstvo \u017eenat\u00e9ho otca dvoch b\u00e1b\u00e4tiek \u2013 dvoji\u010diek, evanjelick\u00e9ho k\u0148aza Jakuba Pavl\u00fasa a\u00a0spochybnili jeho pr\u00e1vo na vlastn\u00fd n\u00e1zor. Poh\u00e1r mojej trpezlivosti v\u0161ak pretiekol, ke\u010f ste od\u0148ali jedn\u00e9mu zo svojich najv\u00fdraznej\u0161\u00edch teol\u00f3gov, docentovi Ondrejovi Prostredn\u00edkovi, kanonick\u00fa misiu a\u00a0zbavili ho tak mo\u017enosti u\u010di\u0165, ktor\u00e1 je jeho celo\u017eivotn\u00fdm poslan\u00edm.<\/p>\n<p>&nbsp;<\/p>\n<p>Nemus\u00edm vo v\u0161etkom s\u00a0p\u00e1nom Prostredn\u00edkom s\u00fahlasi\u0165, ale som zhrozen\u00fd z\u00a0inkviz\u00edtorsky laden\u00e9ho stanoviska Zboru biskupov ECAV na Slovensku a\u00a0nespozn\u00e1vam v\u00a0\u0148om cirkev svojich predkov. Dovo\u013ete mi poveda\u0165, \u017ee rob\u00edte hrozn\u00fa chybu. V\u00a0dne\u0161nom svete, z\u00a0ktor\u00e9ho sa vytr\u00e1ca vz\u00e1jomn\u00e1 \u00facta, porozumenie a ochota re\u0161pektova\u0165 jeden druh\u00e9ho, v\u00a0ktorom sa stup\u0148uje nen\u00e1vis\u0165, nevra\u017eivos\u0165, predsudky, konflikty a\u00a0otvoren\u00e9 n\u00e1silie, cirkev potrebuje pr\u00e1ve \u013eud\u00ed ako Ondrej Prostredn\u00edk, potrebuje citliv\u00fdch znalcov \u013eudskej du\u0161e s\u00a0empatiou v\u00a0srdci, ktor\u00ed \u0161\u00edria l\u00e1sku, \u017ei\u010dlivos\u0165 a\u00a0potrebu zmierenia. \u010co in\u00e9 by malo by\u0165 va\u0161\u00edm poslan\u00edm? Na \u010do in\u00e9 v\u00e1s spolo\u010dnos\u0165 potrebuje, ak namiesto porozumenia s\u00fadite, ak namiesto l\u00e1sky zost\u00e1vate \u013eahostajn\u00ed k\u00a0bolestiam a\u00a0tr\u00e1peniam \u010dasti obyvate\u013estva. Tomu, \u010do rie\u0161ite, rozumie \u010doraz men\u0161ia \u010das\u0165 spolo\u010dnosti, a\u00a0t\u00fdm aj upad\u00e1 v\u00e1\u0161 vplyv. Ak s\u00fa pre v\u00e1s d\u00f4le\u017eitej\u0161ie stredovek\u00e9 dogmy ako pomoc bl\u00ed\u017enemu, o\u00a0\u010do v\u00e1m ide? O\u00a0moc alebo o\u00a0pravdu? O\u00a0poslu\u0161nos\u0165 alebo o\u00a0l\u00e1sku? Ve\u010f pr\u00e1ve l\u00e1ska, t\u00e1 najmocnej\u0161ia hodnota, ktor\u00e1 m\u00e1 schopnos\u0165 meni\u0165 \u010dloveka a\u00a0ktor\u00e1 premenila aj apo\u0161tola Pavla, je to, \u010do si ctia na kres\u0165anstve aj neveriaci. \u010co v\u00e1m zostane bez nej?<\/p>\n<p>&nbsp;<\/p>\n<p>Chcel by som veri\u0165, \u017ee svoj postoj k\u00a0tomuto vz\u00e1cnemu \u010dloveku e\u0161te prehodnot\u00edte. Ak nechce evanjelick\u00e1 cirkev stagnova\u0165 alebo upada\u0165, potrebuje pr\u00e1ve kazate\u013eov ako Ondrej Prostredn\u00edk, ktor\u00ed dok\u00e1\u017eu sprostredkova\u0165 \u017eiv\u00fa sk\u00fasenos\u0165 s\u00a0duchovnom aj \u013eu\u010fom, ktor\u00ed pochybuj\u00fa a\u00a0pritiahnu\u0165 ich do spolo\u010denstva. Neupieram v\u00e1m pr\u00e1vo na vlastn\u00e9 presved\u010denie. Ale z\u00a0d\u00f4vodov, ktor\u00e9 som uviedol vy\u0161\u0161ie, sa na tomto mieste na\u0161e cesty rozch\u00e1dzaj\u00fa. Ja tieto veci napravi\u0165 nem\u00f4\u017eem, mne m\u00f4\u017ee by\u0165 iba \u013e\u00fato, \u010do sa deje v\u00a0evanjelickej cirkvi. A\u00a0to mi teda je. <strong>Prijmite preto, pros\u00edm, moje rozhodnutie vyst\u00fapi\u0165 aj form\u00e1lne z v\u00e1\u0161ho spolo\u010denstva.<\/strong> Nech\u00e1pte tento m\u00f4j krok ako v\u00fdraz nepriate\u013estva vo\u010di cirkvi \u010di\u00a0V\u00e1m osobne. Naopak, kedyko\u013evek ma bude evanjelick\u00e1 cirkev potrebova\u0165 ako spojenca pri \u0161\u00edren\u00ed mieru, priate\u013estva a\u00a0dial\u00f3gu medzi \u013eu\u010fmi i\u00a0civiliz\u00e1ciami, ve\u013emi r\u00e1d pom\u00f4\u017eem. Ale ako hovorieval Luther, tu stoj\u00edm a\u00a0nem\u00f4\u017eem inak.<\/p>\n<p>&nbsp;<\/p>\n<p>S\u00a0priate\u013esk\u00fdm pozdravom<\/p>\n<p>&nbsp;<\/p>\n<p>V\u00e1\u0161 brat v\u00a0mieri a dial\u00f3gu<\/p>\n<p>&nbsp;<\/p>\n<p>Eduard Chmel\u00e1r<\/p>\n<\/div>\n<footer class=\"entry-footer font-secondary\"><span class=\"entry-terms category\">Zaraden\u00e9 do: <a href=\"http:\/\/edochmelar.sk\/category\/sekularna-etika\/\" rel=\"tag\">Sekul\u00e1rna etika<\/a>, <a href=\"http:\/\/edochmelar.sk\/category\/uncategorized\/\" rel=\"tag\">Uncategorized<\/a><\/span><\/footer>\n<\/article>\n","protected":false},"excerpt":{"rendered":"<p>VYSTUPUJEM Z CIRKVI (otvoren\u00fd list gener\u00e1lnemu biskupovi ECAV na Slovensku Milo\u0161ovi Kl\u00e1tikovi) VYSTUPUJEM Z CIRKVI (otvoren\u00fd list gener\u00e1lnemu biskupovi ECAV na Slovensku Milo\u0161ovi Kl\u00e1tikovi) admin@edochmelar.sk 12. septembra 2017 V\u00e1\u017een\u00fd p\u00e1n gener\u00e1lny biskup, &nbsp; p\u00ed\u0161em V\u00e1m v\u00a0hlbokom rozpolo\u017een\u00ed a\u00a0z\u00e1rove\u0148 sa ospravedl\u0148ujem, \u017ee som si nena\u0161iel \u010das na rozhovor, ktor\u00fd sme si pred \u010dasom s\u013e\u00fabili. Ako viete, &#8230; <a title=\"Otvoren\u00fd list E.Chmel\u00e1ra gen.biskupovi ECAV\" class=\"read-more\" href=\"https:\/\/www.e-anjelik.sk\/index.php\/2017\/09\/13\/otvoreny-list-e-chmelara-gen-biskupovi-ecav\/\" aria-label=\"Pre\u010d\u00edtajte si viac o Otvoren\u00fd list E.Chmel\u00e1ra gen.biskupovi ECAV\">\u010c\u00edta\u0165 viac<\/a><\/p>\n","protected":false},"author":4,"featured_media":0,"comment_status":"open","ping_status":"open","sticky":false,"template":"","format":"standard","meta":{"footnotes":""},"categories":[94],"tags":[],"class_list":["post-31468","post","type-post","status-publish","format-standard","hentry","category-politika"],"_links":{"self":[{"href":"https:\/\/www.e-anjelik.sk\/index.php\/wp-json\/wp\/v2\/posts\/31468","targetHints":{"allow":["GET"]}}],"collection":[{"href":"https:\/\/www.e-anjelik.sk\/index.php\/wp-json\/wp\/v2\/posts"}],"about":[{"href":"https:\/\/www.e-anjelik.sk\/index.php\/wp-json\/wp\/v2\/types\/post"}],"author":[{"embeddable":true,"href":"https:\/\/www.e-anjelik.sk\/index.php\/wp-json\/wp\/v2\/users\/4"}],"replies":[{"embeddable":true,"href":"https:\/\/www.e-anjelik.sk\/index.php\/wp-json\/wp\/v2\/comments?post=31468"}],"version-history":[{"count":1,"href":"https:\/\/www.e-anjelik.sk\/index.php\/wp-json\/wp\/v2\/posts\/31468\/revisions"}],"predecessor-version":[{"id":31469,"href":"https:\/\/www.e-anjelik.sk\/index.php\/wp-json\/wp\/v2\/posts\/31468\/revisions\/31469"}],"wp:attachment":[{"href":"https:\/\/www.e-anjelik.sk\/index.php\/wp-json\/wp\/v2\/media?parent=31468"}],"wp:term":[{"taxonomy":"category","embeddable":true,"href":"https:\/\/www.e-anjelik.sk\/index.php\/wp-json\/wp\/v2\/categories?post=31468"},{"taxonomy":"post_tag","embeddable":true,"href":"https:\/\/www.e-anjelik.sk\/index.php\/wp-json\/wp\/v2\/tags?post=31468"}],"curies":[{"name":"wp","href":"https:\/\/api.w.org\/{rel}","templated":true}]}}