{"id":31470,"date":"2017-09-13T14:48:09","date_gmt":"2017-09-13T12:48:09","guid":{"rendered":"http:\/\/e-anjelik.sk\/?p=31470"},"modified":"2019-02-22T15:26:26","modified_gmt":"2019-02-22T14:26:26","slug":"spomienkova-slavnost-na-j-m-hurbana-a-odhalenie-pamatnej-tabule-v-hlbokom","status":"publish","type":"post","link":"https:\/\/www.e-anjelik.sk\/index.php\/2017\/09\/13\/spomienkova-slavnost-na-j-m-hurbana-a-odhalenie-pamatnej-tabule-v-hlbokom\/","title":{"rendered":"Spomienkov\u00e1 sl\u00e1vnos\u0165 na J.M.Hurbana a odhalenie pam\u00e4tnej tabule v Hlbokom"},"content":{"rendered":"<p>ECAV na Slovensku<\/p>\n<p>( spolu s Trnavsk\u00fdm samospr\u00e1vmym krajom,obcou Hlbok\u00e9, Z\u00e1horsk\u00fdm osvetov\u00fdm centrom Senica a Z\u00e1horsk\u00fdm m\u00fazeom Skalica) poz\u00fdvaj\u00fa na<\/p>\n<p>Spomienkov\u00fa sl\u00e1vnos\u0165 a odhalenie pam\u00e4tnej tabule Jozefa Miloslava Hurbana v Hlbokom 17.se\u00fatembra 2017,<\/p>\n<p>pri 200.v\u00fdro\u010d\u00ed narodenia J.M.Hurbana.<\/p>\n<p>Program:<\/p>\n<p>9.00 Stretnutie host\u00ed na Obecnom \u00farade Hlbok\u00e9<\/p>\n<p>10.00 Sl\u00e1vnostn\u00e9 slu\u017eby Bo\u017eie &#8211; evanjelick\u00fd kostol, sl\u00e1vnostn\u00fd kazate\u013e: gener\u00e1lny biskup ECAV Milo\u0161 Kl\u00e1tik<\/p>\n<p>Komorn\u00fd spev\u00e1cky zbor ECAV Senica<\/p>\n<p>\/ priamy prenos SLB v RTVS &#8211; STV na Dvojke\/<\/p>\n<p>&nbsp;<\/p>\n<p>presun k Mohyle J.M.Hurbana na cintor\u00edne<\/p>\n<p>&nbsp;<\/p>\n<p>11:45 Sl\u00e1vnos\u0165 pri mohyle J.M.Hurbana<\/p>\n<p>hymna SR &#8211; Komorn\u00fd spev\u00e1cky zbor ECAV Senica<\/p>\n<p>b\u00e1se\u0148: Juaj Sarva\u0161<\/p>\n<p>pr\u00edhovory host\u00ed<\/p>\n<p>zasadenie lipy<\/p>\n<p>hymnick\u00fd\u00e1 piese\u0148: komorn\u00fd spev\u00e1cky zbor ECAV Senica<\/p>\n<p>&nbsp;<\/p>\n<p>presun k Pam\u00e4tnej izbe J.M.Hurbana<\/p>\n<p>&nbsp;<\/p>\n<p>12.30 \u00a0Sl\u00e1vnostn\u00e9\u00e9 odhalenie Pam\u00e4tnej tabule J.M.Hurbana<\/p>\n<p>Piese\u0148: Ivan O\u017ev\u00e1t<\/p>\n<p>pr\u00edhovor predsedu TTSK Tibora Miku\u0161a<\/p>\n<p>sl\u00e1vnostn\u00e9 odhalenie Pam\u00e4tnej tabule J.M.Hurbana<\/p>\n<p>prehliadka Pam\u00e4tnej izby J.M.Hurbana<\/p>\n<p>&nbsp;<\/p>\n<p>Po sl\u00e1vnosti: pr\u00edpitok v ev. fare<\/p>\n<p>SL\u00c1VA \u00a0N\u00c1RODA HODN\u00c1 JE OBET\u00cd<\/p>\n<p>&nbsp;<\/p>\n","protected":false},"excerpt":{"rendered":"<p>ECAV na Slovensku ( spolu s Trnavsk\u00fdm samospr\u00e1vmym krajom,obcou Hlbok\u00e9, Z\u00e1horsk\u00fdm osvetov\u00fdm centrom Senica a Z\u00e1horsk\u00fdm m\u00fazeom Skalica) poz\u00fdvaj\u00fa na Spomienkov\u00fa sl\u00e1vnos\u0165 a odhalenie pam\u00e4tnej tabule Jozefa Miloslava Hurbana v Hlbokom 17.se\u00fatembra 2017, pri 200.v\u00fdro\u010d\u00ed narodenia J.M.Hurbana. Program: 9.00 Stretnutie host\u00ed na Obecnom \u00farade Hlbok\u00e9 10.00 Sl\u00e1vnostn\u00e9 slu\u017eby Bo\u017eie &#8211; evanjelick\u00fd kostol, sl\u00e1vnostn\u00fd kazate\u013e: gener\u00e1lny &#8230; <a title=\"Spomienkov\u00e1 sl\u00e1vnos\u0165 na J.M.Hurbana a odhalenie pam\u00e4tnej tabule v Hlbokom\" class=\"read-more\" href=\"https:\/\/www.e-anjelik.sk\/index.php\/2017\/09\/13\/spomienkova-slavnost-na-j-m-hurbana-a-odhalenie-pamatnej-tabule-v-hlbokom\/\" aria-label=\"Pre\u010d\u00edtajte si viac o Spomienkov\u00e1 sl\u00e1vnos\u0165 na J.M.Hurbana a odhalenie pam\u00e4tnej tabule v Hlbokom\">\u010c\u00edta\u0165 viac<\/a><\/p>\n","protected":false},"author":4,"featured_media":0,"comment_status":"open","ping_status":"open","sticky":false,"template":"","format":"standard","meta":{"footnotes":""},"categories":[1,73,176,14,68],"tags":[],"class_list":["post-31470","post","type-post","status-publish","format-standard","hentry","category-adventna-modlitba","category-ecav","category-hlboke","category-osobnosti","category-zapadny-distrikt"],"_links":{"self":[{"href":"https:\/\/www.e-anjelik.sk\/index.php\/wp-json\/wp\/v2\/posts\/31470","targetHints":{"allow":["GET"]}}],"collection":[{"href":"https:\/\/www.e-anjelik.sk\/index.php\/wp-json\/wp\/v2\/posts"}],"about":[{"href":"https:\/\/www.e-anjelik.sk\/index.php\/wp-json\/wp\/v2\/types\/post"}],"author":[{"embeddable":true,"href":"https:\/\/www.e-anjelik.sk\/index.php\/wp-json\/wp\/v2\/users\/4"}],"replies":[{"embeddable":true,"href":"https:\/\/www.e-anjelik.sk\/index.php\/wp-json\/wp\/v2\/comments?post=31470"}],"version-history":[{"count":1,"href":"https:\/\/www.e-anjelik.sk\/index.php\/wp-json\/wp\/v2\/posts\/31470\/revisions"}],"predecessor-version":[{"id":31471,"href":"https:\/\/www.e-anjelik.sk\/index.php\/wp-json\/wp\/v2\/posts\/31470\/revisions\/31471"}],"wp:attachment":[{"href":"https:\/\/www.e-anjelik.sk\/index.php\/wp-json\/wp\/v2\/media?parent=31470"}],"wp:term":[{"taxonomy":"category","embeddable":true,"href":"https:\/\/www.e-anjelik.sk\/index.php\/wp-json\/wp\/v2\/categories?post=31470"},{"taxonomy":"post_tag","embeddable":true,"href":"https:\/\/www.e-anjelik.sk\/index.php\/wp-json\/wp\/v2\/tags?post=31470"}],"curies":[{"name":"wp","href":"https:\/\/api.w.org\/{rel}","templated":true}]}}