{"id":31474,"date":"2017-09-15T16:07:59","date_gmt":"2017-09-15T14:07:59","guid":{"rendered":"http:\/\/e-anjelik.sk\/?p=31474"},"modified":"2017-09-15T16:07:59","modified_gmt":"2017-09-15T14:07:59","slug":"konferencia-500-rokov-reformacie-na-slovensku","status":"publish","type":"post","link":"https:\/\/www.e-anjelik.sk\/index.php\/2017\/09\/15\/konferencia-500-rokov-reformacie-na-slovensku\/","title":{"rendered":"Konferencia &#8222;500 rokov reform\u00e1cie na Slovensku&#8220;"},"content":{"rendered":"<p>Mil\u00e9 sestry, mil\u00ed bratia, v roku 2017 si zna\u010dn\u00e1 \u010das\u0165 celosvetovej popul\u00e1cie pripom\u00edna 500. v\u00fdro\u010die reform\u00e1cie. Reform\u00e1cia ovplyvnila nielen smerovanie cirkvi, ale priniesla i mnoho zmien v oblasti rozvoja spolo\u010denskokult\u00farneho,<br \/>\npolitick\u00e9ho a ekonomick\u00e9ho \u017eivota, ktor\u00fd sa roz\u0161\u00edril z eur\u00f3pskeho kontinentu do v\u0161etk\u00fdch k\u00fatov sveta.<br \/>\nNa 500. v\u00fdro\u010die reform\u00e1cie sa v tomto roku upriamuje pozornos\u0165 svetov\u00fdch m\u00e9di\u00ed. Prvou v\u00fdznamnou ekumenickou spomienkou na reform\u00e1ciu bolo evanjelicko-katol\u00edcke stretnutie 31. okt\u00f3bra 2016 v evanjelickej katedr\u00e1le v Lunde vo \u0160v\u00e9dsku za \u00fa\u010dasti p\u00e1pe\u017ea Franti\u0161ka. Vrcholom osl\u00e1v bude sl\u00e1vnos\u0165 pripomienky 500. v\u00fdro\u010dia reform\u00e1cie d\u0148a 31. okt\u00f3bra 2017 vo Wittenbergu.<br \/>\nV tomto roku prebieha mno\u017estvo v\u00fdznamn\u00fdch medzin\u00e1rodn\u00fdch akademick\u00fdch podujat\u00ed.<br \/>\nEvanjelick\u00e1 bohosloveck\u00e1 fakulta Univerzity Komensk\u00e9ho v Bratislave sa taktie\u017e zapoj\u00ed do akademickej diskusie pri pr\u00edle\u017eitosti tohto v\u00fdznamn\u00e9ho jubilea. V d\u0148och 12. &#8211; 15. septembra t.r. sa kon\u00e1 medzin\u00e1rodn\u00e9 vedeck\u00e9 symp\u00f3zium nes\u00face n\u00e1zov: \u201e500 rokov reform\u00e1cie na Slovensku\u201c.<br \/>\nJe n\u00e1m c\u0165ou, \u017ee nad podujat\u00edm prevzal z\u00e1\u0161titu prezident Slovenskej republiky p\u00e1n Andrej Kiska.<br \/>\nSvoju \u00fa\u010das\u0165 a podporu vyjadril aj ve\u013evyslanec Nemeckej spolkovej republiky. Slovensk\u00e9 n\u00e1rodn\u00e9 m\u00fazeum vyjadrilo svoju podporu symp\u00f3ziu vo forme v\u00fdstavy o reform\u00e1cii.<br \/>\nSymp\u00f3zium obohatia pr\u00edspevky 71 predn\u00e1\u0161ate\u013eov z \u010ceskej republiky, Izraela, Kanady, Nemeckej spolkovej republiky, N\u00f3rska, Rak\u00faskej republiky, Ruskej feder\u00e1cie, Slovenskej republiky a USA.<br \/>\nHlavn\u00fdm predn\u00e1\u0161ate\u013eom je celosvetovo uzn\u00e1van\u00fd odborn\u00edk prof. Robert A. Kolb z Concordia Seminary, St. Louis, USA.<br \/>\nV\u00e1\u017een\u00ed \u010ditatelia, dovo\u013ete mi, aby som V\u00e1s t\u00fdmto srde\u010dne pozval na medzin\u00e1rodn\u00e9 vedeck\u00e9 symp\u00f3zium \u201e500 rokov reform\u00e1cie na Slovensku\u201c.<br \/>\nZost\u00e1vam s \u00factiv\u00fdm pozdravom, V Bratislave, d\u0148a 05. septembra 2017<br \/>\ndoc. \u013dubom\u00edr Batka, Dr. theol. dekan EBF UK<\/p>\n","protected":false},"excerpt":{"rendered":"<p>Mil\u00e9 sestry, mil\u00ed bratia, v roku 2017 si zna\u010dn\u00e1 \u010das\u0165 celosvetovej popul\u00e1cie pripom\u00edna 500. v\u00fdro\u010die reform\u00e1cie. Reform\u00e1cia ovplyvnila nielen smerovanie cirkvi, ale priniesla i mnoho zmien v oblasti rozvoja spolo\u010denskokult\u00farneho, politick\u00e9ho a ekonomick\u00e9ho \u017eivota, ktor\u00fd sa roz\u0161\u00edril z eur\u00f3pskeho kontinentu do v\u0161etk\u00fdch k\u00fatov sveta. Na 500. v\u00fdro\u010die reform\u00e1cie sa v tomto roku upriamuje pozornos\u0165 svetov\u00fdch &#8230; <a title=\"Konferencia &#8222;500 rokov reform\u00e1cie na Slovensku&#8220;\" class=\"read-more\" href=\"https:\/\/www.e-anjelik.sk\/index.php\/2017\/09\/15\/konferencia-500-rokov-reformacie-na-slovensku\/\" aria-label=\"Pre\u010d\u00edtajte si viac o Konferencia &#8222;500 rokov reform\u00e1cie na Slovensku&#8220;\">\u010c\u00edta\u0165 viac<\/a><\/p>\n","protected":false},"author":1,"featured_media":0,"comment_status":"open","ping_status":"open","sticky":false,"template":"","format":"standard","meta":{"footnotes":""},"categories":[1],"tags":[],"class_list":["post-31474","post","type-post","status-publish","format-standard","hentry","category-adventna-modlitba"],"_links":{"self":[{"href":"https:\/\/www.e-anjelik.sk\/index.php\/wp-json\/wp\/v2\/posts\/31474","targetHints":{"allow":["GET"]}}],"collection":[{"href":"https:\/\/www.e-anjelik.sk\/index.php\/wp-json\/wp\/v2\/posts"}],"about":[{"href":"https:\/\/www.e-anjelik.sk\/index.php\/wp-json\/wp\/v2\/types\/post"}],"author":[{"embeddable":true,"href":"https:\/\/www.e-anjelik.sk\/index.php\/wp-json\/wp\/v2\/users\/1"}],"replies":[{"embeddable":true,"href":"https:\/\/www.e-anjelik.sk\/index.php\/wp-json\/wp\/v2\/comments?post=31474"}],"version-history":[{"count":2,"href":"https:\/\/www.e-anjelik.sk\/index.php\/wp-json\/wp\/v2\/posts\/31474\/revisions"}],"predecessor-version":[{"id":31478,"href":"https:\/\/www.e-anjelik.sk\/index.php\/wp-json\/wp\/v2\/posts\/31474\/revisions\/31478"}],"wp:attachment":[{"href":"https:\/\/www.e-anjelik.sk\/index.php\/wp-json\/wp\/v2\/media?parent=31474"}],"wp:term":[{"taxonomy":"category","embeddable":true,"href":"https:\/\/www.e-anjelik.sk\/index.php\/wp-json\/wp\/v2\/categories?post=31474"},{"taxonomy":"post_tag","embeddable":true,"href":"https:\/\/www.e-anjelik.sk\/index.php\/wp-json\/wp\/v2\/tags?post=31474"}],"curies":[{"name":"wp","href":"https:\/\/api.w.org\/{rel}","templated":true}]}}