{"id":31483,"date":"2017-09-22T11:15:49","date_gmt":"2017-09-22T09:15:49","guid":{"rendered":"http:\/\/e-anjelik.sk\/?p=31483"},"modified":"2017-09-22T11:15:49","modified_gmt":"2017-09-22T09:15:49","slug":"m-luther-v-osn","status":"publish","type":"post","link":"https:\/\/www.e-anjelik.sk\/index.php\/2017\/09\/22\/m-luther-v-osn\/","title":{"rendered":"M .Luther v OSN"},"content":{"rendered":"<p>19. 9. 2017 18:35<\/p>\n<p><b>Projev prezidenta Milo\u0161e Zemana ve v\u0161eobecn\u00e9 rozprav\u011b Valn\u00e9ho shrom\u00e1\u017ed\u011bn\u00ed OSN.<\/b><\/p>\n<p>&nbsp;<\/p>\n<p>Popisek: <b>Prezident Milo\u0161 Zeman p\u0159i projevu v OSN<\/b><\/p>\n<p>Kdy\u017e jsem byl je\u0161t\u011b relativn\u011b mlad\u00fd mu\u017e, byl jsem hluboce ovlivn\u011bn dv\u011bma knihami. Jedna z nich byla Konec d\u011bjin od Francise Fukuyamy a druh\u00e1 St\u0159et civilizace od Samuela P. Huntingtona.<\/p>\n<p>&nbsp;<\/p>\n<p>Fukuyamova kniha tak trochu p\u0159ipom\u00ednala Brave New World, tedy novou utopii, \u017ee ka\u017ed\u00e1 zem\u011b m\u00e1 stejn\u00fd politick\u00fd syst\u00e9m, kter\u00fd je zalo\u017een na liber\u00e1ln\u00ed parlamentn\u00ed demokracii. P\u011bkn\u00fd sen, ale nic v\u00edc. Ov\u0161em Huntington byl realisti\u010dt\u011bj\u0161\u00ed a cyni\u010dt\u011bj\u0161\u00ed a p\u0159edv\u00eddal konflikty. V jednom z jeho \u010dl\u00e1nku t\u00fdkaj\u00edc\u00edm se zahrani\u010dn\u00ed politiky mluvil o krvav\u00fdch hranic\u00edch isl\u00e1mu. My p\u0159ed sebou nyn\u00ed m\u00e1me nov\u00fd typ civilizace. Nazval bych ji anticivilizac\u00ed, kter\u00e1 se vytvo\u0159ila v posledn\u00edch 20-30 letech. Hlavn\u00edm jej\u00edm rysem je fakt, \u017ee je zalo\u017eena na teroru. Na teroru a ni\u010dem jin\u00e9m.<\/p>\n<p>&nbsp;<\/p>\n<p>V sou\u010dasn\u00e9 dob\u011b to vid\u00edme v souvislosti s teroristick\u00fdmi \u00fatoky v Evrop\u011b a nejenom tam, pos\u00edl\u00e1me kondolence, vyjad\u0159ujeme solidaritu s ob\u011b\u0165mi, po\u0159\u00e1d\u00e1me protesty a demonstrace. Jinak ale bohu\u017eel v\u00e1h\u00e1me, abychom s nimi bojovali plnou silou. Mus\u00edm p\u0159ipustit, \u017ee p\u0159ed rokem jsem zde kritizoval, \u017ee OSN nen\u00ed schopna definovat slovo terorismus. Nyn\u00ed se mus\u00edm poopravit a \u0159\u00edci, \u017ee OSN toho nen\u00ed schopn\u00e1 ani po 70 letech.<\/p>\n<p>&nbsp;<\/p>\n<p>Na druh\u00e9 stran\u011b vysoce oce\u0148uji krok gener\u00e1ln\u00edho sekret\u00e1\u0159e, kter\u00fd vedl k vytvo\u0159en\u00ed nov\u00e9ho protiteroristick\u00e9ho \u00fa\u0159adu. To je skute\u010dn\u011b smyslupln\u00fd krok, jak v praxi \u00fasp\u011b\u0161n\u011b bojovat proti terorismu. Pod pl\u00e1\u0161t\u00edkem OSN nyn\u00ed nicm\u00e9n\u011b existuje 38 antiteroristick\u00fdch organizac\u00ed nebo instituc\u00ed. M\u016fj bo\u017ee! Skute\u010dn\u011b 38! Mysl\u00edm, \u017ee to je v\u00edce ne\u017e teroristick\u00fdch organizac\u00ed.<\/p>\n<p>&nbsp;<\/p>\n<p>My p\u0159itom pot\u0159ebujeme jen jeden jedin\u00fd \u00fa\u0159ad, kter\u00fd bude proti terorismu bojovat. Ten by m\u011bl m\u00edt ve\u0161kerou podporu a vybaven\u00ed, aby mohl sv\u00e9 \u00fakoly \u00fasp\u011b\u0161n\u011b plnit. Oce\u0148uji rovn\u011b\u017e nominaci pana Vorobka do \u010dela tohoto \u00fa\u0159adu. V\u010dera jsem se s n\u00edm setkal a jsem si jist\u00fd, \u017ee bude schopen probl\u00e9my vy\u0159e\u0161it.<\/p>\n<p>&nbsp;<\/p>\n<p>Z\u00e1rove\u0148 bych cht\u011bl zm\u00ednit i druhou stranu mince, kterou je migrace. \u010c\u00e1ste\u010dn\u011b byla vyprovokov\u00e1na teroristick\u00fdmi \u00fatoky v S\u00fdrii a Ir\u00e1ku. Ale na druh\u00e9 stran\u011b je spojena s d\u017eih\u00e1disty, kte\u0159\u00ed se ukr\u00fdvaj\u00ed mezi uprchl\u00edky. Vytv\u00e1\u0159ej\u00ed sp\u00edc\u00ed bu\u0148ky, st\u00e1vaj\u00ed se z nich osam\u011bl\u00ed vlci a tak d\u00e1le. Rozum\u00edm lidem, kte\u0159\u00ed tvrd\u00ed, \u017ee v\u00edtaj\u00ed migranty, ale podle m\u00e9ho n\u00e1zoru masivn\u00ed migrace z Afriky a Bl\u00edzk\u00e9ho v\u00fdchodu jen oslabuje tam\u011bj\u0161\u00ed zem\u011b. Opou\u0161t\u011bj\u00ed je mlad\u00ed a zdrav\u00ed mu\u017ei a tyto zem\u011b pak ztr\u00e1cej\u00ed sv\u016fj potenci\u00e1l.<\/p>\n<p>&nbsp;<\/p>\n<p>Kdo tedy v\u00edt\u00e1 masovou migraci, z\u00e1rove\u0148 souhlas\u00ed s odlivem mozk\u016f z t\u011bchto zem\u00ed. T\u011bmto zem\u00edm je pot\u0159eba pomoci zaji\u0161t\u011bn\u00edm elektr\u00e1ren, nemocnic atd. Nicm\u00e9n\u011b jim nepom\u016f\u017eeme podporou migrace.<\/p>\n<p>&nbsp;<\/p>\n<p>V z\u00e1v\u011bru bych \u0159ekl, \u017ee boj s terorismem je zalo\u017een na historick\u00e9m optimismu, \u017ee my jednou prost\u011b zv\u00edt\u011bz\u00edme. V Barcelon\u011b lid\u00e9 po teroristick\u00e9m \u00fatoku \u0159\u00edkali, \u017ee se neboj\u00ed. Franklin Roosvelt to n\u011bkdy naz\u00fdval \u201esvobodou ze strachu\u201c.<\/p>\n<p>&nbsp;<\/p>\n<p>Proto chci v z\u00e1v\u011bru citovat pam\u00e1tnou v\u011btou, kter\u00e1 tak skv\u011ble vyjad\u0159uje historick\u00fd optimismus, jej\u00ed\u017e autorem je Martin Luther: \u201eKdybych v\u011bd\u011bl, \u017ee bude z\u00edtra soudn\u00fd den, je\u0161t\u011b dnes bych zasadil jablo\u0148.\u201c<\/p>\n","protected":false},"excerpt":{"rendered":"<p>19. 9. 2017 18:35 Projev prezidenta Milo\u0161e Zemana ve v\u0161eobecn\u00e9 rozprav\u011b Valn\u00e9ho shrom\u00e1\u017ed\u011bn\u00ed OSN. &nbsp; Popisek: Prezident Milo\u0161 Zeman p\u0159i projevu v OSN Kdy\u017e jsem byl je\u0161t\u011b relativn\u011b mlad\u00fd mu\u017e, byl jsem hluboce ovlivn\u011bn dv\u011bma knihami. Jedna z nich byla Konec d\u011bjin od Francise Fukuyamy a druh\u00e1 St\u0159et civilizace od Samuela P. Huntingtona. &nbsp; Fukuyamova &#8230; <a title=\"M .Luther v OSN\" class=\"read-more\" href=\"https:\/\/www.e-anjelik.sk\/index.php\/2017\/09\/22\/m-luther-v-osn\/\" aria-label=\"Pre\u010d\u00edtajte si viac o M .Luther v OSN\">\u010c\u00edta\u0165 viac<\/a><\/p>\n","protected":false},"author":4,"featured_media":0,"comment_status":"open","ping_status":"open","sticky":false,"template":"","format":"standard","meta":{"footnotes":""},"categories":[39,94],"tags":[],"class_list":["post-31483","post","type-post","status-publish","format-standard","hentry","category-islamsky-stat","category-politika"],"_links":{"self":[{"href":"https:\/\/www.e-anjelik.sk\/index.php\/wp-json\/wp\/v2\/posts\/31483","targetHints":{"allow":["GET"]}}],"collection":[{"href":"https:\/\/www.e-anjelik.sk\/index.php\/wp-json\/wp\/v2\/posts"}],"about":[{"href":"https:\/\/www.e-anjelik.sk\/index.php\/wp-json\/wp\/v2\/types\/post"}],"author":[{"embeddable":true,"href":"https:\/\/www.e-anjelik.sk\/index.php\/wp-json\/wp\/v2\/users\/4"}],"replies":[{"embeddable":true,"href":"https:\/\/www.e-anjelik.sk\/index.php\/wp-json\/wp\/v2\/comments?post=31483"}],"version-history":[{"count":1,"href":"https:\/\/www.e-anjelik.sk\/index.php\/wp-json\/wp\/v2\/posts\/31483\/revisions"}],"predecessor-version":[{"id":31484,"href":"https:\/\/www.e-anjelik.sk\/index.php\/wp-json\/wp\/v2\/posts\/31483\/revisions\/31484"}],"wp:attachment":[{"href":"https:\/\/www.e-anjelik.sk\/index.php\/wp-json\/wp\/v2\/media?parent=31483"}],"wp:term":[{"taxonomy":"category","embeddable":true,"href":"https:\/\/www.e-anjelik.sk\/index.php\/wp-json\/wp\/v2\/categories?post=31483"},{"taxonomy":"post_tag","embeddable":true,"href":"https:\/\/www.e-anjelik.sk\/index.php\/wp-json\/wp\/v2\/tags?post=31483"}],"curies":[{"name":"wp","href":"https:\/\/api.w.org\/{rel}","templated":true}]}}