{"id":31489,"date":"2017-09-26T22:49:43","date_gmt":"2017-09-26T20:49:43","guid":{"rendered":"http:\/\/e-anjelik.sk\/?p=31489"},"modified":"2017-09-26T22:49:43","modified_gmt":"2017-09-26T20:49:43","slug":"stanovisko-predsednictva-ecav","status":"publish","type":"post","link":"https:\/\/www.e-anjelik.sk\/index.php\/2017\/09\/26\/stanovisko-predsednictva-ecav\/","title":{"rendered":"Stanovisko predsedn\u00edctva ECAV"},"content":{"rendered":"<p><b>Stanovisko Predsedn\u00edctva ECAV na Slovensku k medializovan\u00fdm vyjadreniam Ondreja Prostredn\u00edka<\/b><\/p>\n<p>Predsedn\u00edctvo ECAV na Slovensku vyjadruje sklamanie nad sp\u00f4sobom, ak\u00fdm evanjelick\u00fd teol\u00f3g a vysoko\u0161kolsk\u00fd pedag\u00f3g doc. Prostredn\u00edk prezentuje vlastn\u00e9 n\u00e1zory t\u00fdkaj\u00face sa \u00fadajn\u00e9ho potl\u00e1\u010dania pr\u00e1v LGBTI komunity na Slovensku.<\/p>\n<p>Tieto n\u00e1zory, ktor\u00e9 s\u00fa v rozpore so stanoviskom cirkvi, vyvol\u00e1vaj\u00fa u veriacich ECAV na Slovensku, ale aj u veriacich in\u00fdch cirkv\u00ed rad ot\u00e1zok, z ktor\u00fdch naj\u010dastej\u0161ia je t\u00e1, \u010di e\u0161te zostala na\u0161a cirkev vern\u00e1 P\u00edsmu sv\u00e4t\u00e9mu, na ktor\u00e9 sa ako na jedin\u00fd zdroj pravdy odvol\u00e1vame u\u017e 500 rokov. Preto chce predsedn\u00edctvo aj takto verejne kon\u0161tatova\u0165, \u017ee n\u00e1zory doc. Prostredn\u00edka nie s\u00fa n\u00e1zormi Evanjelickej cirkvi a. v. na Slovensku.<\/p>\n<p>Predsedn\u00edctvo ECAV na Slovensku pova\u017euje rozhodnutie Zboru biskupov ECAV na Slovensku o od\u0148at\u00ed kanonickej misie doc. Prostredn\u00edkovi ako u\u010dite\u013eovi teologick\u00fdch predmetov za primeran\u00e9 situ\u00e1cii, ktor\u00e1 sa vyvinula po jeho vyst\u00fapen\u00ed na tohtoro\u010dnom d\u00fahovom pochode PRIDE.<\/p>\n<p>Doc. Prostredn\u00edk nie je v pracovnopr\u00e1vnom pomere s ECAV na Slovensku a predsedn\u00edctvo cirkvi okrem modlitieb a v\u00fdziev na zmiernenie r\u00e9toriky nem\u00f4\u017ee zasiahnu\u0165 a ani nijako in\u00e1\u010d napravi\u0165 \u0161kody, ktor\u00e9 na mene cirkvi svoj\u00edm sebastredn\u00fdm vystupovan\u00edm doc. Prostredn\u00edk sp\u00f4sobil.<\/p>\n<p>V tejto s\u00favislosti chce Predsedn\u00edctvo ECAV pripomen\u00fa\u0165, \u017ee ECAV sa nevyh\u00fdba diskusii na \u017eiadnu spolo\u010densk\u00fa t\u00e9mu a nevyh\u00fdba sa ani t\u00e9me postavenia homosexu\u00e1lov v spolo\u010dnosti a v cirkvi. V roku 2015 bola t\u00e1to t\u00e9ma aj t\u00e9mou V\u0161eobecnej pastor\u00e1lnej konferencie ECAV na Slovensku a brat Prostredn\u00edk bol osloven\u00fd ponukou, aby na konferencii vyst\u00fapil s predn\u00e1\u0161kou. T\u00fato ponuku na obh\u00e1jenie svojich n\u00e1zorov a n\u00e1sledn\u00fa diskusiu vo vn\u00fatri cirkvi v\u0161ak odmietol.<\/p>\n<p>Takisto Evanjelick\u00fd posol spod Tatier sa pr\u00edle\u017eitostne venuje tejto t\u00e9me. Preto\u017ee v\u0161ak v EPsT s\u00fa zverej\u0148ovan\u00e9 aj in\u00e9 n\u00e1zory, ako s\u00fa n\u00e1zory brata Prostredn\u00edka, je tento t\u00fd\u017edenn\u00edk \u010dasto predmetom a\u017e nen\u00e1vistnej kritiky a kampane. O ak\u00fa diskusiu teda maj\u00fa z\u00e1ujem brat Prostredn\u00edk a jeho podporovatelia?<\/p>\n<p>T\u00e9ma postavenia gayov a lesieb nie je najd\u00f4le\u017eitej\u0161ou t\u00e9mou, ktorej sa chce na\u0161a cirkev venova\u0165, a nechce touto t\u00e9mou neprimerane jej d\u00f4le\u017eitosti zahlti\u0165 v\u0161etok priestor, v ktorom cirkev p\u00f4sob\u00ed.<\/p>\n<p>ECAV na Slovensku je otvoren\u00e1 v\u0161etk\u00fdm, ktor\u00ed uverili v Je\u017ei\u0161a Krista a na svoje podujatia, ako s\u00fa slu\u017eby Bo\u017eie, biblick\u00e9 hodiny, misijn\u00e9 podujatia a podobne, poz\u00fdva v\u0161etk\u00fdch bez rozdielu ich sexu\u00e1lnej orient\u00e1cie. Na\u0161i duchovn\u00ed s\u00fa pripraven\u00ed pastor\u00e1lne zaopatri\u0165 bez akejko\u013evek diskrimin\u00e1cie aj LGBTI komunitu, ak tak\u00fato potrebu pastor\u00e1lneho zaopatrenia t\u00ed, ktor\u00ed sa s touto komunitou identifikuj\u00fa, sami poc\u00edtia.<\/p>\n<p>Na druhej strane v\u0161ak znovu pripom\u00edname, \u017ee ochrana man\u017eelstva a rodiny zost\u00e1va v trvalej pozornosti Evanjelickej cirkvi a. v. na Slovensku. Man\u017eelstvo jedn\u00e9ho mu\u017ea a jednej \u017eeny a rodina, ktor\u00e1 z tak\u00e9hoto man\u017eelstva vz\u00edde, s\u00fa, ako sa hovor\u00ed aj v stanovisku Synody ECAV na Slovensku, Bo\u017e\u00edm z\u00e1merom pre svet a niet k nim inej alternat\u00edvy, na ktorej by spo\u010d\u00edvalo Bo\u017eie za\u013e\u00fabenie a zas\u013e\u00fabenie po\u017eehnania.<\/p>\n<p>V Bratislave 16. 9. 2017<\/p>\n<p><i>Predsedn\u00edctvo ECAV na Slovensku \u00a0|\u00a019.9.2017<\/i><\/p>\n","protected":false},"excerpt":{"rendered":"<p>Stanovisko Predsedn\u00edctva ECAV na Slovensku k medializovan\u00fdm vyjadreniam Ondreja Prostredn\u00edka Predsedn\u00edctvo ECAV na Slovensku vyjadruje sklamanie nad sp\u00f4sobom, ak\u00fdm evanjelick\u00fd teol\u00f3g a vysoko\u0161kolsk\u00fd pedag\u00f3g doc. Prostredn\u00edk prezentuje vlastn\u00e9 n\u00e1zory t\u00fdkaj\u00face sa \u00fadajn\u00e9ho potl\u00e1\u010dania pr\u00e1v LGBTI komunity na Slovensku. Tieto n\u00e1zory, ktor\u00e9 s\u00fa v rozpore so stanoviskom cirkvi, vyvol\u00e1vaj\u00fa u veriacich ECAV na Slovensku, ale aj &#8230; <a title=\"Stanovisko predsedn\u00edctva ECAV\" class=\"read-more\" href=\"https:\/\/www.e-anjelik.sk\/index.php\/2017\/09\/26\/stanovisko-predsednictva-ecav\/\" aria-label=\"Pre\u010d\u00edtajte si viac o Stanovisko predsedn\u00edctva ECAV\">\u010c\u00edta\u0165 viac<\/a><\/p>\n","protected":false},"author":4,"featured_media":0,"comment_status":"open","ping_status":"open","sticky":false,"template":"","format":"standard","meta":{"footnotes":""},"categories":[1],"tags":[],"class_list":["post-31489","post","type-post","status-publish","format-standard","hentry","category-adventna-modlitba"],"_links":{"self":[{"href":"https:\/\/www.e-anjelik.sk\/index.php\/wp-json\/wp\/v2\/posts\/31489","targetHints":{"allow":["GET"]}}],"collection":[{"href":"https:\/\/www.e-anjelik.sk\/index.php\/wp-json\/wp\/v2\/posts"}],"about":[{"href":"https:\/\/www.e-anjelik.sk\/index.php\/wp-json\/wp\/v2\/types\/post"}],"author":[{"embeddable":true,"href":"https:\/\/www.e-anjelik.sk\/index.php\/wp-json\/wp\/v2\/users\/4"}],"replies":[{"embeddable":true,"href":"https:\/\/www.e-anjelik.sk\/index.php\/wp-json\/wp\/v2\/comments?post=31489"}],"version-history":[{"count":1,"href":"https:\/\/www.e-anjelik.sk\/index.php\/wp-json\/wp\/v2\/posts\/31489\/revisions"}],"predecessor-version":[{"id":31490,"href":"https:\/\/www.e-anjelik.sk\/index.php\/wp-json\/wp\/v2\/posts\/31489\/revisions\/31490"}],"wp:attachment":[{"href":"https:\/\/www.e-anjelik.sk\/index.php\/wp-json\/wp\/v2\/media?parent=31489"}],"wp:term":[{"taxonomy":"category","embeddable":true,"href":"https:\/\/www.e-anjelik.sk\/index.php\/wp-json\/wp\/v2\/categories?post=31489"},{"taxonomy":"post_tag","embeddable":true,"href":"https:\/\/www.e-anjelik.sk\/index.php\/wp-json\/wp\/v2\/tags?post=31489"}],"curies":[{"name":"wp","href":"https:\/\/api.w.org\/{rel}","templated":true}]}}