{"id":31491,"date":"2017-09-26T22:59:49","date_gmt":"2017-09-26T20:59:49","guid":{"rendered":"http:\/\/e-anjelik.sk\/?p=31491"},"modified":"2017-09-26T22:59:49","modified_gmt":"2017-09-26T20:59:49","slug":"havranove-krakaniny","status":"publish","type":"post","link":"https:\/\/www.e-anjelik.sk\/index.php\/2017\/09\/26\/havranove-krakaniny\/","title":{"rendered":"Havranove kr\u00e1kaniny"},"content":{"rendered":"<p><b>Stanovisko k \u010dl\u00e1nku p\u00e1na Havrana ,,Otr\u00e1ven\u00fd duch reform\u00e1cie\u201c (SME 7. 9.)<\/b><\/p>\n<p>N\u00e1s evanjelikov ur\u00e1\u017ea v s\u00favise s osobou gener\u00e1lneho biskupa Evanjelickej cirkvi augsbursk\u00e9ho vyznania na Slovensku d\u00f4stojn\u00e9ho p\u00e1na Milo\u0161a Kl\u00e1tika, ke\u010f v uvedenom \u010dl\u00e1nku bolo pou\u017eit\u00e9 pomenovanie: sekta p\u00e1na Kl\u00e1tika.<\/p>\n<p>P\u00e1n gener\u00e1lny biskup \u017eiadnu sektu nezalo\u017eil ani nechce zalo\u017ei\u0165, ale z titulu svojej funkcie a v zmysle Cirkevnej \u00fastavy ECAV chce h\u00e1ji\u0165 \u010distotu cirkevn\u00e9ho u\u010denia, ktor\u00e9 vych\u00e1dza z P\u00edsma sv\u00e4t\u00e9ho ako jedin\u00e9ho prame\u0148a viery. To je jedna z reforma\u010dn\u00fdch z\u00e1sad: ,,sola scriptura\u201c \u2212 jedine P\u00edsmo.<\/p>\n<p>Ke\u010f p\u00e1n biskup odn\u00edma niekomu kanonick\u00fa misiu, nerob\u00ed to zo \u017eiadneho mocensk\u00e9ho postavenia, ale len v snahe plni\u0165 svoju \u00falohu: ochra\u0148ova\u0165 \u010distotu cirkevn\u00e9ho u\u010denia. Ani nebuduje bezduch\u00fa a teologicky vypr\u00e1zdnen\u00fa cirkev, ako to tvrd\u00ed p\u00e1n Havran. Teologick\u00e1 veda nem\u00f4\u017ee a nesmie \u010derpa\u0165 svoje my\u0161lienky zo sekul\u00e1rnej sf\u00e9ry, ale m\u00e1 sl\u00fa\u017ei\u0165 cirkvi upev\u0148ovan\u00edm \u010distoty cirkevn\u00e9ho u\u010denia. No najm\u00e4 nem\u00f4\u017ee \u00eds\u0165 proti duchu Biblie.<\/p>\n<p>Obhajova\u0165 modern\u00e9 kres\u0165ansk\u00e9 myslenie m\u00f4\u017ee by\u0165 scestn\u00e9 a m\u00f4\u017ee vies\u0165 k r\u00f4znym bludom, vypl\u00fdvaj\u00facich z omylov a zo zd\u00f4raz\u0148ovania vlastn\u00fdch my\u0161lienok, odchyln\u00fdch od Biblie.<\/p>\n<p>Tieto probl\u00e9my sme museli v minulosti rie\u0161i\u0165 aj my, jednoduch\u00ed, prost\u00ed evanjelick\u00ed duchovn\u00ed, a nebolo to jednoduch\u00e9, ve\u010f sme za ateistickej totality boli v\u0161elijako zneva\u017eovan\u00ed, \u017eili sme v atmosf\u00e9re strachu a \u0161ikanovania aj zo strany niektor\u00fdch cirkevn\u00fdch predstavite\u013eov, ke\u010f trpeli n\u00e1zory ,,modernistov\u201c, tzv. pokrokov\u00fdch far\u00e1rov, odchyln\u00e9 od cirkevn\u00e9ho u\u010denia. Zd\u00e1 sa, \u017ee t\u00e1to n\u00e1kaza pre\u0161la aj do dne\u0161nej doby, preto sme v\u010fa\u010dn\u00ed p\u00e1nu biskupovi Kl\u00e1tikovi, \u017ee sa proti tomu stavia nielen z titulu svojej hodnosti, ale v z\u00e1ujme pravdy a toho, aby sa n\u00e1kaza ne\u0161\u00edrila.<\/p>\n<p>Je ist\u00e9, \u017ee treba aj v zmenen\u00fdch podmienkach nach\u00e1dza\u0165 priestor na dial\u00f3g. Av\u0161ak tomu dne\u0161n\u00e9 vedenie cirkvi nezabra\u0148uje, ak sa z dial\u00f3gu nest\u00e1va satanova zbra\u0148, namieren\u00e1 \u0161kodi\u0165 a ni\u010di\u0165 v\u0161etko dobr\u00e9, \u010do do cirkvi vlo\u017eil jej P\u00e1n aj prostredn\u00edctvom vern\u00fdch a dobr\u00fdch slu\u017eobn\u00edkov cirkvi, \u010di s\u00fa u\u017e predstavite\u013emi cirkvi, alebo jednoduch\u00fdmi cirkevn\u00edkmi.<\/p>\n<p>A tak pri 500. v\u00fdro\u010d\u00ed reform\u00e1cie n\u00e1m ako dedi\u010dom reform\u00e1cie neost\u00e1va ni\u010d in\u00e9, len to, \u017ee sa budeme hl\u00e1si\u0165 k reforma\u010dn\u00fdm z\u00e1sad\u00e1m nielen slovami, ale aj skutkami a podporova\u0165 to, \u010do Boh zveril na\u0161ej cirkvi ako vz\u00e1cne dedi\u010dstvo reform\u00e1cie: \u017ee v cirkvi m\u00e1 plati\u0165 z\u00e1sada jedine P\u00edsmo, jedine Kristus, jedine spasenie z Bo\u017eej milosti pre z\u00e1sluhy P\u00e1na Je\u017ei\u0161a Krista.<\/p>\n<p>Bdejme a nedovo\u013euje vn\u00e1\u0161a\u0165 do cirkevn\u00e9ho u\u010denia i cirkevnej praxe plaziv\u00e9 sp\u00f4soby sekulariz\u00e1cie \u2212 snahy zosvet\u0161ti\u0165 cirkev, aby nebola na obraz Bo\u017e\u00ed, ale aby sa p\u00e1\u010dila najm\u00e4 svetu, ako napr\u00edklad v ot\u00e1zke postoja k homosexu\u00e1lom. To si v\u0161ak vy\u017eaduje d\u00f4kladn\u00e9 zamyslenie a diskusiu na t\u00fato t\u00e9mu. Nesta\u010d\u00ed len mienka silne vzdelan\u00fdch, v\u00fdre\u010dn\u00fdch a \u00faspe\u0161n\u00fdch pracovn\u00edkov v cirkvi, ktor\u00ed si dok\u00e1\u017eu pekn\u00fdmi re\u010dami budova\u0165 svoju popularitu. Alebo im ide o nie\u010do in\u00e9?<\/p>\n<p>So \u017eelan\u00edm, aby n\u00e1m P\u00e1n Je\u017ei\u0161 neod\u0148al dar Ducha Sv\u00e4t\u00e9ho, ktor\u00e9ho n\u00e1m zas\u013e\u00fabil, ke\u010f vstupoval na nebes\u00e1,<\/p>\n<p><i>J\u00e1n Kachni\u010d, evanjelick\u00fd far\u00e1r v. v.\u00a0|\u00a019.9.2017<\/i><\/p>\n","protected":false},"excerpt":{"rendered":"<p>Stanovisko k \u010dl\u00e1nku p\u00e1na Havrana ,,Otr\u00e1ven\u00fd duch reform\u00e1cie\u201c (SME 7. 9.) N\u00e1s evanjelikov ur\u00e1\u017ea v s\u00favise s osobou gener\u00e1lneho biskupa Evanjelickej cirkvi augsbursk\u00e9ho vyznania na Slovensku d\u00f4stojn\u00e9ho p\u00e1na Milo\u0161a Kl\u00e1tika, ke\u010f v uvedenom \u010dl\u00e1nku bolo pou\u017eit\u00e9 pomenovanie: sekta p\u00e1na Kl\u00e1tika. P\u00e1n gener\u00e1lny biskup \u017eiadnu sektu nezalo\u017eil ani nechce zalo\u017ei\u0165, ale z titulu svojej funkcie a &#8230; <a title=\"Havranove kr\u00e1kaniny\" class=\"read-more\" href=\"https:\/\/www.e-anjelik.sk\/index.php\/2017\/09\/26\/havranove-krakaniny\/\" aria-label=\"Pre\u010d\u00edtajte si viac o Havranove kr\u00e1kaniny\">\u010c\u00edta\u0165 viac<\/a><\/p>\n","protected":false},"author":4,"featured_media":0,"comment_status":"open","ping_status":"open","sticky":false,"template":"","format":"standard","meta":{"footnotes":""},"categories":[1],"tags":[],"class_list":["post-31491","post","type-post","status-publish","format-standard","hentry","category-adventna-modlitba"],"_links":{"self":[{"href":"https:\/\/www.e-anjelik.sk\/index.php\/wp-json\/wp\/v2\/posts\/31491","targetHints":{"allow":["GET"]}}],"collection":[{"href":"https:\/\/www.e-anjelik.sk\/index.php\/wp-json\/wp\/v2\/posts"}],"about":[{"href":"https:\/\/www.e-anjelik.sk\/index.php\/wp-json\/wp\/v2\/types\/post"}],"author":[{"embeddable":true,"href":"https:\/\/www.e-anjelik.sk\/index.php\/wp-json\/wp\/v2\/users\/4"}],"replies":[{"embeddable":true,"href":"https:\/\/www.e-anjelik.sk\/index.php\/wp-json\/wp\/v2\/comments?post=31491"}],"version-history":[{"count":1,"href":"https:\/\/www.e-anjelik.sk\/index.php\/wp-json\/wp\/v2\/posts\/31491\/revisions"}],"predecessor-version":[{"id":31492,"href":"https:\/\/www.e-anjelik.sk\/index.php\/wp-json\/wp\/v2\/posts\/31491\/revisions\/31492"}],"wp:attachment":[{"href":"https:\/\/www.e-anjelik.sk\/index.php\/wp-json\/wp\/v2\/media?parent=31491"}],"wp:term":[{"taxonomy":"category","embeddable":true,"href":"https:\/\/www.e-anjelik.sk\/index.php\/wp-json\/wp\/v2\/categories?post=31491"},{"taxonomy":"post_tag","embeddable":true,"href":"https:\/\/www.e-anjelik.sk\/index.php\/wp-json\/wp\/v2\/tags?post=31491"}],"curies":[{"name":"wp","href":"https:\/\/api.w.org\/{rel}","templated":true}]}}