{"id":31508,"date":"2017-10-19T07:25:31","date_gmt":"2017-10-19T05:25:31","guid":{"rendered":"http:\/\/e-anjelik.sk\/?p=31508"},"modified":"2017-10-19T07:26:22","modified_gmt":"2017-10-19T05:26:22","slug":"prenasledovanie-evanjelikov-rtvs","status":"publish","type":"post","link":"https:\/\/www.e-anjelik.sk\/index.php\/2017\/10\/19\/prenasledovanie-evanjelikov-rtvs\/","title":{"rendered":"Prenasledovanie evanjelikov (rel\u00e1cia RTVS)"},"content":{"rendered":"<p>Nov\u00fa epochu v dejin\u00e1ch evanjelickej cirkvi otvoril Toleran\u010dn\u00fd patent &#8211; v roku 1781, ktor\u00fd uzavrel viac ako storo\u010dn\u00e9 obdobie n\u00e1silnej protireform\u00e1cie v Uhorsku. O tom ale a\u017e v \u010fal\u0161\u00edch \u010dastiach na\u0161ej rubriky. Dnes budeme hovori\u0165 o smutnej\u0161\u00edch kapitol\u00e1ch dej\u00edn evanjelickej cirkvi v 18. storo\u010d\u00ed, ktor\u00e9 sa nieslo aj v duchu obmedzen\u00ed n\u00e1bo\u017eenskej slobody evanjelikov. Krajinsk\u00fd snem v roku 1715 anuloval Ru\u017eombersk\u00fa synodu z d\u00f4vodu, \u017ee iba panovn\u00edk m\u00e1 pr\u00e1vo rozhodova\u0165 v n\u00e1bo\u017eensk\u00fdch ot\u00e1zkach. Evanjelici mali zak\u00e1zan\u00e9 kona\u0165 synody a konventy. A pri\u0161lo aj k hor\u0161iemu. Cielen\u00e9mu prenasledovaniu a odoberaniu kostolov. \u010co tomu predch\u00e1dzalo, sa p\u00fdtala Martina Ba\u010dov\u00e1 evanjelick\u00e9ho far\u00e1ra J\u00e1na Hru\u0161ku. &nbsp;<br \/>\nhttps:\/\/reginavychod.rtvs.sk\/clanky\/500-rokov-reformacie\/145722\/prenasledovanie-evanjelikov<\/p>\n","protected":false},"excerpt":{"rendered":"<p>Nov\u00fa epochu v dejin\u00e1ch evanjelickej cirkvi otvoril Toleran\u010dn\u00fd patent &#8211; v roku 1781, ktor\u00fd uzavrel viac ako storo\u010dn\u00e9 obdobie n\u00e1silnej protireform\u00e1cie v Uhorsku. O tom ale a\u017e v \u010fal\u0161\u00edch \u010dastiach na\u0161ej rubriky. Dnes budeme hovori\u0165 o smutnej\u0161\u00edch kapitol\u00e1ch dej\u00edn evanjelickej cirkvi v 18. storo\u010d\u00ed, ktor\u00e9 sa nieslo aj v duchu obmedzen\u00ed n\u00e1bo\u017eenskej slobody evanjelikov. Krajinsk\u00fd &#8230; <a title=\"Prenasledovanie evanjelikov (rel\u00e1cia RTVS)\" class=\"read-more\" href=\"https:\/\/www.e-anjelik.sk\/index.php\/2017\/10\/19\/prenasledovanie-evanjelikov-rtvs\/\" aria-label=\"Pre\u010d\u00edtajte si viac o Prenasledovanie evanjelikov (rel\u00e1cia RTVS)\">\u010c\u00edta\u0165 viac<\/a><\/p>\n","protected":false},"author":1,"featured_media":0,"comment_status":"open","ping_status":"open","sticky":false,"template":"","format":"standard","meta":{"footnotes":""},"categories":[1],"tags":[],"class_list":["post-31508","post","type-post","status-publish","format-standard","hentry","category-adventna-modlitba"],"_links":{"self":[{"href":"https:\/\/www.e-anjelik.sk\/index.php\/wp-json\/wp\/v2\/posts\/31508","targetHints":{"allow":["GET"]}}],"collection":[{"href":"https:\/\/www.e-anjelik.sk\/index.php\/wp-json\/wp\/v2\/posts"}],"about":[{"href":"https:\/\/www.e-anjelik.sk\/index.php\/wp-json\/wp\/v2\/types\/post"}],"author":[{"embeddable":true,"href":"https:\/\/www.e-anjelik.sk\/index.php\/wp-json\/wp\/v2\/users\/1"}],"replies":[{"embeddable":true,"href":"https:\/\/www.e-anjelik.sk\/index.php\/wp-json\/wp\/v2\/comments?post=31508"}],"version-history":[{"count":2,"href":"https:\/\/www.e-anjelik.sk\/index.php\/wp-json\/wp\/v2\/posts\/31508\/revisions"}],"predecessor-version":[{"id":31510,"href":"https:\/\/www.e-anjelik.sk\/index.php\/wp-json\/wp\/v2\/posts\/31508\/revisions\/31510"}],"wp:attachment":[{"href":"https:\/\/www.e-anjelik.sk\/index.php\/wp-json\/wp\/v2\/media?parent=31508"}],"wp:term":[{"taxonomy":"category","embeddable":true,"href":"https:\/\/www.e-anjelik.sk\/index.php\/wp-json\/wp\/v2\/categories?post=31508"},{"taxonomy":"post_tag","embeddable":true,"href":"https:\/\/www.e-anjelik.sk\/index.php\/wp-json\/wp\/v2\/tags?post=31508"}],"curies":[{"name":"wp","href":"https:\/\/api.w.org\/{rel}","templated":true}]}}