{"id":3151,"date":"2010-11-08T10:34:19","date_gmt":"2010-11-08T10:34:19","guid":{"rendered":"http:\/\/e-anjelik.sk\/?p=3151"},"modified":"2010-11-08T10:34:19","modified_gmt":"2010-11-08T10:34:19","slug":"modlitebne-ranajky-v-rige","status":"publish","type":"post","link":"https:\/\/www.e-anjelik.sk\/index.php\/2010\/11\/08\/modlitebne-ranajky-v-rige\/","title":{"rendered":"Modlitebn\u00e9 ra\u0148ajky v Rige"},"content":{"rendered":"<p>V prv&yacute; piatok novembra sa u\u017e po piaty raz konali v Rige modlitebn&eacute; ra\u0148ajky. Pod\u013ea vzoru USA, kde sa t&aacute;to akcia za\u010dala roku 1952, sa konaj&uacute; aj v Loty&scaron;sku a \u010fal&scaron;&iacute;ch viacej ako 40 krajin&aacute;ch sveta. Ra\u0148ajok sa z&uacute;\u010dastnili poslanci, \u010dlenovia vl&aacute;dy, z&aacute;stupcovia komun&aacute;lnej politiky, umelci, &scaron;portovci, z&aacute;stupcovia vedy, vzdel&aacute;vac&iacute;ch in&scaron;tit&uacute;ci&iacute; a cirkv&iacute;. Pr&iacute;tomn&yacute; bol aj prezident Loty&scaron;ska Valdis Zatlers. V \u010destnom v&yacute;bore boli ved&uacute;ci predstavitelia luter&aacute;nskej, r&iacute;mskokatol&iacute;ckej,&nbsp;pravosl&aacute;vnej a baptistickej cirkvi. Hlavn&yacute;m predn&aacute;&scaron;aj&uacute;cim na t&eacute;mu &quot;N&aacute;dej&quot; bol&nbsp;evanjeliz&aacute;tor z USA Franklin Graham.&nbsp;<\/p>\n<p>(<a href=\"http:\/\/www.baznica.info\">www.baznica.info<\/a>)&nbsp;<\/p>\n","protected":false},"excerpt":{"rendered":"<p>V prv&yacute; piatok novembra sa u\u017e po piaty raz konali v Rige modlitebn&eacute; ra\u0148ajky. Pod\u013ea vzoru USA, kde sa t&aacute;to akcia za\u010dala roku 1952, sa konaj&uacute; aj v Loty&scaron;sku a \u010fal&scaron;&iacute;ch viacej ako 40 krajin&aacute;ch sveta. Ra\u0148ajok sa z&uacute;\u010dastnili poslanci, \u010dlenovia vl&aacute;dy, z&aacute;stupcovia komun&aacute;lnej politiky, umelci, &scaron;portovci, z&aacute;stupcovia vedy, vzdel&aacute;vac&iacute;ch in&scaron;tit&uacute;ci&iacute; a cirkv&iacute;. Pr&iacute;tomn&yacute; bol &#8230; <a title=\"Modlitebn\u00e9 ra\u0148ajky v Rige\" class=\"read-more\" href=\"https:\/\/www.e-anjelik.sk\/index.php\/2010\/11\/08\/modlitebne-ranajky-v-rige\/\" aria-label=\"Pre\u010d\u00edtajte si viac o Modlitebn\u00e9 ra\u0148ajky v Rige\">\u010c\u00edta\u0165 viac<\/a><\/p>\n","protected":false},"author":22,"featured_media":0,"comment_status":"open","ping_status":"open","sticky":false,"template":"","format":"standard","meta":{"footnotes":""},"categories":[2,233],"tags":[],"class_list":["post-3151","post","type-post","status-publish","format-standard","hentry","category-ekumena","category-modlitby"],"_links":{"self":[{"href":"https:\/\/www.e-anjelik.sk\/index.php\/wp-json\/wp\/v2\/posts\/3151","targetHints":{"allow":["GET"]}}],"collection":[{"href":"https:\/\/www.e-anjelik.sk\/index.php\/wp-json\/wp\/v2\/posts"}],"about":[{"href":"https:\/\/www.e-anjelik.sk\/index.php\/wp-json\/wp\/v2\/types\/post"}],"author":[{"embeddable":true,"href":"https:\/\/www.e-anjelik.sk\/index.php\/wp-json\/wp\/v2\/users\/22"}],"replies":[{"embeddable":true,"href":"https:\/\/www.e-anjelik.sk\/index.php\/wp-json\/wp\/v2\/comments?post=3151"}],"version-history":[{"count":0,"href":"https:\/\/www.e-anjelik.sk\/index.php\/wp-json\/wp\/v2\/posts\/3151\/revisions"}],"wp:attachment":[{"href":"https:\/\/www.e-anjelik.sk\/index.php\/wp-json\/wp\/v2\/media?parent=3151"}],"wp:term":[{"taxonomy":"category","embeddable":true,"href":"https:\/\/www.e-anjelik.sk\/index.php\/wp-json\/wp\/v2\/categories?post=3151"},{"taxonomy":"post_tag","embeddable":true,"href":"https:\/\/www.e-anjelik.sk\/index.php\/wp-json\/wp\/v2\/tags?post=3151"}],"curies":[{"name":"wp","href":"https:\/\/api.w.org\/{rel}","templated":true}]}}