{"id":3152,"date":"2010-11-09T10:28:41","date_gmt":"2010-11-09T10:28:41","guid":{"rendered":"http:\/\/e-anjelik.sk\/?p=3152"},"modified":"2010-11-09T10:28:41","modified_gmt":"2010-11-09T10:28:41","slug":"cirkev-v-nemeckych-mediach","status":"publish","type":"post","link":"https:\/\/www.e-anjelik.sk\/index.php\/2010\/11\/09\/cirkev-v-nemeckych-mediach\/","title":{"rendered":"Cirkev v nemeck\u00fdch m\u00e9di\u00e1ch"},"content":{"rendered":"<p>Na synode EKD v Hannoveri riadite\u013e GEP ( Spolo\u010densk&aacute; pr&aacute;ca evanjelickej publicistiky) Joerg Bollmann podal spr&aacute;vu o situ&aacute;cii n&aacute;bo\u017eensk&yacute;ch hlavn&yacute;ch programov vo verejn&yacute;ch telev&iacute;zi&aacute;ch. K&yacute;m rel&aacute;cia ARD &quot;Slovo ku nedeli&quot; vzr&aacute;stla za prv&yacute;ch desa\u0165 mesiacov roka 2010 o asi 200 tis&iacute;c div&aacute;kov, pravideln&eacute; nede\u013en&eacute; a sviato\u010dn&eacute; slu\u017eby Bo\u017eie&nbsp;v ZDF mierne poklesli v po\u010dte div&aacute;kov. &quot;Slovo&quot; sleduje v priemere 6.5 mili&oacute;na div&aacute;kov, \u010do je 24 % podiel. Bohoslu\u017eby pozer&aacute; okolo 750 tis&iacute;c os&ocirc;b, \u010do je 9.4% podiel. Tu je ve\u013ek&aacute; konkurencia &scaron;portov&yacute;ch prenosov v tom istom \u010dase. &Uacute;padok zaznamenali aj printov&eacute; m&eacute;di&aacute;. Mesa\u010dn&iacute;k &#8211; magaz&iacute;n Chrismon v tomto roku dost&aacute;va 830 tis&iacute;c \u010ditate\u013eov. Oproti vla\u0148aj&scaron;ku ide o 160 tis&iacute;c kusov menej. EKD ro\u010dne d&aacute;va finan\u010dn&uacute; podporu na Chrismon vo v&yacute;&scaron;ke 4 mili&oacute;ny &euro;.&nbsp;<\/p>\n<p>(<a href=\"http:\/\/www.idea.de\">www.idea.de<\/a>)&nbsp;<\/p>\n","protected":false},"excerpt":{"rendered":"<p>Na synode EKD v Hannoveri riadite\u013e GEP ( Spolo\u010densk&aacute; pr&aacute;ca evanjelickej publicistiky) Joerg Bollmann podal spr&aacute;vu o situ&aacute;cii n&aacute;bo\u017eensk&yacute;ch hlavn&yacute;ch programov vo verejn&yacute;ch telev&iacute;zi&aacute;ch. K&yacute;m rel&aacute;cia ARD &quot;Slovo ku nedeli&quot; vzr&aacute;stla za prv&yacute;ch desa\u0165 mesiacov roka 2010 o asi 200 tis&iacute;c div&aacute;kov, pravideln&eacute; nede\u013en&eacute; a sviato\u010dn&eacute; slu\u017eby Bo\u017eie&nbsp;v ZDF mierne poklesli v po\u010dte div&aacute;kov. &quot;Slovo&quot; &#8230; <a title=\"Cirkev v nemeck\u00fdch m\u00e9di\u00e1ch\" class=\"read-more\" href=\"https:\/\/www.e-anjelik.sk\/index.php\/2010\/11\/09\/cirkev-v-nemeckych-mediach\/\" aria-label=\"Pre\u010d\u00edtajte si viac o Cirkev v nemeck\u00fdch m\u00e9di\u00e1ch\">\u010c\u00edta\u0165 viac<\/a><\/p>\n","protected":false},"author":22,"featured_media":0,"comment_status":"open","ping_status":"open","sticky":false,"template":"","format":"standard","meta":{"footnotes":""},"categories":[9,10],"tags":[],"class_list":["post-3152","post","type-post","status-publish","format-standard","hentry","category-europa","category-zo-sveta"],"_links":{"self":[{"href":"https:\/\/www.e-anjelik.sk\/index.php\/wp-json\/wp\/v2\/posts\/3152","targetHints":{"allow":["GET"]}}],"collection":[{"href":"https:\/\/www.e-anjelik.sk\/index.php\/wp-json\/wp\/v2\/posts"}],"about":[{"href":"https:\/\/www.e-anjelik.sk\/index.php\/wp-json\/wp\/v2\/types\/post"}],"author":[{"embeddable":true,"href":"https:\/\/www.e-anjelik.sk\/index.php\/wp-json\/wp\/v2\/users\/22"}],"replies":[{"embeddable":true,"href":"https:\/\/www.e-anjelik.sk\/index.php\/wp-json\/wp\/v2\/comments?post=3152"}],"version-history":[{"count":0,"href":"https:\/\/www.e-anjelik.sk\/index.php\/wp-json\/wp\/v2\/posts\/3152\/revisions"}],"wp:attachment":[{"href":"https:\/\/www.e-anjelik.sk\/index.php\/wp-json\/wp\/v2\/media?parent=3152"}],"wp:term":[{"taxonomy":"category","embeddable":true,"href":"https:\/\/www.e-anjelik.sk\/index.php\/wp-json\/wp\/v2\/categories?post=3152"},{"taxonomy":"post_tag","embeddable":true,"href":"https:\/\/www.e-anjelik.sk\/index.php\/wp-json\/wp\/v2\/tags?post=3152"}],"curies":[{"name":"wp","href":"https:\/\/api.w.org\/{rel}","templated":true}]}}