{"id":3155,"date":"2010-11-10T14:10:51","date_gmt":"2010-11-10T14:10:51","guid":{"rendered":"http:\/\/e-anjelik.sk\/?p=3155"},"modified":"2010-11-10T14:10:51","modified_gmt":"2010-11-10T14:10:51","slug":"jubileum-reformacie-a-ekumena","status":"publish","type":"post","link":"https:\/\/www.e-anjelik.sk\/index.php\/2010\/11\/10\/jubileum-reformacie-a-ekumena\/","title":{"rendered":"Jubileum reform\u00e1cie a ekum\u00e9na"},"content":{"rendered":"<p>&nbsp;Upozor\u0148ujem na drobn&yacute; \u010dl&aacute;no\u010dek uveden&yacute; na str&aacute;nke&nbsp;<a href=\"http:\/\/www.ekumenizmus.kbs.sk\/spravodajstvo\/i36\/\">http:\/\/www.ekumenizmus.kbs.sk\/spravodajstvo\/i36\/<\/a>&nbsp;<\/p>\n<p>V d\u0148och okolo tohtoro\u010dnej pamiatky reform&aacute;cie som chcel zorganizova\u0165 Pripomienku krstu (Taufged&auml;chtnis), ale bolo to na posledn&uacute; chv&iacute;\u013eu a tak nakoniec nebol z&aacute;ujem. &Scaron;koda&#8230;d&uacute;fam, \u017ee o rok sa to podar&iacute; \ud83d\ude42<\/p>\n<p>Stretli ste sa u\u017e vy niekedy s t&yacute;m, \u017ee by sa sl&aacute;venie Pamiatky reform&aacute;cie konalo v ekumenickom duchu? Mysl&iacute;m t&yacute;m predov&scaron;etk&yacute;m &uacute;\u010das\u0165 katol&iacute;kov na nejakom programe, nejak&aacute; spolo\u010dn&aacute; aktivita. Pr&iacute;padne ako v&ocirc;bec vn&iacute;mate mo\u017enos\u0165 nie\u010doho tak&eacute;ho v Slovensk&yacute;ch podmienkach? Sme tu na nie\u010do tak&eacute; dostato\u010dne zrel&iacute;?<\/p>\n<p>Marana tha!<\/p>\n<p>\n<meta http-equiv=\"content-type\" content=\"text\/html; charset=utf-8\" \/><\/p>\n","protected":false},"excerpt":{"rendered":"<p>&nbsp;Upozor\u0148ujem na drobn&yacute; \u010dl&aacute;no\u010dek uveden&yacute; na str&aacute;nke&nbsp;http:\/\/www.ekumenizmus.kbs.sk\/spravodajstvo\/i36\/&nbsp; V d\u0148och okolo tohtoro\u010dnej pamiatky reform&aacute;cie som chcel zorganizova\u0165 Pripomienku krstu (Taufged&auml;chtnis), ale bolo to na posledn&uacute; chv&iacute;\u013eu a tak nakoniec nebol z&aacute;ujem. &Scaron;koda&#8230;d&uacute;fam, \u017ee o rok sa to podar&iacute; \ud83d\ude42 Stretli ste sa u\u017e vy niekedy s t&yacute;m, \u017ee by sa sl&aacute;venie Pamiatky reform&aacute;cie konalo v ekumenickom &#8230; <a title=\"Jubileum reform\u00e1cie a ekum\u00e9na\" class=\"read-more\" href=\"https:\/\/www.e-anjelik.sk\/index.php\/2010\/11\/10\/jubileum-reformacie-a-ekumena\/\" aria-label=\"Pre\u010d\u00edtajte si viac o Jubileum reform\u00e1cie a ekum\u00e9na\">\u010c\u00edta\u0165 viac<\/a><\/p>\n","protected":false},"author":17,"featured_media":0,"comment_status":"open","ping_status":"open","sticky":false,"template":"","format":"standard","meta":{"footnotes":""},"categories":[2,26],"tags":[],"class_list":["post-3155","post","type-post","status-publish","format-standard","hentry","category-ekumena","category-pamiatka-reformacie"],"_links":{"self":[{"href":"https:\/\/www.e-anjelik.sk\/index.php\/wp-json\/wp\/v2\/posts\/3155","targetHints":{"allow":["GET"]}}],"collection":[{"href":"https:\/\/www.e-anjelik.sk\/index.php\/wp-json\/wp\/v2\/posts"}],"about":[{"href":"https:\/\/www.e-anjelik.sk\/index.php\/wp-json\/wp\/v2\/types\/post"}],"author":[{"embeddable":true,"href":"https:\/\/www.e-anjelik.sk\/index.php\/wp-json\/wp\/v2\/users\/17"}],"replies":[{"embeddable":true,"href":"https:\/\/www.e-anjelik.sk\/index.php\/wp-json\/wp\/v2\/comments?post=3155"}],"version-history":[{"count":0,"href":"https:\/\/www.e-anjelik.sk\/index.php\/wp-json\/wp\/v2\/posts\/3155\/revisions"}],"wp:attachment":[{"href":"https:\/\/www.e-anjelik.sk\/index.php\/wp-json\/wp\/v2\/media?parent=3155"}],"wp:term":[{"taxonomy":"category","embeddable":true,"href":"https:\/\/www.e-anjelik.sk\/index.php\/wp-json\/wp\/v2\/categories?post=3155"},{"taxonomy":"post_tag","embeddable":true,"href":"https:\/\/www.e-anjelik.sk\/index.php\/wp-json\/wp\/v2\/tags?post=3155"}],"curies":[{"name":"wp","href":"https:\/\/api.w.org\/{rel}","templated":true}]}}