{"id":31621,"date":"2017-12-19T22:52:02","date_gmt":"2017-12-19T21:52:02","guid":{"rendered":"http:\/\/e-anjelik.sk\/?p=31621"},"modified":"2017-12-23T08:51:05","modified_gmt":"2017-12-23T07:51:05","slug":"konecne-advent","status":"publish","type":"post","link":"https:\/\/www.e-anjelik.sk\/index.php\/2017\/12\/19\/konecne-advent\/","title":{"rendered":"Kone\u010dne Advent!"},"content":{"rendered":"<p><strong><em>\u201eBol \u010dlovek, ktor\u00e9ho poslal Boh; menoval sa J\u00e1n. Tento pri\u0161iel na svedectvo: sved\u010di\u0165 o svetle, aby v\u0161etci uverili skrze neho. On s\u00e1m nebol to svetlo, len sved\u010di\u0165 mal o svetle. Bolo v\u0161ak prav\u00e9 svetlo, ktor\u00e9 osvecuje ka\u017ed\u00e9ho \u010dloveka prich\u00e1dzaj\u00faceho na svet. Bolo vo svete a svet N\u00edm povstal, ale svet Ho nepoznal. Do svojho vlastn\u00e9ho pri\u0161iel, a Jeho vlastn\u00ed Ho neprijali. Ale t\u00fdm, \u010do Ho prijali, dal moc sta\u0165 sa de\u0165mi Bo\u017e\u00edmi, t\u00fdm, \u010do veria v Jeho meno, ktor\u00ed boli sploden\u00ed nie z krvi, ani z telesnej \u017eiadosti, ani z v\u00f4le mu\u017ea, ale z Boha. A to Slovo stalo sa telom, preb\u00fdvalo medzi nami, a my sme h\u013eadeli na Jeho sl\u00e1vu ako na sl\u00e1vu jednoroden\u00e9ho od Otca, (bolo) pln\u00e9 milosti a pravdy.\u201c J\u00e1n 1,6 &#8211; 14<\/em><\/strong><\/p>\n<p>Je tu \u010das o\u010dak\u00e1vania; \u010dak\u00e1me na Hospodina, aby zoslal svoju L\u00e1sku a\u00a0svoje Svetlo do n\u00e1\u0161ho temn\u00e9ho sveta, ktor\u00e9 n\u00e1m bolo zas\u013e\u00faben\u00e9. Bo\u017eie Svetlo pri\u0161lo skrze Je\u017ei\u0161a, ktor\u00fd sa stal \u013eudskou bytos\u0165ou ako my. Takto n\u00e1m mohol uk\u00e1za\u0165 cestu sp\u00e4\u0165 k Bo\u017eej l\u00e1ske.<\/p>\n<p>Tak ako vrchol\u00ed adventn\u00fd \u010das, my upriamujeme svoj duchovn\u00fd zrak do meste\u010dka Betlehema \u2013 mesta D\u00e1vidovho, kde sa za\u010dal uskuto\u010d\u0148ova\u0165 prorokmi predpovedan\u00fd Bo\u017e\u00ed pl\u00e1n sp\u00e1sy \u2013 z\u00e1chrany \u010dloveka. Bo\u017eie slovo sa stalo telom a preb\u00fdvalo medzi nami \u2013 ako jeden z n\u00e1s, na tejto hriechom pozna\u010denej plan\u00e9te Zem. \u010cakala Ho tu tma a sprev\u00e1dzala Ho od narodenia a\u017e po Golgotsk\u00fd kr\u00ed\u017e. Kristus pri\u0161iel od svojho Otca, z\u00a0nebesk\u00e9ho domova, do n\u00e1\u0161ho sveta, kde bol ohrozovan\u00fd u\u017e od narodenia a\u00a0napokon ukri\u017eovan\u00fd.<\/p>\n<p>Ve\u010f Ho \u010dakala ma\u0161ta\u013e, sprev\u00e1dzali ohov\u00e1rania, nen\u00e1vis\u0165, z\u00e1vis\u0165, zrada, v\u00fdsmech, umu\u010denie. A predsa Ono zostalo v ka\u017edej situ\u00e1cii Svetlom. Presvietilo aj t\u00fa ma\u0161ta\u013e, a u\u017e vtedy sa z\u00a0Neho mohli te\u0161i\u0165 v\u0161etci t\u00ed, ktor\u00fdm v srdciach e\u0161te zostala aspo\u0148 t\u00fa\u017eba po dobrote, o ktor\u00fdch platilo a\u00a0plat\u00ed i dnes: \u201ea na zemi pokoj \u013eu\u010fom dobrej v\u00f4le.\u201c Biblick\u00fd text hovor\u00ed o \u010dloveku dobrej v\u00f4le, ktor\u00fd z cel\u00fdch svojich s\u00edl horlil za spravodlivos\u0165, pravdu, posv\u00e4ten\u00fd \u017eivot pod\u013ea Bo\u017eej v\u00f4le a v tomto boji aj padol. Ako p\u00ed\u0161e evanjelista: <strong><em>\u201eBol \u010dlovek, ktor\u00e9ho poslal Boh; menoval sa J\u00e1n. Tento pri\u0161iel na svedectvo: sved\u010di\u0165 o svetle, aby v\u0161etci uverili skrze neho. On s\u00e1m nebol to svetlo, len sved\u010di\u0165 mal o svetle.\u201c <\/em><\/strong>A tu vidie\u0165 obrovsk\u00fd rozdiel medzi nami \u2013 \u013eu\u010fmi a medzi Je\u017ei\u0161om. A to aj medzi t\u00fdmi najlep\u0161\u00edmi \u013eu\u010fmi, dobrodincami, sv\u00e4tcami, ako ich neraz naz\u00fdvame. O J\u00e1novi Krstite\u013eovi P\u00e1n Je\u017ei\u0161 dokonca povedal, \u017ee bol najv\u00e4\u010d\u0161\u00ed z naroden\u00fdch zo \u017eeny, teda najv\u00e4\u010d\u0161\u00ed \u010dlovek \u2013 a\u00a0predsa nemal sily zmeni\u0165 tento svet, dok\u00e1zal len \u201esved\u010di\u0165\u201c o Tom, ktor\u00fd to dok\u00e1\u017ee, ktor\u00e9ho hviezda a svetlo sa neobmedzuje na telesn\u00fa schr\u00e1nku podliehaj\u00facu skaze, smrti a z\u00e1niku. J\u00e1n to pochopil! \u017dia\u013e, mnoh\u00ed to nepochopili a nech\u00e1pu ani dnes a tak sa aj spr\u00e1vali a spr\u00e1vaj\u00fa. Sta\u010d\u00ed tu spomen\u00fa\u0165 Herodesa, ktor\u00fd chcel dokonca toto Svetlo zni\u010di\u0165 a v dejin\u00e1ch mal hojne nasledovn\u00edkov. Boli rafinovan\u00ed, mali moc, pl\u00e1ny, ma\u0161in\u00e9rie, tajn\u00fa pol\u00edciu \u2013 ale nepodarilo sa im to! Boli aj tak\u00ed, ktor\u00ed toto Svetlo chceli vyu\u017ei\u0165, lebo c\u00edtili ak\u00fa m\u00e1 moc, \u010do vy\u017earuje, ale toto Svetlo nenasledovali, nanajv\u00fd\u0161 sa k Nemu hl\u00e1sili, ke\u010f im to vyhovovalo. A robia to i dnes! Ve\u010f sa d\u00e1 vyu\u017ei\u0165 obchodne, na reklamu, politicky, v duchovnej sf\u00e9re ako nejak\u00fa medic\u00ednu, v\u00a0medi\u00e1lnych \u017eabo-my\u0161\u00edch prestrelk\u00e1ch at\u010f&#8230;(ako\u017ee sa bl\u00ed\u017eia ku Kristovi, ale fakticky Ho zneva\u017euj\u00fa a seba vyzdvihuj\u00fa). Ale toto \u010dasom prin\u00e1\u0161a len nie\u010do plytk\u00e9, tr\u00e1pne, do\u010dasn\u00e9. Takto to s\u00a0nami \u013eu\u010fmi u\u017e chod\u00ed. Nevieme sa v\u017edy spr\u00e1vne rozhodn\u00fa\u0165 pre to, \u010do je v\u00a0danom \u010dase najd\u00f4le\u017eitej\u0161ie. \u017dia\u013e, aj \u017eivot s\u00a0Bohom sa dost\u00e1va pri\u010dasto kamsi na okraj na\u0161ich z\u00e1ujmov. V\u017edy ho ods\u00favame na in\u00fd \u010das. Preto sme nielen duchovne nepripraven\u00ed, ale aj duchovne nevidom\u00ed.<\/p>\n<p>J\u00e1n pochopil a ukazuje aj n\u00e1m, ako treba ch\u00e1pa\u0165 a prij\u00edma\u0165 to ve\u010dn\u00e9 Bo\u017eie Svetlo: <strong><em>\u201eOn mus\u00ed r\u00e1s\u0165 a ja sa umen\u0161ova\u0165!\u201c <\/em><\/strong>A pochopil to aj evanjelista J\u00e1n a jeho slov\u00e1 n\u00e1s povzbudzuj\u00fa pr\u00e1ve k tak\u00e9muto prijatiu Krista P\u00e1na. Aby n\u00e1s menil, presvecoval, aby mal v na\u0161om \u017eivote rozhoduj\u00face slovo! <strong><em>\u201eBolo v\u0161ak prav\u00e9 svetlo, ktor\u00e9 osvecuje ka\u017ed\u00e9ho \u010dloveka prich\u00e1dzaj\u00faceho na svet.\u201c<\/em><\/strong> Nedajme sa pom\u00fdli\u0165 svetielkami a z\u00e1bleskami tohto sveta. Kres\u0165ania nemusia vysvecova\u0165 a osvet\u013eova\u0165 svoje domy \u2013 ale mali by vysvieti\u0165 a presvieti\u0165 svoje srdcia a mysle T\u00fdm Nebesk\u00fdm Svetlom \u2013 Kristom P\u00e1nom.<\/p>\n<p>Po\u017eehnan\u00fd \u010das Adventu, vz\u00e1cny \u010das milosti.<\/p>\n<p>Pokoj V\u00e1m!!<\/p>\n","protected":false},"excerpt":{"rendered":"<p>\u201eBol \u010dlovek, ktor\u00e9ho poslal Boh; menoval sa J\u00e1n. Tento pri\u0161iel na svedectvo: sved\u010di\u0165 o svetle, aby v\u0161etci uverili skrze neho. On s\u00e1m nebol to svetlo, len sved\u010di\u0165 mal o svetle. Bolo v\u0161ak prav\u00e9 svetlo, ktor\u00e9 osvecuje ka\u017ed\u00e9ho \u010dloveka prich\u00e1dzaj\u00faceho na svet. Bolo vo svete a svet N\u00edm povstal, ale svet Ho nepoznal. Do svojho vlastn\u00e9ho &#8230; <a title=\"Kone\u010dne Advent!\" class=\"read-more\" href=\"https:\/\/www.e-anjelik.sk\/index.php\/2017\/12\/19\/konecne-advent\/\" aria-label=\"Pre\u010d\u00edtajte si viac o Kone\u010dne Advent!\">\u010c\u00edta\u0165 viac<\/a><\/p>\n","protected":false},"author":3,"featured_media":0,"comment_status":"open","ping_status":"open","sticky":false,"template":"","format":"standard","meta":{"footnotes":""},"categories":[179],"tags":[],"class_list":["post-31621","post","type-post","status-publish","format-standard","hentry","category-advent"],"_links":{"self":[{"href":"https:\/\/www.e-anjelik.sk\/index.php\/wp-json\/wp\/v2\/posts\/31621","targetHints":{"allow":["GET"]}}],"collection":[{"href":"https:\/\/www.e-anjelik.sk\/index.php\/wp-json\/wp\/v2\/posts"}],"about":[{"href":"https:\/\/www.e-anjelik.sk\/index.php\/wp-json\/wp\/v2\/types\/post"}],"author":[{"embeddable":true,"href":"https:\/\/www.e-anjelik.sk\/index.php\/wp-json\/wp\/v2\/users\/3"}],"replies":[{"embeddable":true,"href":"https:\/\/www.e-anjelik.sk\/index.php\/wp-json\/wp\/v2\/comments?post=31621"}],"version-history":[{"count":3,"href":"https:\/\/www.e-anjelik.sk\/index.php\/wp-json\/wp\/v2\/posts\/31621\/revisions"}],"predecessor-version":[{"id":31635,"href":"https:\/\/www.e-anjelik.sk\/index.php\/wp-json\/wp\/v2\/posts\/31621\/revisions\/31635"}],"wp:attachment":[{"href":"https:\/\/www.e-anjelik.sk\/index.php\/wp-json\/wp\/v2\/media?parent=31621"}],"wp:term":[{"taxonomy":"category","embeddable":true,"href":"https:\/\/www.e-anjelik.sk\/index.php\/wp-json\/wp\/v2\/categories?post=31621"},{"taxonomy":"post_tag","embeddable":true,"href":"https:\/\/www.e-anjelik.sk\/index.php\/wp-json\/wp\/v2\/tags?post=31621"}],"curies":[{"name":"wp","href":"https:\/\/api.w.org\/{rel}","templated":true}]}}