{"id":3164,"date":"2010-11-15T08:50:04","date_gmt":"2010-11-15T08:50:04","guid":{"rendered":"http:\/\/e-anjelik.sk\/?p=3164"},"modified":"2010-11-15T08:50:04","modified_gmt":"2010-11-15T08:50:04","slug":"zriadili-madarsku-evanjelicku-digitalnu-kniznicu","status":"publish","type":"post","link":"https:\/\/www.e-anjelik.sk\/index.php\/2010\/11\/15\/zriadili-madarsku-evanjelicku-digitalnu-kniznicu\/","title":{"rendered":"Zriadili Ma\u010farsk\u00fa evanjelick\u00fa digit\u00e1lnu kni\u017enicu"},"content":{"rendered":"<p>Jubilejn&aacute; komisia pre 500. v&yacute;ro\u010die Reform&aacute;cie , Krajinsk&aacute; evanjelick&aacute; kni\u017enica a Evanjelick&aacute; teologick&aacute; akad&eacute;mia v Budape&scaron;ti zriadili Ma\u010farsk&uacute; evanjelick&uacute; digit&aacute;lnu kni\u017enicu. U\u017e teraz tam mo\u017eno n&aacute;js\u0165 niektor&eacute; tituly a postupne a\u017e do jubilejn&eacute;ho roku 2017 bud&uacute; spr&iacute;stup\u0148ova\u0165 \u010fal&scaron;ie. Kone\u010dn&yacute;m cie\u013eom je, aby t&aacute;to kni\u017enica obsahovala v&scaron;etky ma\u010farsk&eacute; evanjelick&eacute; teologick&eacute; a historick&eacute; diela od roku 1800 a\u017e po rok 2010. Digitaliz&aacute;ciu previedla firma ARCANUM. Predmetn&uacute; kni\u017enicu mo\u017eno n&aacute;js\u0165 na <a href=\"http:\/\/medk.lutheran.hu\">http:\/\/medk.lutheran.hu<\/a>. Str&aacute;nku redak\u010dne pripravil Bogd&aacute;nyi G&aacute;bor.<\/p>\n<p>(<a href=\"http:\/\/www.evangelikus.hu\">www.evangelikus.hu<\/a>)<\/p>\n","protected":false},"excerpt":{"rendered":"<p>Jubilejn&aacute; komisia pre 500. v&yacute;ro\u010die Reform&aacute;cie , Krajinsk&aacute; evanjelick&aacute; kni\u017enica a Evanjelick&aacute; teologick&aacute; akad&eacute;mia v Budape&scaron;ti zriadili Ma\u010farsk&uacute; evanjelick&uacute; digit&aacute;lnu kni\u017enicu. U\u017e teraz tam mo\u017eno n&aacute;js\u0165 niektor&eacute; tituly a postupne a\u017e do jubilejn&eacute;ho roku 2017 bud&uacute; spr&iacute;stup\u0148ova\u0165 \u010fal&scaron;ie. Kone\u010dn&yacute;m cie\u013eom je, aby t&aacute;to kni\u017enica obsahovala v&scaron;etky ma\u010farsk&eacute; evanjelick&eacute; teologick&eacute; a historick&eacute; diela od roku 1800 &#8230; <a title=\"Zriadili Ma\u010farsk\u00fa evanjelick\u00fa digit\u00e1lnu kni\u017enicu\" class=\"read-more\" href=\"https:\/\/www.e-anjelik.sk\/index.php\/2010\/11\/15\/zriadili-madarsku-evanjelicku-digitalnu-kniznicu\/\" aria-label=\"Pre\u010d\u00edtajte si viac o Zriadili Ma\u010farsk\u00fa evanjelick\u00fa digit\u00e1lnu kni\u017enicu\">\u010c\u00edta\u0165 viac<\/a><\/p>\n","protected":false},"author":22,"featured_media":0,"comment_status":"open","ping_status":"open","sticky":false,"template":"","format":"standard","meta":{"footnotes":""},"categories":[9,26,10],"tags":[],"class_list":["post-3164","post","type-post","status-publish","format-standard","hentry","category-europa","category-pamiatka-reformacie","category-zo-sveta"],"_links":{"self":[{"href":"https:\/\/www.e-anjelik.sk\/index.php\/wp-json\/wp\/v2\/posts\/3164","targetHints":{"allow":["GET"]}}],"collection":[{"href":"https:\/\/www.e-anjelik.sk\/index.php\/wp-json\/wp\/v2\/posts"}],"about":[{"href":"https:\/\/www.e-anjelik.sk\/index.php\/wp-json\/wp\/v2\/types\/post"}],"author":[{"embeddable":true,"href":"https:\/\/www.e-anjelik.sk\/index.php\/wp-json\/wp\/v2\/users\/22"}],"replies":[{"embeddable":true,"href":"https:\/\/www.e-anjelik.sk\/index.php\/wp-json\/wp\/v2\/comments?post=3164"}],"version-history":[{"count":0,"href":"https:\/\/www.e-anjelik.sk\/index.php\/wp-json\/wp\/v2\/posts\/3164\/revisions"}],"wp:attachment":[{"href":"https:\/\/www.e-anjelik.sk\/index.php\/wp-json\/wp\/v2\/media?parent=3164"}],"wp:term":[{"taxonomy":"category","embeddable":true,"href":"https:\/\/www.e-anjelik.sk\/index.php\/wp-json\/wp\/v2\/categories?post=3164"},{"taxonomy":"post_tag","embeddable":true,"href":"https:\/\/www.e-anjelik.sk\/index.php\/wp-json\/wp\/v2\/tags?post=3164"}],"curies":[{"name":"wp","href":"https:\/\/api.w.org\/{rel}","templated":true}]}}