{"id":3165,"date":"2010-11-15T09:14:57","date_gmt":"2010-11-15T09:14:57","guid":{"rendered":"http:\/\/e-anjelik.sk\/?p=3165"},"modified":"2010-11-15T09:14:57","modified_gmt":"2010-11-15T09:14:57","slug":"velkd-pripravila-novu-agendu-pre-postne-a-velkonocne-obdobie","status":"publish","type":"post","link":"https:\/\/www.e-anjelik.sk\/index.php\/2010\/11\/15\/velkd-pripravila-novu-agendu-pre-postne-a-velkonocne-obdobie\/","title":{"rendered":"VELKD pripravila nov\u00fa Agendu pre p\u00f4stne a ve\u013ekono\u010dn\u00e9 obdobie"},"content":{"rendered":"<p>VELKD po dvan&aacute;s\u0165ro\u010dnej pr&iacute;prave a sk&uacute;&scaron;kach v &ocirc;smich krajinsk&yacute;ch cirkv&aacute;ch zav\u0155&scaron;ila po pripomienkach a n&aacute;vrhoch pr&aacute;cu na novej Agende pre bohoslu\u017eby v p&ocirc;ste od Popolcovej stredy a\u017e po Ve\u013ek&uacute; noc. Osobitn&aacute; pozornos\u0165 je venovan&aacute; sl&aacute;veniu Vzkriesenia v noci z&nbsp;Bielej soboty na Ve\u013ekono\u010dn&uacute; nede\u013eu. Nov&aacute; Agenda bude pripraven&aacute; na pou\u017e&iacute;vanie e&scaron;te pred za\u010diatkom p&ocirc;stu roku 2011.<\/p>\n<p>(<a href=\"http:\/\/www.ekd.de\">www.ekd.de<\/a>)<\/p>\n","protected":false},"excerpt":{"rendered":"<p>VELKD po dvan&aacute;s\u0165ro\u010dnej pr&iacute;prave a sk&uacute;&scaron;kach v &ocirc;smich krajinsk&yacute;ch cirkv&aacute;ch zav\u0155&scaron;ila po pripomienkach a n&aacute;vrhoch pr&aacute;cu na novej Agende pre bohoslu\u017eby v p&ocirc;ste od Popolcovej stredy a\u017e po Ve\u013ek&uacute; noc. Osobitn&aacute; pozornos\u0165 je venovan&aacute; sl&aacute;veniu Vzkriesenia v noci z&nbsp;Bielej soboty na Ve\u013ekono\u010dn&uacute; nede\u013eu. Nov&aacute; Agenda bude pripraven&aacute; na pou\u017e&iacute;vanie e&scaron;te pred za\u010diatkom p&ocirc;stu roku 2011. &#8230; <a title=\"VELKD pripravila nov\u00fa Agendu pre p\u00f4stne a ve\u013ekono\u010dn\u00e9 obdobie\" class=\"read-more\" href=\"https:\/\/www.e-anjelik.sk\/index.php\/2010\/11\/15\/velkd-pripravila-novu-agendu-pre-postne-a-velkonocne-obdobie\/\" aria-label=\"Pre\u010d\u00edtajte si viac o VELKD pripravila nov\u00fa Agendu pre p\u00f4stne a ve\u013ekono\u010dn\u00e9 obdobie\">\u010c\u00edta\u0165 viac<\/a><\/p>\n","protected":false},"author":22,"featured_media":0,"comment_status":"open","ping_status":"open","sticky":false,"template":"","format":"standard","meta":{"footnotes":""},"categories":[1],"tags":[249],"class_list":["post-3165","post","type-post","status-publish","format-standard","hentry","category-adventna-modlitba","tag-bohosluzby"],"_links":{"self":[{"href":"https:\/\/www.e-anjelik.sk\/index.php\/wp-json\/wp\/v2\/posts\/3165","targetHints":{"allow":["GET"]}}],"collection":[{"href":"https:\/\/www.e-anjelik.sk\/index.php\/wp-json\/wp\/v2\/posts"}],"about":[{"href":"https:\/\/www.e-anjelik.sk\/index.php\/wp-json\/wp\/v2\/types\/post"}],"author":[{"embeddable":true,"href":"https:\/\/www.e-anjelik.sk\/index.php\/wp-json\/wp\/v2\/users\/22"}],"replies":[{"embeddable":true,"href":"https:\/\/www.e-anjelik.sk\/index.php\/wp-json\/wp\/v2\/comments?post=3165"}],"version-history":[{"count":0,"href":"https:\/\/www.e-anjelik.sk\/index.php\/wp-json\/wp\/v2\/posts\/3165\/revisions"}],"wp:attachment":[{"href":"https:\/\/www.e-anjelik.sk\/index.php\/wp-json\/wp\/v2\/media?parent=3165"}],"wp:term":[{"taxonomy":"category","embeddable":true,"href":"https:\/\/www.e-anjelik.sk\/index.php\/wp-json\/wp\/v2\/categories?post=3165"},{"taxonomy":"post_tag","embeddable":true,"href":"https:\/\/www.e-anjelik.sk\/index.php\/wp-json\/wp\/v2\/tags?post=3165"}],"curies":[{"name":"wp","href":"https:\/\/api.w.org\/{rel}","templated":true}]}}