{"id":3167,"date":"2010-11-15T09:48:37","date_gmt":"2010-11-15T09:48:37","guid":{"rendered":"http:\/\/e-anjelik.sk\/?p=3167"},"modified":"2010-11-15T09:48:37","modified_gmt":"2010-11-15T09:48:37","slug":"vo-viedni-otvorili-novu-evanjelicku-strednu-skolu","status":"publish","type":"post","link":"https:\/\/www.e-anjelik.sk\/index.php\/2010\/11\/15\/vo-viedni-otvorili-novu-evanjelicku-strednu-skolu\/","title":{"rendered":"Vo Viedni otvorili nov\u00fa evanjelick\u00fa stredn\u00fa \u0161kolu"},"content":{"rendered":"<p>Vo Viedni v 22. okrese &#8211;&nbsp;Donaustadt &#8211; otvorili 11. novembra t.r. Evanjelick&eacute; re&aacute;lne gymn&aacute;zium, ktor&eacute; bude jedine\u010dn&eacute; v krajine. V s&uacute;\u010dasnosti m&aacute; iba jednu triedu a &scaron;kola sa provizorne nach&aacute;dza v kontajneri, ale jej bud&uacute;cnos\u0165 je ve\u013ek&aacute;. Zameran&aacute; bude toti\u017e na popul&aacute;rnu a svetov&uacute; hudbu. &Scaron;kola je otoren&aacute; pre v&scaron;etk&yacute;ch \u017eiakov bez rozdielu n&aacute;rodnosti, rasy \u010di n&aacute;bo\u017eenstva. &Scaron;kolu po\u017eehnal viedensk&yacute; ev. supritendent Hansjoerg Lein. Riadite\u013ekou &scaron;koly je Elisabeth Kapfenberger. Sl&aacute;vnos\u0165 otvorenia ozdobili \u017eiaci tejto &scaron;koly divadeln&yacute;m predstaven&iacute;m a \u017eiaci hudobnej &scaron;koly J. S. Bacha pridali hudobn&eacute; \u010d&iacute;sla.<\/p>\n<p>(<a href=\"http:\/\/www.evang.at\">www.evang.at<\/a>)<\/p>\n","protected":false},"excerpt":{"rendered":"<p>Vo Viedni v 22. okrese &#8211;&nbsp;Donaustadt &#8211; otvorili 11. novembra t.r. Evanjelick&eacute; re&aacute;lne gymn&aacute;zium, ktor&eacute; bude jedine\u010dn&eacute; v krajine. V s&uacute;\u010dasnosti m&aacute; iba jednu triedu a &scaron;kola sa provizorne nach&aacute;dza v kontajneri, ale jej bud&uacute;cnos\u0165 je ve\u013ek&aacute;. Zameran&aacute; bude toti\u017e na popul&aacute;rnu a svetov&uacute; hudbu. &Scaron;kola je otoren&aacute; pre v&scaron;etk&yacute;ch \u017eiakov bez rozdielu n&aacute;rodnosti, rasy &#8230; <a title=\"Vo Viedni otvorili nov\u00fa evanjelick\u00fa stredn\u00fa \u0161kolu\" class=\"read-more\" href=\"https:\/\/www.e-anjelik.sk\/index.php\/2010\/11\/15\/vo-viedni-otvorili-novu-evanjelicku-strednu-skolu\/\" aria-label=\"Pre\u010d\u00edtajte si viac o Vo Viedni otvorili nov\u00fa evanjelick\u00fa stredn\u00fa \u0161kolu\">\u010c\u00edta\u0165 viac<\/a><\/p>\n","protected":false},"author":22,"featured_media":0,"comment_status":"open","ping_status":"open","sticky":false,"template":"","format":"standard","meta":{"footnotes":""},"categories":[1],"tags":[201],"class_list":["post-3167","post","type-post","status-publish","format-standard","hentry","category-adventna-modlitba","tag-skoly"],"_links":{"self":[{"href":"https:\/\/www.e-anjelik.sk\/index.php\/wp-json\/wp\/v2\/posts\/3167","targetHints":{"allow":["GET"]}}],"collection":[{"href":"https:\/\/www.e-anjelik.sk\/index.php\/wp-json\/wp\/v2\/posts"}],"about":[{"href":"https:\/\/www.e-anjelik.sk\/index.php\/wp-json\/wp\/v2\/types\/post"}],"author":[{"embeddable":true,"href":"https:\/\/www.e-anjelik.sk\/index.php\/wp-json\/wp\/v2\/users\/22"}],"replies":[{"embeddable":true,"href":"https:\/\/www.e-anjelik.sk\/index.php\/wp-json\/wp\/v2\/comments?post=3167"}],"version-history":[{"count":0,"href":"https:\/\/www.e-anjelik.sk\/index.php\/wp-json\/wp\/v2\/posts\/3167\/revisions"}],"wp:attachment":[{"href":"https:\/\/www.e-anjelik.sk\/index.php\/wp-json\/wp\/v2\/media?parent=3167"}],"wp:term":[{"taxonomy":"category","embeddable":true,"href":"https:\/\/www.e-anjelik.sk\/index.php\/wp-json\/wp\/v2\/categories?post=3167"},{"taxonomy":"post_tag","embeddable":true,"href":"https:\/\/www.e-anjelik.sk\/index.php\/wp-json\/wp\/v2\/tags?post=3167"}],"curies":[{"name":"wp","href":"https:\/\/api.w.org\/{rel}","templated":true}]}}