{"id":31673,"date":"2018-02-22T10:09:37","date_gmt":"2018-02-22T09:09:37","guid":{"rendered":"http:\/\/e-anjelik.sk\/?p=31673"},"modified":"2018-02-22T11:05:07","modified_gmt":"2018-02-22T10:05:07","slug":"apple-zamerne-odstranil-velkonocne-sviatky-zo-svojho-kalendara","status":"publish","type":"post","link":"https:\/\/www.e-anjelik.sk\/index.php\/2018\/02\/22\/apple-zamerne-odstranil-velkonocne-sviatky-zo-svojho-kalendara\/","title":{"rendered":"Apple z\u00e1merne odstr\u00e1nil Ve\u013ekono\u010dn\u00e9 sviatky zo svojho kalend\u00e1ra"},"content":{"rendered":"<p>Americk\u00e1 agent\u00fara FOX uviedla, \u017ee Spolo\u010dnos\u0165 Apple bez vysvetlenia z\u00e1merne odstr\u00e1nila Ve\u013ekono\u010dn\u00e9 sviatky zo svojho kalend\u00e1ra: Od najnov\u0161ej verzie opera\u010dn\u00e9ho syst\u00e9mu OSX 11.2.2 u\u017e Ve\u013ek\u00fd piatok a Ve\u013ekono\u010dn\u00e1 nede\u013ea nefiguruje v americkej verzii kalend\u00e1ri. Ostatn\u00e9 n\u00e1bo\u017eensk\u00e9 sviatky &#8211; napr\u00edklad \u017eidovsk\u00e9 a moslimsk\u00e9 ostali zachovan\u00e9. Na t\u00fato skuto\u010dnos\u0165 upozornili nespokojn\u00ed u\u017e\u00edvatelia.<\/p>\n<p>Evanjelik.sk to hodnot\u00ed tak, \u017ee sme sa t\u00fdmto o kr\u00f4\u010dik pribl\u00ed\u017eili k v\u00edzii o posledn\u00fdch \u010dasoch, ktor\u00fa \u010d\u00edtame u <a href=\"https:\/\/www.bible.sk\/sk\/evanjelicky\/daniel\/7#dan-7%3A25\">proroka Daniela<\/a>:<\/p>\n<blockquote><p>25 Bude hovori\u0165 re\u010di proti Najvy\u0161\u0161iemu a tr\u00e1pi\u0165 bude sv\u00e4t\u00fdch Najvy\u0161\u0161ieho. Bude chcie\u0165 zmeni\u0165 \u010dasy sviatkov i z\u00e1kony. Bud\u00fa mu dan\u00e9 do r\u00fak na jeden \u010das, na dva \u010dasy a na pol \u010dasu. Ale zasadne s\u00fad a jeho vl\u00e1da mu bude od\u0148at\u00e1, spusto\u0161en\u00e1 a nav\u017edy zni\u010den\u00e1.<\/p>\n<\/blockquote>\n<p>Ost\u00e1va n\u00e1m len d\u00fafa\u0165, \u017ee si P\u00e1n Je\u017ei\u0161 nevyma\u017ee spolo\u010dnos\u0165 Apple a zodpovedn\u00fdch za tento \u010din zo svojich kontaktov.<\/p>\n<p>N\u00e1s ostatn\u00fdch nech pote\u0161\u00ed, \u017ee Je\u017ei\u0161 je P\u00e1nom situ\u00e1cie a m\u00e1me pr\u00eds\u013eub, ktor\u00fd je tie\u017e je <a href=\"https:\/\/www.bible.sk\/sk\/evanjelicky\/daniel\/7#dan-7%3A25\">u Daniela<\/a>:<\/p>\n<blockquote><p>27 No kr\u00e1\u013eovstvo a moc i ve\u013ekos\u0165 kr\u00e1\u013eovstva pod cel\u00fdm nebom bud\u00fa odovzdan\u00e9 \u013eudu sv\u00e4t\u00fdch Najvy\u0161\u0161ieho; ich kr\u00e1\u013eovstvo bude ve\u010dn\u00e9 a v\u0161etky mocn\u00e1rstva im musia sl\u00fa\u017ei\u0165 a by\u0165 poddan\u00e9.<\/p>\n<\/blockquote>\n","protected":false},"excerpt":{"rendered":"<p>Americk\u00e1 agent\u00fara FOX uviedla, \u017ee Spolo\u010dnos\u0165 Apple bez vysvetlenia z\u00e1merne odstr\u00e1nila Ve\u013ekono\u010dn\u00e9 sviatky zo svojho kalend\u00e1ra: Od najnov\u0161ej verzie opera\u010dn\u00e9ho syst\u00e9mu OSX 11.2.2 u\u017e Ve\u013ek\u00fd piatok a Ve\u013ekono\u010dn\u00e1 nede\u013ea nefiguruje v americkej verzii kalend\u00e1ri. Ostatn\u00e9 n\u00e1bo\u017eensk\u00e9 sviatky &#8211; napr\u00edklad \u017eidovsk\u00e9 a moslimsk\u00e9 ostali zachovan\u00e9. Na t\u00fato skuto\u010dnos\u0165 upozornili nespokojn\u00ed u\u017e\u00edvatelia. Evanjelik.sk to hodnot\u00ed tak, \u017ee &#8230; <a title=\"Apple z\u00e1merne odstr\u00e1nil Ve\u013ekono\u010dn\u00e9 sviatky zo svojho kalend\u00e1ra\" class=\"read-more\" href=\"https:\/\/www.e-anjelik.sk\/index.php\/2018\/02\/22\/apple-zamerne-odstranil-velkonocne-sviatky-zo-svojho-kalendara\/\" aria-label=\"Pre\u010d\u00edtajte si viac o Apple z\u00e1merne odstr\u00e1nil Ve\u013ekono\u010dn\u00e9 sviatky zo svojho kalend\u00e1ra\">\u010c\u00edta\u0165 viac<\/a><\/p>\n","protected":false},"author":1,"featured_media":0,"comment_status":"open","ping_status":"open","sticky":false,"template":"","format":"standard","meta":{"footnotes":""},"categories":[1],"tags":[],"class_list":["post-31673","post","type-post","status-publish","format-standard","hentry","category-adventna-modlitba"],"_links":{"self":[{"href":"https:\/\/www.e-anjelik.sk\/index.php\/wp-json\/wp\/v2\/posts\/31673","targetHints":{"allow":["GET"]}}],"collection":[{"href":"https:\/\/www.e-anjelik.sk\/index.php\/wp-json\/wp\/v2\/posts"}],"about":[{"href":"https:\/\/www.e-anjelik.sk\/index.php\/wp-json\/wp\/v2\/types\/post"}],"author":[{"embeddable":true,"href":"https:\/\/www.e-anjelik.sk\/index.php\/wp-json\/wp\/v2\/users\/1"}],"replies":[{"embeddable":true,"href":"https:\/\/www.e-anjelik.sk\/index.php\/wp-json\/wp\/v2\/comments?post=31673"}],"version-history":[{"count":6,"href":"https:\/\/www.e-anjelik.sk\/index.php\/wp-json\/wp\/v2\/posts\/31673\/revisions"}],"predecessor-version":[{"id":31700,"href":"https:\/\/www.e-anjelik.sk\/index.php\/wp-json\/wp\/v2\/posts\/31673\/revisions\/31700"}],"wp:attachment":[{"href":"https:\/\/www.e-anjelik.sk\/index.php\/wp-json\/wp\/v2\/media?parent=31673"}],"wp:term":[{"taxonomy":"category","embeddable":true,"href":"https:\/\/www.e-anjelik.sk\/index.php\/wp-json\/wp\/v2\/categories?post=31673"},{"taxonomy":"post_tag","embeddable":true,"href":"https:\/\/www.e-anjelik.sk\/index.php\/wp-json\/wp\/v2\/tags?post=31673"}],"curies":[{"name":"wp","href":"https:\/\/api.w.org\/{rel}","templated":true}]}}