{"id":3170,"date":"2010-11-15T10:48:18","date_gmt":"2010-11-15T10:48:18","guid":{"rendered":"http:\/\/e-anjelik.sk\/?p=3170"},"modified":"2010-11-15T10:48:18","modified_gmt":"2010-11-15T10:48:18","slug":"pocet-studentov-na-evanjelikalnych-seminaroch-je-stabilny","status":"publish","type":"post","link":"https:\/\/www.e-anjelik.sk\/index.php\/2010\/11\/15\/pocet-studentov-na-evanjelikalnych-seminaroch-je-stabilny\/","title":{"rendered":"Po\u010det \u0161tudentov na evanjelik\u00e1lnych semin\u00e1roch je stabiln\u00fd"},"content":{"rendered":"<p>Po\u010det &scaron;tudentov na evanjelik&aacute;lnych semin&aacute;roch kraj&iacute;n nemeck&eacute;ho jazyka v Eur&oacute;pe je stabiln&yacute;, napriek celkov&eacute;mu poklesu podielu mlad&yacute;ch \u013eud&iacute; v obyvate\u013estve. Toho \u010dasu na t&yacute;chto &scaron;kol&aacute;ch &scaron;tuduje 2865 &scaron;tudentov, vlani to bolo 2897. Teraj&scaron;&iacute; &scaron;tudenti biblick&yacute;ch &scaron;k&ocirc;l&nbsp;s&uacute;&nbsp; tenden\u010dne pobo\u017enej&scaron;&iacute;mi a misijne anga\u017eovanej&scaron;&iacute;mi ako predch&aacute;dzaj&uacute;ce gener&aacute;cie, no vykazuj&uacute; men&scaron;ie teologick&eacute; a spolo\u010denskokritick&eacute; myslenie. Povedal to predseda Konferencie mision&aacute;rskych vzdel&aacute;vac&iacute;ch zariaden&iacute; a ved&uacute;ci &Scaron;koly pre evanjeliz&aacute;torov Johanneum Burkhard Weber. V&auml;\u010d&scaron;ina 49 vzdel&aacute;vac&iacute;ch zariaden&iacute; v Rak&uacute;sku, Nemecku a &Scaron;vaj\u010diarsku je zastre&scaron;en&aacute; vo dvoch organiz&aacute;ciach: vy&scaron;&scaron;ie spomenutej Konferencii a Konferencii biblicky vern&yacute;ch vzdel&aacute;vac&iacute;ch zariaden&iacute;.<\/p>\n<p>(<a href=\"http:\/\/www.idea.de\">www.idea.de<\/a>)<\/p>\n","protected":false},"excerpt":{"rendered":"<p>Po\u010det &scaron;tudentov na evanjelik&aacute;lnych semin&aacute;roch kraj&iacute;n nemeck&eacute;ho jazyka v Eur&oacute;pe je stabiln&yacute;, napriek celkov&eacute;mu poklesu podielu mlad&yacute;ch \u013eud&iacute; v obyvate\u013estve. Toho \u010dasu na t&yacute;chto &scaron;kol&aacute;ch &scaron;tuduje 2865 &scaron;tudentov, vlani to bolo 2897. Teraj&scaron;&iacute; &scaron;tudenti biblick&yacute;ch &scaron;k&ocirc;l&nbsp;s&uacute;&nbsp; tenden\u010dne pobo\u017enej&scaron;&iacute;mi a misijne anga\u017eovanej&scaron;&iacute;mi ako predch&aacute;dzaj&uacute;ce gener&aacute;cie, no vykazuj&uacute; men&scaron;ie teologick&eacute; a spolo\u010denskokritick&eacute; myslenie. Povedal to predseda Konferencie &#8230; <a title=\"Po\u010det \u0161tudentov na evanjelik\u00e1lnych semin\u00e1roch je stabiln\u00fd\" class=\"read-more\" href=\"https:\/\/www.e-anjelik.sk\/index.php\/2010\/11\/15\/pocet-studentov-na-evanjelikalnych-seminaroch-je-stabilny\/\" aria-label=\"Pre\u010d\u00edtajte si viac o Po\u010det \u0161tudentov na evanjelik\u00e1lnych semin\u00e1roch je stabiln\u00fd\">\u010c\u00edta\u0165 viac<\/a><\/p>\n","protected":false},"author":22,"featured_media":0,"comment_status":"open","ping_status":"open","sticky":false,"template":"","format":"standard","meta":{"footnotes":""},"categories":[1],"tags":[187,201],"class_list":["post-3170","post","type-post","status-publish","format-standard","hentry","category-adventna-modlitba","tag-mladez-3","tag-skoly"],"_links":{"self":[{"href":"https:\/\/www.e-anjelik.sk\/index.php\/wp-json\/wp\/v2\/posts\/3170","targetHints":{"allow":["GET"]}}],"collection":[{"href":"https:\/\/www.e-anjelik.sk\/index.php\/wp-json\/wp\/v2\/posts"}],"about":[{"href":"https:\/\/www.e-anjelik.sk\/index.php\/wp-json\/wp\/v2\/types\/post"}],"author":[{"embeddable":true,"href":"https:\/\/www.e-anjelik.sk\/index.php\/wp-json\/wp\/v2\/users\/22"}],"replies":[{"embeddable":true,"href":"https:\/\/www.e-anjelik.sk\/index.php\/wp-json\/wp\/v2\/comments?post=3170"}],"version-history":[{"count":0,"href":"https:\/\/www.e-anjelik.sk\/index.php\/wp-json\/wp\/v2\/posts\/3170\/revisions"}],"wp:attachment":[{"href":"https:\/\/www.e-anjelik.sk\/index.php\/wp-json\/wp\/v2\/media?parent=3170"}],"wp:term":[{"taxonomy":"category","embeddable":true,"href":"https:\/\/www.e-anjelik.sk\/index.php\/wp-json\/wp\/v2\/categories?post=3170"},{"taxonomy":"post_tag","embeddable":true,"href":"https:\/\/www.e-anjelik.sk\/index.php\/wp-json\/wp\/v2\/tags?post=3170"}],"curies":[{"name":"wp","href":"https:\/\/api.w.org\/{rel}","templated":true}]}}