{"id":3172,"date":"2010-11-17T08:25:15","date_gmt":"2010-11-17T08:25:15","guid":{"rendered":"http:\/\/e-anjelik.sk\/?p=3172"},"modified":"2010-11-17T08:25:15","modified_gmt":"2010-11-17T08:25:15","slug":"vedenie-finskej-evanjelicko-luteranskej-cirkvi-v-bruseli","status":"publish","type":"post","link":"https:\/\/www.e-anjelik.sk\/index.php\/2010\/11\/17\/vedenie-finskej-evanjelicko-luteranskej-cirkvi-v-bruseli\/","title":{"rendered":"Vedenie F\u00ednskej evanjelicko-luter\u00e1nskej cirkvi v Bruseli"},"content":{"rendered":"<p>16. a 17. novembra t.r. nav&scaron;t&iacute;vila deleg&aacute;cia &uacute;stredia Evanjelicko-luter&aacute;nskej cirkvi F&iacute;nska (ELCF) na \u010dele s arcibiskupom Kari M&auml;kkinenom a riadite\u013eom &uacute;radu Jukka Keskitalom Brusel. Cie\u013eom cesty bolo obozn&aacute;mi\u0165 sa s ot&aacute;zkami EU , ktor&eacute; s&uacute; d&ocirc;le\u017eit&eacute; pre cirkev. Okruh t&yacute;chto ot&aacute;zok je boj proti chudobe a soci&aacute;lna marginaliz&aacute;cia v Eur&oacute;pe. &Scaron;peci&aacute;lnou ot&aacute;zkou bude chudoba det&iacute;. EU vo svojej strat&eacute;gii Eur&oacute;pa 2020 vyt&yacute;\u010dila cie\u013e zn&iacute;\u017eenia po\u010dtu chudobn&yacute;ch v EU pod 20 mili&oacute;nov \u013eud&iacute;. Po\u010das n&aacute;v&scaron;tevy prerokuj&uacute; aj Lisabonsk&uacute; zmluvu , a to \u010dl&aacute;nok 17, kde sa hovor&iacute; o postaven&iacute; cirkv&iacute;. V tre\u0165om paragrafe sa hovor&iacute; o dial&oacute;gu medzi EU a cirkvami, ktor&yacute; m&aacute; by\u0165 otvoren&yacute;m, trasparentn&yacute;m a pravideln&yacute;m. ELCF vedie tento dial&oacute;g cez Konferenciu eur&oacute;psk&yacute;ch cirkv&iacute; (KEC). Luter&aacute;nsku cirkev zauj&iacute;maj&uacute; z&aacute;kladn&eacute; \u013eudsk&eacute; pr&aacute;va, \u013eudsk&eacute; pr&aacute;va,n&aacute;bo\u017eensk&aacute; sloboda, politika pris\u0165ahovalectva, soci&aacute;lno-politick&eacute; ot&aacute;zky, klimatick&eacute; zmeny a dial&oacute;g medzi kult&uacute;rami a n&aacute;bo\u017eenstvami. Najak&uacute;tnej&scaron;&iacute;m probl&eacute;mom je r&oacute;mska ot&aacute;zka. Na z&aacute;ver sa deleg&aacute;cia stretne s f&iacute;nsk&yacute;mi poslancami v EU parlamente v dial&oacute;gu o aktu&aacute;lnych ot&aacute;zkach EU a o bud&uacute;cnosti cirkvi.<\/p>\n<p>(evl.fi)<\/p>\n","protected":false},"excerpt":{"rendered":"<p>16. a 17. novembra t.r. nav&scaron;t&iacute;vila deleg&aacute;cia &uacute;stredia Evanjelicko-luter&aacute;nskej cirkvi F&iacute;nska (ELCF) na \u010dele s arcibiskupom Kari M&auml;kkinenom a riadite\u013eom &uacute;radu Jukka Keskitalom Brusel. Cie\u013eom cesty bolo obozn&aacute;mi\u0165 sa s ot&aacute;zkami EU , ktor&eacute; s&uacute; d&ocirc;le\u017eit&eacute; pre cirkev. Okruh t&yacute;chto ot&aacute;zok je boj proti chudobe a soci&aacute;lna marginaliz&aacute;cia v Eur&oacute;pe. &Scaron;peci&aacute;lnou ot&aacute;zkou bude chudoba det&iacute;. &#8230; <a title=\"Vedenie F\u00ednskej evanjelicko-luter\u00e1nskej cirkvi v Bruseli\" class=\"read-more\" href=\"https:\/\/www.e-anjelik.sk\/index.php\/2010\/11\/17\/vedenie-finskej-evanjelicko-luteranskej-cirkvi-v-bruseli\/\" aria-label=\"Pre\u010d\u00edtajte si viac o Vedenie F\u00ednskej evanjelicko-luter\u00e1nskej cirkvi v Bruseli\">\u010c\u00edta\u0165 viac<\/a><\/p>\n","protected":false},"author":22,"featured_media":0,"comment_status":"open","ping_status":"open","sticky":false,"template":"","format":"standard","meta":{"footnotes":""},"categories":[9,10],"tags":[],"class_list":["post-3172","post","type-post","status-publish","format-standard","hentry","category-europa","category-zo-sveta"],"_links":{"self":[{"href":"https:\/\/www.e-anjelik.sk\/index.php\/wp-json\/wp\/v2\/posts\/3172","targetHints":{"allow":["GET"]}}],"collection":[{"href":"https:\/\/www.e-anjelik.sk\/index.php\/wp-json\/wp\/v2\/posts"}],"about":[{"href":"https:\/\/www.e-anjelik.sk\/index.php\/wp-json\/wp\/v2\/types\/post"}],"author":[{"embeddable":true,"href":"https:\/\/www.e-anjelik.sk\/index.php\/wp-json\/wp\/v2\/users\/22"}],"replies":[{"embeddable":true,"href":"https:\/\/www.e-anjelik.sk\/index.php\/wp-json\/wp\/v2\/comments?post=3172"}],"version-history":[{"count":0,"href":"https:\/\/www.e-anjelik.sk\/index.php\/wp-json\/wp\/v2\/posts\/3172\/revisions"}],"wp:attachment":[{"href":"https:\/\/www.e-anjelik.sk\/index.php\/wp-json\/wp\/v2\/media?parent=3172"}],"wp:term":[{"taxonomy":"category","embeddable":true,"href":"https:\/\/www.e-anjelik.sk\/index.php\/wp-json\/wp\/v2\/categories?post=3172"},{"taxonomy":"post_tag","embeddable":true,"href":"https:\/\/www.e-anjelik.sk\/index.php\/wp-json\/wp\/v2\/tags?post=3172"}],"curies":[{"name":"wp","href":"https:\/\/api.w.org\/{rel}","templated":true}]}}