{"id":3173,"date":"2010-11-17T09:02:56","date_gmt":"2010-11-17T09:02:56","guid":{"rendered":"http:\/\/e-anjelik.sk\/?p=3173"},"modified":"2010-11-17T09:02:56","modified_gmt":"2010-11-17T09:02:56","slug":"podpisali-dohodu-o-spolupraci","status":"publish","type":"post","link":"https:\/\/www.e-anjelik.sk\/index.php\/2010\/11\/17\/podpisali-dohodu-o-spolupraci\/","title":{"rendered":"Podp\u00edsali dohodu o spolupr\u00e1ci"},"content":{"rendered":"<p>Od 22. do 25. okt&oacute;bra t.r.&nbsp; nav&scaron;t&iacute;vila deleg&aacute;cia Evanjelicko-augsburskej cirkvi v Po\u013esku Uppsalsk&uacute; diec&eacute;zu &Scaron;v&eacute;dskej cirkvi. V nede\u013eu 24. okt&oacute;bra 2010 po\u010das sl&aacute;vnostnej bohoslu\u017eby v cirkevnom zbore Bollnas bola podp&iacute;san&aacute; dohoda o spolupr&aacute;ci Po\u013eskej cirkvi s touto diec&eacute;zou. Dohoda plat&iacute; pre roky 2010 a\u017e 2014. Po\u013esk&uacute; deleg&aacute;ciu viedol biskup cirkvi Jerzy Samiec s man\u017eelkou. \u010clenmi deleg&aacute;cie boli aj riadite\u013eka Diakonie Wanda Falk a z&aacute;stupca predsedu konzist&oacute;ria Adam Pastucha. Dohoda je pokra\u010dovan&iacute;m predch&aacute;dzaj&uacute;cej dohody z roku 1992 a predpoklad&aacute; spolupr&aacute;cu v oblasti organizovania teologick&yacute;ch semin&aacute;rov, diakonie, v&yacute;meny skup&iacute;n det&iacute; a ml&aacute;de\u017ee, podpory &scaron;tudentov,ktor&iacute; sa nach&aacute;dzaj&uacute; v partnerskej cirkvi (diec&eacute;ze) a v&yacute;menu sk&uacute;senost&iacute; pri v&yacute;stavbe kostolov. Deleg&aacute;ciu prijal na rozhovor aj arcibiskup A. Wejryd, dekanka uppsalskej katedr&aacute;ly A. Anderbrandt a biskup Uppsalskej diec&eacute;zy Ragnar Persenius.<\/p>\n<p>(<a href=\"http:\/\/www.luteranie.pl\">www.luteranie.pl<\/a>)<\/p>\n","protected":false},"excerpt":{"rendered":"<p>Od 22. do 25. okt&oacute;bra t.r.&nbsp; nav&scaron;t&iacute;vila deleg&aacute;cia Evanjelicko-augsburskej cirkvi v Po\u013esku Uppsalsk&uacute; diec&eacute;zu &Scaron;v&eacute;dskej cirkvi. V nede\u013eu 24. okt&oacute;bra 2010 po\u010das sl&aacute;vnostnej bohoslu\u017eby v cirkevnom zbore Bollnas bola podp&iacute;san&aacute; dohoda o spolupr&aacute;ci Po\u013eskej cirkvi s touto diec&eacute;zou. Dohoda plat&iacute; pre roky 2010 a\u017e 2014. Po\u013esk&uacute; deleg&aacute;ciu viedol biskup cirkvi Jerzy Samiec s man\u017eelkou. \u010clenmi &#8230; <a title=\"Podp\u00edsali dohodu o spolupr\u00e1ci\" class=\"read-more\" href=\"https:\/\/www.e-anjelik.sk\/index.php\/2010\/11\/17\/podpisali-dohodu-o-spolupraci\/\" aria-label=\"Pre\u010d\u00edtajte si viac o Podp\u00edsali dohodu o spolupr\u00e1ci\">\u010c\u00edta\u0165 viac<\/a><\/p>\n","protected":false},"author":22,"featured_media":0,"comment_status":"open","ping_status":"open","sticky":false,"template":"","format":"standard","meta":{"footnotes":""},"categories":[9,10],"tags":[],"class_list":["post-3173","post","type-post","status-publish","format-standard","hentry","category-europa","category-zo-sveta"],"_links":{"self":[{"href":"https:\/\/www.e-anjelik.sk\/index.php\/wp-json\/wp\/v2\/posts\/3173","targetHints":{"allow":["GET"]}}],"collection":[{"href":"https:\/\/www.e-anjelik.sk\/index.php\/wp-json\/wp\/v2\/posts"}],"about":[{"href":"https:\/\/www.e-anjelik.sk\/index.php\/wp-json\/wp\/v2\/types\/post"}],"author":[{"embeddable":true,"href":"https:\/\/www.e-anjelik.sk\/index.php\/wp-json\/wp\/v2\/users\/22"}],"replies":[{"embeddable":true,"href":"https:\/\/www.e-anjelik.sk\/index.php\/wp-json\/wp\/v2\/comments?post=3173"}],"version-history":[{"count":0,"href":"https:\/\/www.e-anjelik.sk\/index.php\/wp-json\/wp\/v2\/posts\/3173\/revisions"}],"wp:attachment":[{"href":"https:\/\/www.e-anjelik.sk\/index.php\/wp-json\/wp\/v2\/media?parent=3173"}],"wp:term":[{"taxonomy":"category","embeddable":true,"href":"https:\/\/www.e-anjelik.sk\/index.php\/wp-json\/wp\/v2\/categories?post=3173"},{"taxonomy":"post_tag","embeddable":true,"href":"https:\/\/www.e-anjelik.sk\/index.php\/wp-json\/wp\/v2\/tags?post=3173"}],"curies":[{"name":"wp","href":"https:\/\/api.w.org\/{rel}","templated":true}]}}