{"id":3174,"date":"2010-11-17T09:22:26","date_gmt":"2010-11-17T09:22:26","guid":{"rendered":"http:\/\/e-anjelik.sk\/?p=3174"},"modified":"2010-11-17T09:22:26","modified_gmt":"2010-11-17T09:22:26","slug":"vysviacka-noveho-biskupa-vaxjo-v-nedelu-21-nov-t-r","status":"publish","type":"post","link":"https:\/\/www.e-anjelik.sk\/index.php\/2010\/11\/17\/vysviacka-noveho-biskupa-vaxjo-v-nedelu-21-nov-t-r\/","title":{"rendered":"Vysviacka nov\u00e9ho biskupa V\u00e4xj\u00f6 v nede\u013eu 21. nov. t.r."},"content":{"rendered":"<p>V nede\u013eu 21. novembra t.r. bude v uppsalskej katedr&aacute;le vysviacka novozvolen&eacute;ho biskupa &Scaron;v&eacute;dskej cirkvi pre diec&eacute;zu V&auml;xj&ouml; Jana Olofa Johanssona, doteraj&scaron;ieho dekana katedr&aacute;ly. Vysviacku vykon&aacute; arcibiskup A. Wejryd. Na sl&aacute;vnosti bude pr&iacute;tomn&aacute; korunn&aacute; princezn&aacute; Vict&oacute;ria a jej man\u017eel Daniel. Nov&yacute; biskup sa narodil r. 1948, ordinovan&yacute; bol za k\u0148aza r. 1980. Je \u017eenat&yacute;, s man\u017eelkou Annou maj&uacute; tri dospel&eacute; deti. Jeho kr&eacute;dom a biskupsk&yacute;m heslom s&uacute; slov&aacute; z ev. sv Luk&aacute;&scaron;a: 2,10 -&quot; Rados\u0165 pre v&scaron;etk&yacute;ch \u013eud&iacute;.&quot;<\/p>\n<p>(<a href=\"http:\/\/www.svenskakyrkan.se\">www.svenskakyrkan.se<\/a>)<\/p>\n","protected":false},"excerpt":{"rendered":"<p>V nede\u013eu 21. novembra t.r. bude v uppsalskej katedr&aacute;le vysviacka novozvolen&eacute;ho biskupa &Scaron;v&eacute;dskej cirkvi pre diec&eacute;zu V&auml;xj&ouml; Jana Olofa Johanssona, doteraj&scaron;ieho dekana katedr&aacute;ly. Vysviacku vykon&aacute; arcibiskup A. Wejryd. Na sl&aacute;vnosti bude pr&iacute;tomn&aacute; korunn&aacute; princezn&aacute; Vict&oacute;ria a jej man\u017eel Daniel. Nov&yacute; biskup sa narodil r. 1948, ordinovan&yacute; bol za k\u0148aza r. 1980. Je \u017eenat&yacute;, s man\u017eelkou &#8230; <a title=\"Vysviacka nov\u00e9ho biskupa V\u00e4xj\u00f6 v nede\u013eu 21. nov. t.r.\" class=\"read-more\" href=\"https:\/\/www.e-anjelik.sk\/index.php\/2010\/11\/17\/vysviacka-noveho-biskupa-vaxjo-v-nedelu-21-nov-t-r\/\" aria-label=\"Pre\u010d\u00edtajte si viac o Vysviacka nov\u00e9ho biskupa V\u00e4xj\u00f6 v nede\u013eu 21. nov. t.r.\">\u010c\u00edta\u0165 viac<\/a><\/p>\n","protected":false},"author":22,"featured_media":0,"comment_status":"open","ping_status":"open","sticky":false,"template":"","format":"standard","meta":{"footnotes":""},"categories":[42,10],"tags":[],"class_list":["post-3174","post","type-post","status-publish","format-standard","hentry","category-skandinavia","category-zo-sveta"],"_links":{"self":[{"href":"https:\/\/www.e-anjelik.sk\/index.php\/wp-json\/wp\/v2\/posts\/3174","targetHints":{"allow":["GET"]}}],"collection":[{"href":"https:\/\/www.e-anjelik.sk\/index.php\/wp-json\/wp\/v2\/posts"}],"about":[{"href":"https:\/\/www.e-anjelik.sk\/index.php\/wp-json\/wp\/v2\/types\/post"}],"author":[{"embeddable":true,"href":"https:\/\/www.e-anjelik.sk\/index.php\/wp-json\/wp\/v2\/users\/22"}],"replies":[{"embeddable":true,"href":"https:\/\/www.e-anjelik.sk\/index.php\/wp-json\/wp\/v2\/comments?post=3174"}],"version-history":[{"count":0,"href":"https:\/\/www.e-anjelik.sk\/index.php\/wp-json\/wp\/v2\/posts\/3174\/revisions"}],"wp:attachment":[{"href":"https:\/\/www.e-anjelik.sk\/index.php\/wp-json\/wp\/v2\/media?parent=3174"}],"wp:term":[{"taxonomy":"category","embeddable":true,"href":"https:\/\/www.e-anjelik.sk\/index.php\/wp-json\/wp\/v2\/categories?post=3174"},{"taxonomy":"post_tag","embeddable":true,"href":"https:\/\/www.e-anjelik.sk\/index.php\/wp-json\/wp\/v2\/tags?post=3174"}],"curies":[{"name":"wp","href":"https:\/\/api.w.org\/{rel}","templated":true}]}}