{"id":31741,"date":"2018-03-30T23:19:45","date_gmt":"2018-03-30T21:19:45","guid":{"rendered":"http:\/\/e-anjelik.sk\/?p=31741"},"modified":"2021-04-02T17:28:37","modified_gmt":"2021-04-02T15:28:37","slug":"kvetna-nedela-predzvest-vitazstva","status":"publish","type":"post","link":"https:\/\/www.e-anjelik.sk\/index.php\/2018\/03\/30\/kvetna-nedela-predzvest-vitazstva\/","title":{"rendered":"Kvetn\u00e1 nede\u013ea &#8211; predzves\u0165 v\u00ed\u0165azstva"},"content":{"rendered":"<p><span class=\"Apple-converted-space\">&nbsp; &nbsp; &nbsp; &nbsp; &nbsp; &nbsp; &nbsp; &nbsp; &nbsp; &nbsp; &nbsp; &nbsp; &nbsp; &nbsp; &nbsp; &nbsp; &nbsp; &nbsp; &nbsp; &nbsp; &nbsp; &nbsp; &nbsp; &nbsp; &nbsp; &nbsp; &nbsp; &nbsp; &nbsp; &nbsp;<\/span><b><span class=\"Apple-converted-space\">&nbsp; <\/span>Kvetn\u00e1 nede\u013ea &#8211; predzves\u0165 v\u00ed\u0165azstva<\/b><\/p>\n<p><b>F 2, 5 &#8211; 11:<\/b>\u201d<i> Tak zm\u00fd\u0161\u013eajte medzi sebou ako aj Je\u017ei\u0161 Kristus, (6) ktor\u00fd mal podobu Bo\u017eiu a svoju rovnos\u0165 s Bohom nepokladal za l\u00fape\u017e, (7) ale vzdal sa hodnosti, vzal na seba podobu slu\u017eobn\u00edka, podobn\u00fdm sa stal \u013eu\u010fom a ke\u010f sa zjavil ako \u010dlovek, pon\u00ed\u017eil sa a bol poslu\u0161n\u00fd do smrti, a to a\u017e do smrti na kr\u00ed\u017ei. (9) Preto Ho aj Boh nadmieru pov\u00fd\u0161il a dal Mu meno nad ka\u017ed\u00e9 meno, (10) aby sa v Je\u017ei\u0161ovom mene skl\u00e1\u0148alo ka\u017ed\u00e9 koleno t\u00fdch, \u010do s\u00fa aj na nebi aj na zemi aj pod zemou, (11) a ka\u017ed\u00fd jazyk aby na sl\u00e1vu Boha a Otca vyzn\u00e1val, \u017ee Je\u017ei\u0161 Kristus je P\u00e1n\u201d. Amen<\/i><\/p>\n<p><span class=\"Apple-converted-space\">&nbsp; &nbsp; &nbsp; &nbsp; &nbsp; &nbsp; &nbsp; &nbsp; &nbsp; &nbsp; &nbsp; &nbsp; &nbsp; <\/span>Bratia a sestry v Kristu!<\/p>\n<p><span class=\"Apple-converted-space\">&nbsp; &nbsp; &nbsp;<\/span>V&nbsp;dejin\u00e1ch bolo mnoho kr\u00e1\u013eov a&nbsp;panovn\u00edkov, ktor\u00fd dosiahli ve\u013ek\u00e9 v\u00ed\u0165azstv\u00e1 v\u010faka tomu, \u017ee mali dobre pripraven\u00fa a vycvi\u010den\u00fa arm\u00e1du, alebo mali najlep\u0161iu v\u00fdzbroj a&nbsp;v\u00fdstroj. Ich v\u00ed\u0165azstv\u00e1, neraz pochybnej hotnoty, st\u00e1li v\u0161ak ve\u013ea krvi ich vojakov i&nbsp;\u013eud\u00ed v&nbsp;z\u00e1zem\u00ed. Niekedy sa stalo, \u017ee v boji padol i&nbsp;s\u00e1m kr\u00e1\u013e, ale jeho vojsko zv\u00ed\u0165azilo, ako sa to stalo v&nbsp;pr\u00edpade \u0161v\u00e9dskeho kr\u00e1\u013ea Gustava Adolfa v&nbsp;bitke v&nbsp;Nemecku pri Lutzene, ke\u010f bojoval za pr\u00e1va utl\u00e1\u010dan\u00fdch evanjelikov. Stalo sa i&nbsp;to, \u017ee kr\u00e1\u013e v&nbsp;bitke padol a&nbsp;polo\u017eil svoj \u017eivot pri obrane kr\u00e1\u013eovstva a&nbsp;predsa jeho prehra a&nbsp;smr\u0165 znamenala ve\u013ek\u00fa pohromu. To sa stalo v&nbsp;bitke pri Moh\u00e1\u010di v&nbsp;auguste v&nbsp;roku 1526, ke\u010f zahynul uhorsk\u00fd panovn\u00edk \u013dudov\u00edt<span class=\"Apple-converted-space\">&nbsp; <\/span>II. a s&nbsp;n\u00edm aj 22 tis\u00edc vojakov, mnoho \u0161\u013eachticov a&nbsp;8 biskupov a krajina sa dostala na dlh\u00e9 st\u00e1ro\u010dia bu\u010f pod priamu nadvl\u00e1du Turkov, alebo pod st\u00e1lu hrozbu z ich strany. <span class=\"Apple-converted-space\">&nbsp;<\/span><\/p>\n<p><span class=\"Apple-converted-space\">&nbsp; &nbsp; &nbsp; &nbsp;<\/span><b>Ale stalo sa iba raz v&nbsp;dejin\u00e1ch, \u017ee do ve\u013ekej bitky a&nbsp;z\u00e1pasu i\u0161iel s\u00e1m kr\u00e1\u013e za v\u0161etok \u013eud! <\/b>V&nbsp;nej polo\u017eil svoj vlastn\u00fd \u017eivot a&nbsp;svojou smr\u0165ou vydobil ve\u013ek\u00e9, n\u00e1dhern\u00e9 v\u00ed\u0165azsvto pre v\u0161etky n\u00e1rody a&nbsp;pre v\u0161etk\u00fdch \u013eud\u00ed. T\u00fdm kr\u00e1\u013eom je Ten, ktor\u00fd pri\u0161iel t\u00fd\u017ede\u0148 pred \u017eidovskou Ve\u013ekou nocou do Jeruzalema na osliatku. Nepri\u0161iel na bojovom voze, ani na obrnenom koni, ale na osliatku. Po svojom pr\u00edchode u\u017e o p\u00e1r dn\u00ed vybojoval na Golgote najv\u00e4\u010d\u0161ie mo\u017en\u00e9 v\u00ed\u0165azstvo.<\/p>\n<p><span class=\"Apple-converted-space\">&nbsp;&nbsp; &nbsp; <\/span>Dnes spolu so v\u0161etk\u00fdmi kres\u0165anmi mysl\u00edme s&nbsp;v\u010fakou na n\u00e1\u0161ho P\u00e1na a&nbsp;Kr\u00e1\u013ea na\u0161ich \u017eivotov Je\u017ei\u0161a Krista. Apo\u0161tol Pavol o&nbsp;\u0147om<span class=\"Apple-converted-space\">&nbsp; <\/span>hovor\u00ed, \u017ee <i>\u201c&nbsp;bol rovn\u00fd s&nbsp;Bohom\u201d<\/i>. Bol Bo\u017e\u00edm Synom a&nbsp;t\u00fato rovnos\u0165 si nemusel vybojova\u0165, ani ul\u00fapi\u0165, ale ju mal \u201cod vekov\u201d. Mal ju v\u017edy. On sa v\u0161ak tejto podoby i&nbsp;hodnosti s&nbsp;\u0148ou spojenou vzdal a&nbsp;<i>\u201cvzal na seba podobu slu\u017eobn\u00edka\u201d<\/i>. Kr\u00e1tko pred kone\u010dn\u00fdm z\u00e1pasom prijal v Jeruzaleme poctu, ktor\u00e1 patr\u00ed skuto\u010dn\u00e9mu Kr\u00e1\u013eovi a V\u00ed\u0165azovi.<\/p>\n<p><span class=\"Apple-converted-space\">&nbsp;&nbsp; &nbsp; &nbsp; &nbsp; &nbsp;<\/span>Ak \u013eudia pri poslednom vstupe Je\u017ei\u0161a do Jeruzalema m\u00e1vali palmov\u00fdmi ratoles\u0165ami, ak Ho pozdravovali \u201cHosana\u201d a prevol\u00e1vali Mu na sl\u00e1vu, nebolo to nie\u010do vyn\u00faten\u00e9, alebo organizovan\u00e9 Jeho u\u010den\u00edkmi, \u010di priaznivcami. Palmov\u00e9 ratolesti a&nbsp;kvety mali \u013eudia v&nbsp;ruk\u00e1ch preto, lebo pod\u013ea Bo\u017eieho z\u00e1kona sa pripravovali sl\u00e1vi\u0165 v\u00ed\u0165azn\u00fd v\u00fdchod z Egypta vo sviatok Paschy. Z\u00e1kon predpisoval toto: <i>\u201cV prv\u00fd de\u0148 si vezmite ovocie zo \u0161\u013eachten\u00fdch stromov, palmov\u00e9 ratlesti, vetvy listnat\u00fdch stromov a&nbsp;poto\u010dn\u00fdch v\u0155b a&nbsp;sedem dn\u00ed sa radujte pred Hospodinom\u201c. <\/i>Ratolesti sl\u00fa\u017eili na oslavu ve\u013ek\u00e9ho Bo\u017eieho v\u00ed\u0165azstva a preto pri oslave P\u00e1na Je\u017ei\u0161a neboli zneu\u017eit\u00e9, ale spr\u00e1vne vyu\u017eit\u00e9.<\/p>\n<p><span class=\"Apple-converted-space\">&nbsp; &nbsp; &nbsp;&nbsp;<\/span>Ak v&nbsp;dne\u0161n\u00fa nede\u013eu r\u00edmsko-katol\u00edci veriaci prin\u00e1\u0161aj\u00fa do chr\u00e1mu<span class=\"Apple-converted-space\">&nbsp; <\/span>\u201cbahniatka\u201d, nie to teda nie\u010do proti Biblii. Je to n\u00e1zorn\u00e1 spomienka na ten zvl\u00e1\u0161tny, pam\u00e4tn\u00fd Kristov pr\u00edchod a&nbsp;sprievod. Ak by sme takto pri\u0161li spolo\u010dne v&nbsp;z\u00e1stupe do kostola dnes aj my, malo by to svoje opodstatnenie i&nbsp;logiku. Ve\u010f P\u00e1n Je\u017ei\u0161 t\u00fato oslavu prijal a&nbsp;rovnako prij\u00edma aj dnes \u00faprimn\u00fa poctu a oslavu vo svojej cirkvi a v srdci ka\u017ed\u00e9ho veriaceho.<\/p>\n<p><span class=\"Apple-converted-space\">&nbsp; &nbsp; &nbsp; <\/span>K&nbsp;obyvate\u013eom Jeruzalema prich\u00e1dzal na osliatku ako kr\u00e1\u013e pokoja. Nie kr\u00e1\u013e boja a&nbsp;n\u00e1silia. Neznamenalo to, \u017ee sa mu podlamovali nohy pred Jeho pozemsk\u00fdmi nepriate\u013emi. Nekapituloval ani pred nepriate\u013eom duchovn\u00fdm &#8211; diablom. I\u0161iel v&nbsp;pon\u00ed\u017eenosti a&nbsp;poslu\u0161nosti pred svoj\u00edm Otcom do Jeruzalma a potom na Golgotu. I\u0161iel ako slu\u017eobn\u00edk \u013eudstva, ale s\u00fa\u010dasne ako mocn\u00fd hrdina. Pripraven\u00fd prija\u0165 v\u0161etko utrpenie i smr\u0165, ak to bude Bo\u017eia v\u00f4\u013ea. Ak palmov\u00e9 ratolesti mali teda sl\u00fa\u017ei\u0165 na oslavu P\u00e1na Boha, ne\u0161lo o&nbsp;ich zneu\u017eitie, ale naopak, o&nbsp;ich najspr\u00e1vnej\u0161ie vyu\u017eitie, ke\u010f\u017ee posl\u00fa\u017eili k pozdravu a oslave Bo\u017eieho Syna. Mnoh\u00fdm to vadilo, mnoh\u00ed tomu nerozumeli, ale jedno je ist\u00e9: v&nbsp;Je\u017ei\u0161ovi prich\u00e1dzal<span class=\"Apple-converted-space\">&nbsp; <\/span>k&nbsp;Jeruzalemu i&nbsp;k&nbsp;tomuto svetu s\u00e1m \u017eiv\u00fd Boh.<\/p>\n<p><span class=\"Apple-converted-space\">&nbsp; &nbsp; &nbsp; &nbsp;<\/span>A\u017e po \u0165a\u017ekom boji a&nbsp;z\u00e1pase, ke\u010f v\u0161etko bolo vykonan\u00e9 a&nbsp;dokonan\u00e9, na tret\u00ed de\u0148 sa uk\u00e1zalo, \u017ee zdanliv\u00e1 prehra na kr\u00ed\u017ei bola a&nbsp;zost\u00e1va najv\u00e4\u010d\u0161\u00edm a&nbsp;najuniverz\u00e1lnej\u0161\u00edm v\u00ed\u0165azstvom v dejin\u00e1ch. Toto v\u00ed\u0165azstvo bolo vybojovan\u00e9 toti\u017e pre v\u0161etk\u00fdch. Pre \u017eiv\u00fdch i&nbsp;pre t\u00fdch, \u010do u\u017e zosnuli. Je vybojovan\u00e9 pre v\u0161etky n\u00e1rody, pre mu\u017eov i&nbsp;\u017eeny, pre star\u00fdch i&nbsp;pre nemluvniatka prich\u00e1dzaj\u00face na svet. Je to v\u00ed\u0165azstvo aj pre ka\u017ed\u00e9ho z&nbsp;n\u00e1s. Jeho ve\u013ekos\u0165 je u\u017e v&nbsp;tom, \u017ee ho smieme prija\u0165 kedyko\u013evek a to bez na\u0161ich z\u00e1sluh a&nbsp;hodnost\u00ed. Pravda iba vtedy, ak sa ozdob\u00edme podobnou pokorou, ako Kristus P\u00e1n. Ak sa vzd\u00e1me svojej namyslenej a&nbsp;iluz\u00f3rnej ve\u013ekosti vo vlastn\u00fdch o\u010diach. Ak sa slobodne, dobrovo\u013ene a&nbsp;ochotne rozhodneme k&nbsp;poslu\u0161nosti P\u00e1nu Bohu a Je\u017ei\u0161ovi.<span class=\"Apple-converted-space\">&nbsp;<\/span><\/p>\n<p><span class=\"Apple-converted-space\">&nbsp; &nbsp; &nbsp; &nbsp;<\/span>Toto v\u00ed\u0165azstvo v&nbsp;Je\u017ei\u0161ovom mene a&nbsp;s&nbsp;Jeho pomocou je z\u00e1kladom aj n\u00e1\u0161ho pov\u00fd\u0161enia v&nbsp;Bo\u017e\u00edch o\u010diach u\u017e dnes. Ale i&nbsp;potom, ke\u010f aj my klesneme do prachu zeme v&nbsp;poslednom boji a&nbsp;ke\u010f bude n\u00e1\u0161 boj<span class=\"Apple-converted-space\">&nbsp; <\/span>zdanlivo prehran\u00fd. Ale opak je pravdou. S&nbsp;Kristom P\u00e1nom m\u00f4\u017eeme sl\u00e1vne zv\u00ed\u0165azi\u0165, vsta\u0165, rovnako ako On vstal z&nbsp;m\u0155tvych a \u017ei\u0165 a&nbsp;by\u0165 s&nbsp;N\u00edm v&nbsp;nebi.<\/p>\n<p><span class=\"Apple-converted-space\">&nbsp; &nbsp; &nbsp;<\/span>Bratia a sestry!<span class=\"Apple-converted-space\">&nbsp;<\/span><\/p>\n<p><span class=\"Apple-converted-space\">&nbsp; &nbsp;&nbsp;<\/span>Hovor\u00ed sa, \u017ee tento svet pozn\u00e1 iba v\u00ed\u0165azov a&nbsp;\u00faspe\u0161n\u00fdch. Na t\u00fdch, ktor\u00ed v&nbsp;pretekoch&nbsp;boli druh\u00ed, alebo tret\u00ed si iba m\u00e1lo kto pam\u00e4t\u00e1. Podobne sa zab\u00fada aj na t\u00fdch, ktor\u00ed padli v skuto\u010dnom boji za r\u00f4zne ciele. My v\u0161ak nechceme zabudn\u00fa\u0165 na Toho, ktor\u00fd trpel pre n\u00e1s a za n\u00e1s a ktor\u00fd n\u00e1m vybojoval ve\u013ek\u00e9 v\u00ed\u0165azstvo.<\/p>\n<p><span class=\"Apple-converted-space\">&nbsp;&nbsp; <\/span>Svet a&nbsp;mnoh\u00ed \u013eudia nevidia v&nbsp;Je\u017ei\u0161ovi v\u00ed\u0165aza, mocn\u00e9ho hrdinu, ktor\u00fd porazil diabla, hriech i&nbsp;smr\u0165. Na Jeho meno by nikto nemal zab\u00fada\u0165. Ale my, ktor\u00ed o tom vieme a&nbsp;spoznali sme silu a&nbsp;dobrodenie P\u00e1novho v\u00ed\u0165azstva bu\u010fme t\u00ed, ktor\u00ed dok\u00e1\u017eu ochotne a vidite\u013ene skloni\u0165 kolen\u00e1 pred Je\u017ei\u0161om. Bu\u010fme t\u00ed, ktor\u00ed Je\u017ei\u0161a ako Krista a P\u00e1na st\u00e1le vyvy\u0161uj\u00fa a&nbsp;oslavuj\u00fa. Zosta\u0148me v z\u00e1stupoch t\u00fdch, ktor\u00ed Jeho meno &#8211;<span class=\"Apple-converted-space\">&nbsp; <\/span>ako to Otec nebesk\u00fd chce &#8211; oslavuj\u00fa. Pre ktor\u00fdch je Jeho meno nad ka\u017ed\u00e9 in\u00e9 meno na zemi. Bu\u010fme v\u010fa\u010dn\u00ed n\u00e1\u0161mu P\u00e1novi za Jeho boj, za jeho smr\u0165 i&nbsp;sl\u00e1vne v\u00ed\u0165azstvo. Jeho \u00fa\u017eitok privlastnil a&nbsp;daroval n\u00e1m, svoj\u00edm bratom a&nbsp;priate\u013eom.<\/p>\n<p><span class=\"Apple-converted-space\">&nbsp;&nbsp; &nbsp; &nbsp; &nbsp; <\/span>Mnoh\u00ed takto zm\u00fd\u0161\u013eaj\u00faci a vyzn\u00e1vaj\u00faci n\u00e1s u\u017e predi\u0161li na ve\u010dnos\u0165. Ich tel\u00e1 s\u00fa v&nbsp;zemi, ich du\u0161e v\u0161ak pred tr\u00f3nom Bo\u017e\u00edm v&nbsp;nebi. Pripojme sa k&nbsp;z\u00e1stupom vern\u00fdch, ktor\u00fdch pocty prijal P\u00e1n Je\u017ei\u0161 nielen v Jeruzaleme, ale aj v&nbsp;dne\u0161n\u00fa Kvetn\u00fa nede\u013eu. V&nbsp;pokore a&nbsp;v&nbsp;poslu\u0161nosti na sl\u00e1vu Boha vyzn\u00e1vajme s&nbsp;celou cirkvou Bo\u017eou, so v\u0161etk\u00fdmi draho vyk\u00fapen\u00fdmi, \u017ee Je\u017ei\u0161 Kristus je P\u00e1n! P\u00e1novi P\u00e1nov a&nbsp;Kr\u00e1\u013eovi Kr\u00e1\u013eov, jedin\u00e9mu nesmrte\u013en\u00e9mu Bohu, nech je vzdan\u00e1 aj na\u0161a \u010des\u0165 a&nbsp;sl\u00e1va na veky vekov! Amen. Haleluja!<\/p>\n<p><span class=\"Apple-converted-space\">&nbsp; &nbsp; &nbsp; &nbsp; &nbsp; &nbsp; &nbsp; &nbsp; &nbsp; &nbsp; &nbsp; &nbsp; &nbsp; &nbsp; &nbsp; &nbsp; &nbsp; &nbsp; &nbsp; &nbsp; &nbsp; &nbsp; &nbsp; &nbsp; &nbsp; &nbsp; &nbsp; &nbsp; &nbsp; &nbsp; &nbsp; &nbsp; &nbsp; &nbsp; &nbsp; &nbsp; &nbsp; &nbsp; &nbsp; <\/span>\u013dubom\u00edr Batka st.<\/p>\n","protected":false},"excerpt":{"rendered":"<p>&nbsp; &nbsp; &nbsp; &nbsp; &nbsp; &nbsp; &nbsp; &nbsp; &nbsp; &nbsp; &nbsp; &nbsp; &nbsp; &nbsp; &nbsp; &nbsp; &nbsp; &nbsp; &nbsp; &nbsp; &nbsp; &nbsp; &nbsp; &nbsp; &nbsp; &nbsp; &nbsp; &nbsp; &nbsp; &nbsp;&nbsp; Kvetn\u00e1 nede\u013ea &#8211; predzves\u0165 v\u00ed\u0165azstva F 2, 5 &#8211; 11:\u201d Tak zm\u00fd\u0161\u013eajte medzi sebou ako aj Je\u017ei\u0161 Kristus, (6) ktor\u00fd mal podobu Bo\u017eiu a svoju &#8230; <a title=\"Kvetn\u00e1 nede\u013ea &#8211; predzves\u0165 v\u00ed\u0165azstva\" class=\"read-more\" href=\"https:\/\/www.e-anjelik.sk\/index.php\/2018\/03\/30\/kvetna-nedela-predzvest-vitazstva\/\" aria-label=\"Pre\u010d\u00edtajte si viac o Kvetn\u00e1 nede\u013ea &#8211; predzves\u0165 v\u00ed\u0165azstva\">\u010c\u00edta\u0165 viac<\/a><\/p>\n","protected":false},"author":4,"featured_media":0,"comment_status":"open","ping_status":"open","sticky":false,"template":"","format":"standard","meta":{"footnotes":""},"categories":[121,539,53,95],"tags":[],"class_list":["post-31741","post","type-post","status-publish","format-standard","hentry","category-kazne","category-kvetna-nedela-palmarum","category-post","category-sobotiste"],"_links":{"self":[{"href":"https:\/\/www.e-anjelik.sk\/index.php\/wp-json\/wp\/v2\/posts\/31741","targetHints":{"allow":["GET"]}}],"collection":[{"href":"https:\/\/www.e-anjelik.sk\/index.php\/wp-json\/wp\/v2\/posts"}],"about":[{"href":"https:\/\/www.e-anjelik.sk\/index.php\/wp-json\/wp\/v2\/types\/post"}],"author":[{"embeddable":true,"href":"https:\/\/www.e-anjelik.sk\/index.php\/wp-json\/wp\/v2\/users\/4"}],"replies":[{"embeddable":true,"href":"https:\/\/www.e-anjelik.sk\/index.php\/wp-json\/wp\/v2\/comments?post=31741"}],"version-history":[{"count":2,"href":"https:\/\/www.e-anjelik.sk\/index.php\/wp-json\/wp\/v2\/posts\/31741\/revisions"}],"predecessor-version":[{"id":34551,"href":"https:\/\/www.e-anjelik.sk\/index.php\/wp-json\/wp\/v2\/posts\/31741\/revisions\/34551"}],"wp:attachment":[{"href":"https:\/\/www.e-anjelik.sk\/index.php\/wp-json\/wp\/v2\/media?parent=31741"}],"wp:term":[{"taxonomy":"category","embeddable":true,"href":"https:\/\/www.e-anjelik.sk\/index.php\/wp-json\/wp\/v2\/categories?post=31741"},{"taxonomy":"post_tag","embeddable":true,"href":"https:\/\/www.e-anjelik.sk\/index.php\/wp-json\/wp\/v2\/tags?post=31741"}],"curies":[{"name":"wp","href":"https:\/\/api.w.org\/{rel}","templated":true}]}}