{"id":31749,"date":"2018-05-19T16:15:30","date_gmt":"2018-05-19T14:15:30","guid":{"rendered":"http:\/\/e-anjelik.sk\/?p=31749"},"modified":"2018-05-19T16:56:51","modified_gmt":"2018-05-19T14:56:51","slug":"nas-primluvca","status":"publish","type":"post","link":"https:\/\/www.e-anjelik.sk\/index.php\/2018\/05\/19\/nas-primluvca\/","title":{"rendered":"N\u00e1\u0161 Pr\u00edmluvca"},"content":{"rendered":"<p><strong>\u201eA\u00a0tak aj Duch prich\u00e1dza na pomoc na\u0161ej slabosti.\u201c \u00a0R 8, 26<\/strong><\/p>\n<p>&nbsp;<\/p>\n<p>Toto je hlbok\u00fd zdroj znakov v\u0161etk\u00fdch Bo\u017e\u00edch det\u00ed, ktor\u00e9 sa nedaj\u00fa vymenova\u0165- na\u0161e slabosti. Toto je nie\u010do, \u010do rozozn\u00e1vame; slovo priamo z\u00a0na\u0161ich s\u0155dc, \u201e na\u0161e slabosti\u201c. Apo\u0161tol to hovor\u00ed aj o\u00a0sebe \u201ena\u0161e slabosti\u201c a\u00a0tak seba po\u010d\u00edta medzi t\u00fdch, ktor\u00ed maj\u00fa slabosti. \u00c1no, \u010d\u00edm dlh\u0161ie \u017eijeme pod k\u00e1z\u0148ou Ducha, t\u00fdm viac c\u00edtime na\u0161e slabosti, tak\u017ee nakoniec povieme: V\u0161etko v\u00a0n\u00e1s je len slabos\u0165.<br \/>\nAk\u00fd je Boh a\u00a0\u010do rob\u00ed, to je nie\u010do celkom in\u00e9. Ale v\u00a0n\u00e1s s\u00fa len slabosti a\u00a0to najviac pre\u017e\u00edvame vo veciach, ktor\u00e9 s\u00fa n\u00e1m najdrah\u0161ie a\u00a0najd\u00f4le\u017eitej\u0161ie, ako s\u00fa duchovn\u00e9 myslenie, na\u0161a viera, na\u0161a l\u00e1ska, na\u0161a kres\u0165ansk\u00e1 v\u00e1\u017enos\u0165, na\u0161e modlitby. V\u00a0tak\u00fdch oblastiach najviac c\u00edtime na\u0161e pobl\u00fadenia.<\/p>\n<p>Aj ke\u010f n\u00e1m Boh dal nov\u00e9 duchovn\u00e9 myslenie, predsa sa niekedy spr\u00e1vame ako slepci. Nevid\u00edme v\u00a0P\u00edsme ani najjasnej\u0161iu my\u0161lienku. Priamo pred na\u0161imi o\u010dami s\u00fa pevn\u00e9 z\u00e1klady pre pote\u0161enie- pr\u00e1ve vhodn\u00e9 pre hrie\u0161nikov na konci s\u00a0rozumom. A\u00a0predsa, akoby sme ich nevideli. Sme ako mu\u017e, ktor\u00fd stoj\u00ed pred m\u00farom a\u00a0nevid\u00ed ho.<br \/>\nNielen\u017ee ver\u00edme, \u017ee Boh je v\u0161adepr\u00edtomn\u00fd, my to c\u00edtime aj v\u00a0na\u0161om svedom\u00ed, c\u00edtime, \u017ee vid\u00ed aj na\u0161e najtajnej\u0161ie my\u0161lienky. A\u00a0aj napriek tomu pre\u017e\u00edvame dni a\u00a0hodiny, akoby Boh neexistoval. Ani vo chv\u00edli poku\u0161enia sa Ho neboj\u00edme a\u00a0nepre\u017e\u00edvame pote\u0161enie z\u00a0Jeho pr\u00edtomnosti v\u00a0\u00fazkosti alebo pri modlitbe. \u010co\u00a0z\u00a0toho vypl\u00fdva? Tak\u00e9to veci mus\u00edme pova\u017eova\u0165 za na\u0161e \u201eslabosti\u201c.<\/p>\n<p>Aj ke\u010f n\u00e1m Boh dal svojho Syna, tak\u017ee pre n\u00e1s nie je ni\u010d v\u00e4\u010d\u0161ie a\u00a0drah\u0161ie ako Kristus, st\u00e1le s\u00fa chv\u00edle, ke\u010f sa spr\u00e1vame, akoby nebolo Krista a\u00a0my by sme sa mali pred Bohom postavi\u0165 vo vlastnej spravodlivosti. Aj ke\u010f n\u00e1m Boh dal ve\u013emi pevn\u00e9 z\u00e1klady pre na\u0161u n\u00e1dej spasenia, na\u0161a n\u00e1dej a\u00a0na\u0161e o\u010dak\u00e1vanie s\u00fa \u010dasto tak\u00e9 slab\u00e9, \u017ee cez dlh\u00e9 obdobia prech\u00e1dzame bez my\u0161lienky na to, \u017ee smerujeme do ve\u010dnej sl\u00e1vy. Nie, n\u00e1m sa niekedy zd\u00e1, \u017ee t\u00e1 n\u00e1dej je len snom v\u00a0na\u0161ich srdciach a\u00a0na\u0161ich pocitoch, je to akoby t\u00fa\u017eba, ktor\u00e1 sa napln\u00ed a\u017e vo chv\u00edli ukon\u010denia n\u00e1\u0161ho \u017eivota.<br \/>\nHoci Boh v\u00a0na\u0161ich srdciach sp\u00f4sobil nov\u00fa l\u00e1sku, \u010dasto si m\u00f4\u017eeme v\u0161imn\u00fa\u0165, \u017ee v\u00a0prvom i\u00a0v\u00a0poslednom rade mysl\u00edme na svoj vlastn\u00fd prospech. Je s\u00edce pravda, \u017ee ke\u010f sme sa stali Bo\u017e\u00edmi de\u0165mi, bol do na\u0161ich s\u0155dc vlo\u017een\u00fd Duch modlitby a\u00a0modlitba by mala by\u0165- ako aj niekedy je- najvz\u00e1cnej\u0161ou vecou Bo\u017e\u00edch det\u00ed, niekedy nem\u00e1me chu\u0165 sa modli\u0165 a\u00a0uprostred modlitby n\u00e1s m\u00f4\u017eu ovl\u00e1da\u0165 m\u00e1rne my\u0161lienky. Tieto veci s\u00fa bezpochyby ve\u013ek\u00fdmi slabos\u0165ami.<\/p>\n<p>Ke\u010f si nielen uvedom\u00edme a\u00a0uzn\u00e1me, ale skuto\u010dne pre\u017eijeme, \u017ee na\u0161e slabosti s\u00fa ve\u013ek\u00e9, m\u00e1me tendenciu si z\u00fafa\u0165. Vtedy apo\u0161tol hovor\u00ed: Nez\u00fafajte, m\u00e1me Pote\u0161ite\u013ea: \u201eDuch prich\u00e1dza na pomoc na\u0161im slabostiam\u201c. \u201eS\u00e1m Duch\u201c hovor\u00ed apo\u0161tol. Tento Duch je ve\u013ek\u00fd Pote\u0161ite\u013e, Vodca, Ute\u0161ite\u013e a\u00a0Pr\u00edmluvca, ktor\u00e9ho n\u00e1\u0161 nebesk\u00fd Otec- v\u010faka z\u00e1sluh\u00e1m a\u00a0pr\u00edmluv\u00e1m Syna- poveril \u00falohou sprev\u00e1dza\u0165\u00a0 a\u00a0nav\u0161tevova\u0165 deti po\u010das ich pozemskej p\u00fate.<br \/>\nSo v\u0161etk\u00fdm, \u010do n\u00e1m Boh dal v\u00a0Kristovi, so v\u0161etk\u00fdmi prostriedkami milosti a\u00a0pr\u00e1cou Ducha v\u00a0na\u0161ich srdciach, by sme nemohli \u00faspe\u0161ne prejs\u0165 cez to\u013ek\u00e9 nebezpe\u010denstv\u00e1 a\u00a0\u0165a\u017ekosti, ktor\u00e9 n\u00e1s \u010dakaj\u00fa, keby n\u00e1s Duch nenav\u0161tevoval, neviedol, nevaroval a\u00a0nepote\u0161oval. O\u00a0tak\u00fdch veciach hovoril Kristus u\u010den\u00edkom, ke\u010f ich pripravoval na svoj odchod od nich a\u00a0pr\u00e1ve v\u00a0tom \u010dase opakoval zas\u013e\u00fabenie in\u00e9ho Radcu.<\/p>\n<p>Okrem toho im dal najsl\u00e1vnej\u0161ie zas\u013e\u00fabenia. Uistil ich, \u017ee aj ke\u010f ich teraz op\u00fa\u0161\u0165a, nenech\u00e1 ich bez \u00fatechy. Ur\u010dite Ho znovu uvidia a\u00a0dostan\u00fa rados\u0165, ktor\u00fa im \u017eiadny \u010dlovek nebude m\u00f4c\u0165 vzia\u0165. Povedal im, \u017ee v\u00a0dome Jeho Otca je ve\u013ea pr\u00edbytkov, \u017ee On im ide pripravi\u0165 miesto, \u017ee poznaj\u00fa cestu, ve\u010f bol \u0148ou On s\u00e1m, a\u00a0\u017ee pr\u00edde znova a\u00a0prijme ich k\u00a0Sebe.<br \/>\nT\u00fdmto im vysvetlil, \u017ee nie s\u00fa celkom bezpe\u010dn\u00ed pred mno\u017estvom nebezpe\u010denstiev. Dal im zas\u013e\u00fabenie, ktor\u00e9 \u010dasto opakoval, \u017ee im po\u0161le in\u00e9ho Radcu, Ducha pravdy, a\u00a0\u017ee ten Duch bude preb\u00fdva\u0165 v\u00a0nich naveky a\u00a0pripom\u00edna\u0165 im v\u0161etko, \u010do hovoril.<\/p>\n<p>V\u0161etci by sme si mali hlboko do na\u0161ich s\u0155dc vry\u0165 my\u0161lienku, \u017ee nie sme ponechan\u00ed sami na seba, do na\u0161ej vlastnej starostlivosti, a \u017ee na\u0161e v\u00ed\u0165azstvo v\u00a0boji nez\u00e1vis\u00ed od na\u0161ej sily. V\u00a0inom pr\u00edpade by sme v\u0161etci boli straten\u00ed. S\u00e1m Duch pom\u00e1ha v\u00a0na\u0161ich slabostiach. Slovo \u201epom\u00e1ha\u201c je v\u00a0p\u00f4vodnom texte ve\u013emi d\u00f4le\u017eit\u00e9. Znamen\u00e1 \u201eprilo\u017ei\u0165 ruku k\u00a0pomoci\u201c alebo \u201epo\u017ei\u010da\u0165 ruku niekomu, kto potrebuje pomoc\u201c. Tak sa s\u00e1m Duch zmoc\u0148uje na\u0161ich slabost\u00ed, ale nie preto, aby ich \u00faplne odobral, ale aby ich viedol, aby sa tak Jeho moc zjavila v\u00a0na\u0161ich slabostiach, a\u00a0aby sme nakoniec oslavovali a\u00a0obdivovali Jeho, Jeho m\u00fadros\u0165, vernos\u0165 a\u00a0moc.<\/p>\n<p><strong>Carl Olof Rosenius &#8211; Ka\u017ed\u00fd de\u0148 s\u00a0Bohom<\/strong> (15. september)<\/p>\n<p>&nbsp;<\/p>\n<p>Pokoj V\u00e1m!!<\/p>\n","protected":false},"excerpt":{"rendered":"<p>\u201eA\u00a0tak aj Duch prich\u00e1dza na pomoc na\u0161ej slabosti.\u201c \u00a0R 8, 26 &nbsp; Toto je hlbok\u00fd zdroj znakov v\u0161etk\u00fdch Bo\u017e\u00edch det\u00ed, ktor\u00e9 sa nedaj\u00fa vymenova\u0165- na\u0161e slabosti. Toto je nie\u010do, \u010do rozozn\u00e1vame; slovo priamo z\u00a0na\u0161ich s\u0155dc, \u201e na\u0161e slabosti\u201c. Apo\u0161tol to hovor\u00ed aj o\u00a0sebe \u201ena\u0161e slabosti\u201c a\u00a0tak seba po\u010d\u00edta medzi t\u00fdch, ktor\u00ed maj\u00fa slabosti. \u00c1no, \u010d\u00edm &#8230; <a title=\"N\u00e1\u0161 Pr\u00edmluvca\" class=\"read-more\" href=\"https:\/\/www.e-anjelik.sk\/index.php\/2018\/05\/19\/nas-primluvca\/\" aria-label=\"Pre\u010d\u00edtajte si viac o N\u00e1\u0161 Pr\u00edmluvca\">\u010c\u00edta\u0165 viac<\/a><\/p>\n","protected":false},"author":3,"featured_media":0,"comment_status":"open","ping_status":"open","sticky":false,"template":"","format":"standard","meta":{"footnotes":""},"categories":[108],"tags":[],"class_list":["post-31749","post","type-post","status-publish","format-standard","hentry","category-svatodusne-sviatky"],"_links":{"self":[{"href":"https:\/\/www.e-anjelik.sk\/index.php\/wp-json\/wp\/v2\/posts\/31749","targetHints":{"allow":["GET"]}}],"collection":[{"href":"https:\/\/www.e-anjelik.sk\/index.php\/wp-json\/wp\/v2\/posts"}],"about":[{"href":"https:\/\/www.e-anjelik.sk\/index.php\/wp-json\/wp\/v2\/types\/post"}],"author":[{"embeddable":true,"href":"https:\/\/www.e-anjelik.sk\/index.php\/wp-json\/wp\/v2\/users\/3"}],"replies":[{"embeddable":true,"href":"https:\/\/www.e-anjelik.sk\/index.php\/wp-json\/wp\/v2\/comments?post=31749"}],"version-history":[{"count":2,"href":"https:\/\/www.e-anjelik.sk\/index.php\/wp-json\/wp\/v2\/posts\/31749\/revisions"}],"predecessor-version":[{"id":31753,"href":"https:\/\/www.e-anjelik.sk\/index.php\/wp-json\/wp\/v2\/posts\/31749\/revisions\/31753"}],"wp:attachment":[{"href":"https:\/\/www.e-anjelik.sk\/index.php\/wp-json\/wp\/v2\/media?parent=31749"}],"wp:term":[{"taxonomy":"category","embeddable":true,"href":"https:\/\/www.e-anjelik.sk\/index.php\/wp-json\/wp\/v2\/categories?post=31749"},{"taxonomy":"post_tag","embeddable":true,"href":"https:\/\/www.e-anjelik.sk\/index.php\/wp-json\/wp\/v2\/tags?post=31749"}],"curies":[{"name":"wp","href":"https:\/\/api.w.org\/{rel}","templated":true}]}}