{"id":3175,"date":"2010-11-17T10:02:00","date_gmt":"2010-11-17T10:02:00","guid":{"rendered":"http:\/\/e-anjelik.sk\/?p=3175"},"modified":"2010-11-17T10:02:00","modified_gmt":"2010-11-17T10:02:00","slug":"instalacia-prveho-pastora-luteranskej-cirkvi-spanielska","status":"publish","type":"post","link":"https:\/\/www.e-anjelik.sk\/index.php\/2010\/11\/17\/instalacia-prveho-pastora-luteranskej-cirkvi-spanielska\/","title":{"rendered":"In\u0161tal\u00e1cia prv\u00e9ho pastora Luter\u00e1nskej cirkvi \u0160panielska"},"content":{"rendered":"<p>Evanjelicko-luter&aacute;nska cirkev &Scaron;panielska oslavuje 10 rokov svojej misijnej a kazate\u013eskej pr&aacute;ce. Vznikla z p&ocirc;sobenia Evanjelicko-luter&aacute;nskej cirkvi Argent&iacute;ny a Luter&aacute;nskej cirkvi Misurskej synody. 10. okt&oacute;bra t.r. bola v meste Toledo sl&aacute;vnos\u0165, na ktorej po prv&yacute; raz v 400 ro\u010dnej hist&oacute;rii in&scaron;talovali luter&aacute;nskeho pastora &scaron;panielsk&eacute;ho p&ocirc;vodu. Je n&iacute;m Rev. Juan Carlos Garcia Gazorla. Sl&uacute;\u017ei\u0165 bude v cirkevnom zbore v Seville. Na sl&aacute;vnosti boli pr&iacute;tomn&iacute; aj predstavitelia sestersk&yacute;ch lut. cirkv&iacute; z Franc&uacute;zska, Portugalska, Argent&iacute;ny a LCMS z USA. \u010clenovia &scaron;panielskej lut. cirkvi sa zi&scaron;li 9. a 10. okt. na stretnut&iacute;, aby hlasovali o ot&aacute;zkach n&aacute;rodnej cirkvi, viedli rozhovory a mali &uacute;\u010das\u0165 v duchovnom spolo\u010denstve. Doj&iacute;mav&aacute; bola konfirm&aacute;cia svokry nov&eacute;ho pastora, ktor&aacute; sedem rokov sa z&uacute;\u010dast\u0148ovala luter&aacute;nskeho vyu\u010dovania, no a\u017e teraz sa rozhodla pre lut. cirkev. Okrem troch konfirm&aacute;cii boli tam aj detsk&eacute; podujatia a predstavenie filmu &quot;Desa\u0165 rokov misijnej pr&aacute;ce -hist&oacute;ria &scaron;panielsk&eacute;ho luteranizmu&quot;. V s&uacute;\u010dasnosti po celom &Scaron;panielsku pracuje sedem misijn&yacute;ch stan&iacute;c, v ktor&yacute;ch p&ocirc;sobia dvaja argent&iacute;nski lut. mision&aacute;ri. Ofici&aacute;lna str&aacute;nka Iglesia evangelica luterana espag\u0148a &#8211; IELE je v &scaron;paniel\u010dine na <a href=\"http:\/\/www.luteranos.net\">www.luteranos.net<\/a> .<\/p>\n<p>(<a href=\"http:\/\/www.lcms.org\">www.lcms.org<\/a>)<\/p>\n","protected":false},"excerpt":{"rendered":"<p>Evanjelicko-luter&aacute;nska cirkev &Scaron;panielska oslavuje 10 rokov svojej misijnej a kazate\u013eskej pr&aacute;ce. Vznikla z p&ocirc;sobenia Evanjelicko-luter&aacute;nskej cirkvi Argent&iacute;ny a Luter&aacute;nskej cirkvi Misurskej synody. 10. okt&oacute;bra t.r. bola v meste Toledo sl&aacute;vnos\u0165, na ktorej po prv&yacute; raz v 400 ro\u010dnej hist&oacute;rii in&scaron;talovali luter&aacute;nskeho pastora &scaron;panielsk&eacute;ho p&ocirc;vodu. Je n&iacute;m Rev. Juan Carlos Garcia Gazorla. Sl&uacute;\u017ei\u0165 bude v cirkevnom &#8230; <a title=\"In\u0161tal\u00e1cia prv\u00e9ho pastora Luter\u00e1nskej cirkvi \u0160panielska\" class=\"read-more\" href=\"https:\/\/www.e-anjelik.sk\/index.php\/2010\/11\/17\/instalacia-prveho-pastora-luteranskej-cirkvi-spanielska\/\" aria-label=\"Pre\u010d\u00edtajte si viac o In\u0161tal\u00e1cia prv\u00e9ho pastora Luter\u00e1nskej cirkvi \u0160panielska\">\u010c\u00edta\u0165 viac<\/a><\/p>\n","protected":false},"author":22,"featured_media":0,"comment_status":"open","ping_status":"open","sticky":false,"template":"","format":"standard","meta":{"footnotes":""},"categories":[9],"tags":[],"class_list":["post-3175","post","type-post","status-publish","format-standard","hentry","category-europa"],"_links":{"self":[{"href":"https:\/\/www.e-anjelik.sk\/index.php\/wp-json\/wp\/v2\/posts\/3175","targetHints":{"allow":["GET"]}}],"collection":[{"href":"https:\/\/www.e-anjelik.sk\/index.php\/wp-json\/wp\/v2\/posts"}],"about":[{"href":"https:\/\/www.e-anjelik.sk\/index.php\/wp-json\/wp\/v2\/types\/post"}],"author":[{"embeddable":true,"href":"https:\/\/www.e-anjelik.sk\/index.php\/wp-json\/wp\/v2\/users\/22"}],"replies":[{"embeddable":true,"href":"https:\/\/www.e-anjelik.sk\/index.php\/wp-json\/wp\/v2\/comments?post=3175"}],"version-history":[{"count":0,"href":"https:\/\/www.e-anjelik.sk\/index.php\/wp-json\/wp\/v2\/posts\/3175\/revisions"}],"wp:attachment":[{"href":"https:\/\/www.e-anjelik.sk\/index.php\/wp-json\/wp\/v2\/media?parent=3175"}],"wp:term":[{"taxonomy":"category","embeddable":true,"href":"https:\/\/www.e-anjelik.sk\/index.php\/wp-json\/wp\/v2\/categories?post=3175"},{"taxonomy":"post_tag","embeddable":true,"href":"https:\/\/www.e-anjelik.sk\/index.php\/wp-json\/wp\/v2\/tags?post=3175"}],"curies":[{"name":"wp","href":"https:\/\/api.w.org\/{rel}","templated":true}]}}