{"id":3180,"date":"2010-11-18T15:04:02","date_gmt":"2010-11-18T15:04:02","guid":{"rendered":"http:\/\/e-anjelik.sk\/?p=3180"},"modified":"2010-11-18T15:04:02","modified_gmt":"2010-11-18T15:04:02","slug":"prihovor-pred-spovedou","status":"publish","type":"post","link":"https:\/\/www.e-anjelik.sk\/index.php\/2010\/11\/18\/prihovor-pred-spovedou\/","title":{"rendered":"Pr\u00edhovor pred spove\u010fou"},"content":{"rendered":"<p>&nbsp;<span class=\"Apple-style-span\" style=\"font-family: 'Times New Roman'; line-height: normal; font-size: 16px; \"><i>&nbsp;&nbsp; &nbsp; &nbsp; &nbsp; &nbsp; &nbsp; &nbsp; &nbsp; &nbsp; &nbsp; &nbsp; &nbsp; &nbsp; &nbsp; &nbsp; &nbsp; &nbsp; &nbsp; &nbsp; &nbsp; &nbsp; &nbsp; &nbsp; &nbsp; &nbsp; &nbsp; &nbsp; &nbsp; &nbsp; Pr&iacute;hovor pred spove\u010fou<\/i><\/span><\/p>\n<p style=\"margin: 0.0px 0.0px 0.0px 0.0px; font: 12.0px Times New Roman; min-height: 15.0px\">&nbsp;<\/p>\n<p style=\"margin: 0.0px 0.0px 0.0px 0.0px; font: 16.0px Times New Roman\"><i>&Oacute;, Bar&aacute;nok nevinn&yacute;, poklad \u017eitia jedin&yacute;,<\/i><\/p>\n<p style=\"margin: 0.0px 0.0px 0.0px 0.0px; font: 16.0px Times New Roman\"><i>h\u013ea, ku Tvojim noh&aacute;m pad&aacute;m,&nbsp;<\/i><\/p>\n<p style=\"margin: 0.0px 0.0px 0.0px 0.0px; font: 16.0px Times New Roman\"><i>o milos\u0165 a l&aacute;sku \u017eiadam. <\/i>Amen. (ES 1O5,3b)<\/p>\n<p style=\"margin: 0.0px 0.0px 0.0px 0.0px; font: 12.0px Times New Roman; min-height: 15.0px\">&nbsp;<\/p>\n<p style=\"margin: 0.0px 0.0px 0.0px 0.0px; font: 16.0px Times New Roman\"><b>Ef 5,1-8<\/b>:<\/p>\n<p style=\"margin: 0.0px 0.0px 0.0px 0.0px; font: 16.0px Times New Roman\"><span style=\"font: 12.0px Times New Roman\">&nbsp;&nbsp; &nbsp; Ke\u010f sa P&aacute;n Je\u017ei&scaron; naposledy posadil k hodu Paschy, povedal: &bdquo;<\/span><i>T&uacute;\u017eobne som si \u017eiadal jes\u0165 s vami tohto ve\u013ekono\u010dn&eacute;ho bar&aacute;nka, prv, ako by som trpel.&ldquo;<\/i> (Lk 22,15). Chcel by som i ja v&aacute;m, <i>mil&iacute; olt&aacute;rni bratia a&nbsp; sestry,<\/i> v duchu&nbsp; t&yacute;chto slov hne\u010f na &uacute;vod poveda\u0165, \u017ee som si v duchu \u017eiadal jes\u0165 pr&aacute;ve s vami <b>pasch&aacute;lnu ve\u010deru<\/b>, <b>seder<\/b> &#8211; , ako hovoria dne&scaron;n&iacute; \u017didia, Hod bar&aacute;nka a <b>v<\/b> <b>r&aacute;mci <\/b>sederovej ve\u010dere prisl&uacute;\u017ei\u0165 v&aacute;m <b>aj Ve\u010deru P&aacute;novu<\/b>. T&uacute; t&uacute;\u017ebu som mal u\u017e d&aacute;vnej&scaron;ie v srdci, ale nemal som odvahu v&aacute;m to predostrie\u0165. Iba br.seniorovi som sa o tom zmienil,, ale dohodli sme sa, \u017ee tak mo\u017eno niekedy urob&iacute;me, no nie sk&ocirc;r, ako sa spolo\u010dne na tom&nbsp; dohodneme a spolo\u010dne sa k tomu priprav&iacute;me. Sederov&uacute; ve\u010deru na <b>Zelen&yacute; &Scaron;tvrtok<\/b> sme si &bdquo;odsk&uacute;&scaron;ali&ldquo; u\u017e viackr&aacute;t v na&scaron;ej rodine. Br.senior nechcel, aby som pre tak&yacute;to sp&ocirc;sob vykonania Ve\u010dere P&aacute;novej&nbsp; dnes &bdquo;trpel&ldquo; ja, (- ve\u010f utrpenie n&aacute;&scaron;ho P&aacute;na je dostato\u010dn&eacute; za n&aacute;s).<\/p>\n<p style=\"margin: 0.0px 0.0px 0.0px 0.0px; font: 12.0px Times New Roman; min-height: 15.0px\">&nbsp;<\/p>\n<p style=\"margin: 0.0px 0.0px 0.0px 0.0px; font: 16.0px Times New Roman\"><span style=\"font: 12.0px Times New Roman\">&nbsp; &nbsp; T&uacute;\u017eil som v&aacute;s tu priv&iacute;ta\u0165 u\u017e vlani, v tomto tre\u0165om evanjelickom chr&aacute;me v Soboti&scaron;ti, preto\u017ee vlani sme sl&aacute;vili nieko\u013eko v&yacute;znamn&yacute;ch v&yacute;ro\u010d&iacute;. Medzi nimi aj smutn&uacute; spomienku, ke\u010f v septembri uplynulo 3OO rokov, ako bol tunaj&scaron;&iacute;m evanjelikom definit&iacute;vne odobrat&yacute; ich druh&yacute; chr&aacute;m. &#8211; Ale boli aj radostnej&scaron;ie v&yacute;ro\u010dia: 15O rokov od zak&uacute;penia nov&yacute;ch oce\u013eov&yacute;ch zvonov z Bochumu a 1OO- ro\u010dnica&nbsp; peknej ve\u017ee, dielo arch.M.Harminca. Tak bola naplnen&aacute; t&uacute;\u017eba k\u0148aza <\/span><b>Pavla Beblav&eacute;ho<\/b>, rok pred jeho smr\u0165ou. &#8211; Soboti&scaron;te&nbsp; je starou farnos\u0165ou a v&ocirc;bec prv&yacute; kostol bol postaven&yacute; zrejme u\u017e v hrade Bran\u010d. Jeho zbytky s&uacute; zrete\u013en&eacute; e&scaron;te aj dnes v ruin&aacute;ch hradu.&nbsp; Odobrat&yacute; kostol bol postaven&yacute; a prestavan&yacute; za p&ocirc;sobenia evanjelick&eacute;ho far&aacute;ra&nbsp; a <b>seniora Plave\u010dsko &ndash; braneck&eacute;ho senior&aacute;ta Ambr&oacute;za Lucae &#8211; Rybo&scaron;iho v r.1636 <\/b>a v tom istom roku bola postaven&aacute;&nbsp; aj kaplnka v tunaj&scaron;om ka&scaron;tieli. <b>Sl&aacute;vili sme aj 4O-ro\u010dnicu posviacky&nbsp; filil&aacute;lneho kostol&iacute;ka v Rovensku.<\/b> A aby t&yacute;ch v&yacute;ro\u010d&iacute; nebolo m&aacute;lo, stretli sme sa tu aj pri mojom osobnom jubileu. Ke\u010f\u017ee v tom \u010dase sa moja t&uacute;\u017eba &#8211; sl&aacute;vi\u0165 s vami Ve\u010deru P&aacute;novu nenaplnila, stret&aacute;vame sa tu teda a\u017e dnes.<\/p>\n<p style=\"margin: 0.0px 0.0px 0.0px 0.0px; font: 16.0px Times New Roman\">T&uacute;\u017eba&nbsp; jes\u0165 s vami &bdquo;hod ve\u013ekono\u010dn&eacute;ho bar&aacute;nka&ldquo; je vec, ktor&aacute; ma zauj&iacute;mala u\u017e pre z&iacute;skanie re&aacute;lnej&scaron;iej predstavy, ako to pribli\u017ene v&scaron;etko prebiehalo vo ve\u010deradle v &bdquo;on&uacute; ve\u010dern&uacute; chv&iacute;\u013eu &bdquo; a ako asi mohli rezonova\u0165 slov&aacute; P&aacute;na Je\u017ei&scaron;a pri<b> ustanoven&iacute; <\/b>Jeho Sv&auml;tej Ve\u010dere.<\/p>\n<p style=\"margin: 0.0px 0.0px 0.0px 0.0px; font: 16.0px Times New Roman\">&nbsp; &nbsp; &nbsp; Dnes m&aacute;m plni\u0165 Bo\u017eie poverenie: vola\u0165 k pok&aacute;niu olt&aacute;rnych spolubratov a spolusestry, sprev&aacute;dza\u0165 v&aacute;s pri spovedi tak, aby va&scaron;e pok&aacute;nie bolo &uacute;primn&eacute; a t&uacute;\u017eba po prijat&iacute; milosti e&scaron;te silnej&scaron;ia a &uacute;primnej&scaron;ia.<\/p>\n<p style=\"margin: 0.0px 0.0px 0.0px 0.0px; font: 16.0px Times New Roman\">V&scaron;etci&nbsp; pozn&aacute;te t&uacute; \u0165archu, hovori\u0165 k &bdquo;profesion&aacute;lom&ldquo;, ktor&iacute; poznaj&uacute; P&iacute;smo a Bo\u017eie Slovo tak dobre, ako aj ja, a lep&scaron;ie,&nbsp; ktor&iacute; za pr&iacute;kladom \u017ealmistu z 1. \u017dalmu- &bdquo;<i>nechodia pod\u013ea rady bezbo\u017en&iacute;kov, na cest&aacute;ch hrie&scaron;nikov nestoja, ale v z&aacute;kone Hospodinovom&nbsp; maj&uacute; z&aacute;\u013eubu&nbsp; a o Jeho z&aacute;kone rozj&iacute;maj&uacute; d\u0148om nocou.<\/i>&ldquo; Je to ten pocit proroka N&aacute;tana, ke\u010f mal prehovori\u0165 k D&aacute;vidovi a poveda\u0165 mu od o\u010d&iacute;:&ldquo; <i>Ty si ten mu\u017e<\/i>&ldquo;! On si zvolil na &uacute;vod podobenstvo. Ja zase, v&aacute;m dobre zn&aacute;my text, slov&aacute; ap.Pavla&nbsp; z listu efezsk&yacute;m kres\u0165anom, ktor&eacute; ste pravdepodobne aj vy vo va&scaron;ich zboroch v tohtoro\u010dnom p&ocirc;ste \u010d&iacute;tali a predkladali svojim posluch&aacute;\u010dom.<\/p>\n<p style=\"margin: 0.0px 0.0px 0.0px 0.0px; font: 16.0px Times New Roman\">T&yacute;m som si dlh&eacute; lisotvanie v P&iacute;sme u\u013eah\u010dil, ale na druhej strane s\u0165a\u017eil, ak m&aacute;m zauja\u0165 va&scaron;u myse\u013e a pozornos\u0165 d&ocirc;verne zn&aacute;mymi slovami. Druhou&nbsp; \u0165a\u017ekos\u0165ou je samotn&aacute; <b>spove\u010f<\/b>, v ktorej m&aacute;me kr&aacute;\u010da\u0165 najsk&ocirc;r cestou pok&aacute;nia, poznania a vyznania na&scaron;ich hriechov, cestou \u013e&uacute;tosti v d&ocirc;vere, \u017ee n&aacute;m bud&uacute; hriechy odpusten&eacute; a \u017ee <b>absol&uacute;cia<\/b> nebude prisl&uacute;\u017een&iacute;m lacnej milosti, ale vpravde Bo\u017e&iacute;m dielom pri n&aacute;s a v n&aacute;s.<\/p>\n<p style=\"margin: 0.0px 0.0px 0.0px 0.0px; font: 16.0px Times New Roman; min-height: 18.0px\">&nbsp;<\/p>\n<p style=\"margin: 0.0px 0.0px 0.0px 0.0px; font: 12.0px Times New Roman\">&nbsp;&nbsp; &nbsp; T&aacute;to \u0165a\u017ekos\u0165 je dobre zn&aacute;ma aj v&scaron;etk&yacute;m v&aacute;m, ke\u010f kon&aacute;te pred Ve\u010derou P&aacute;novou spove\u010f. Nem&aacute;me istotu, \u010di sa na&scaron;e ove\u010dky kajaj&uacute; &uacute;primne, ako pri v&scaron;eobecnej spovedi hovoria. Nem&aacute;me istotu, \u010di v&scaron;etci naozaj svoj hriech spoznali a \u010di sa potom s\u013eub polep&scaron;enia \u017eivota, onoho &bdquo;<span style=\"font: 16.0px Times New Roman\"><i>svietenia pred \u013eu\u010fmi&ldquo;<\/i> naozaj prejav&iacute; v novote \u017eivota. A to nie ako z&aacute;sluha, ale ako d&ocirc;vod&nbsp; chv&aacute;ly Boha. D&ocirc;vod <b>velebenia<\/b> Toho, ktor&yacute; je \u017eiv&yacute; a kon&aacute;&nbsp; medzi nami dielo z&aacute;chrany.<\/span><\/p>\n<p style=\"margin: 0.0px 0.0px 0.0px 0.0px; font: 16.0px Times New Roman\">To je toti\u017e to, \u010do n&aacute;s tr&aacute;pi a o \u010dom v in&yacute;ch s&uacute;vislostiach u\u017e ove\u013ea otvorenej&scaron;ie a kritickej&scaron;ie hovor&iacute;me. Ako som to u\u017e vlani z dotazn&iacute;kov o VP v na&scaron;om MyS zistil a potvrdzuje sa to op&auml;\u0165 a znovu, <b>osobn&uacute; spove\u010f sme my evanjelici temer opustili,<\/b> na osobn&uacute; spove\u010f&nbsp; a na naozaj osobn&eacute; rozhre&scaron;enie zabudli. A to jednak na&scaron;i cirkevn&iacute;ci a s nimi aj my, ich duchovn&iacute; pastieri. Samozrejme, ak sa stret&aacute;me ako k\u0148azi cirkvi a t&iacute;, ktor&iacute; u\u010dia in&yacute;ch pozna\u0165 z&aacute;kon Bo\u017e&iacute; a zo z&aacute;kona hriech, je to predsa len in&eacute;. Aj ke\u010f to u\u017e nehovor&iacute;me&nbsp; a nepripom&iacute;name priamo v Agende, <b>vieme, \u017ee kto sa &uacute;primne nekaj&aacute;, nedost&aacute;va odpustenie hriechov.<\/b><\/p>\n<p style=\"margin: 0.0px 0.0px 0.0px 0.0px; font: 12.0px Times New Roman; min-height: 15.0px\">&nbsp; &nbsp; &nbsp;<\/p>\n<p style=\"margin: 0.0px 0.0px 0.0px 0.0px; font: 16.0px Times New Roman\"><span style=\"font: 12.0px Times New Roman\">&nbsp;&nbsp; &nbsp; <\/span>Ap.Pavel n&aacute;m stavia teda pred n&aacute;&scaron; zrak cel&yacute; Bo\u017e&iacute; z&aacute;kon. Obe tabule Desatora, aj ke\u010f to priamo nespom&iacute;na. Vieme, \u017ee obsahom cel&eacute;ho z&aacute;kona Bo\u017eieho je l&aacute;ska. Ono prik&aacute;zanie l&aacute;sky k Bohu a k na&scaron;im bl&iacute;\u017enym.V&yacute;zva: &ldquo;<i>\u017dite v l&aacute;ske&ldquo;<\/i> je tak jasn&yacute;m a zrozumiten\u013e&yacute;m slovom: \u017eite pod\u013ea Bo\u017eieho Slova! \u017dite pod\u013ea Boha a napobod\u0148ujte Ho v l&aacute;ske. V mnohej trpezlivosti, dobrotivosti, v odp&uacute;&scaron;\u0165an&iacute;, v milovan&iacute; pravdy a v&ocirc;bec tak, ako v Hymne l&aacute;sky na inom mieste ap.Pavel o pravej l&aacute;ske hovor&iacute;.<\/p>\n<p style=\"margin: 0.0px 0.0px 0.0px 0.0px; font: 12.0px Times New Roman; min-height: 15.0px\">&nbsp;<\/p>\n<p style=\"margin: 0.0px 0.0px 0.0px 0.0px; font: 16.0px Times New Roman\"><span style=\"font: 12.0px Times New Roman\">&nbsp;&nbsp; &nbsp; Ke\u010f dnes vol&aacute;me \u013eud&iacute; k \u017eivotu v l&aacute;ske, m&aacute;me presne t&uacute; ist&uacute; \u0165a\u017ekos\u0165, ak&uacute; poznali aj apo&scaron;tolovia a vlastne v&scaron;etky gener&aacute;cie pred nami: vysvetli\u0165, <\/span><b>\u010do a ak&aacute; je prav&aacute; l&aacute;ska<\/b>. Rozdiel je v tom, \u017ee dnes sa inform&aacute;cie &scaron;&iacute;ria ove\u013ea r&yacute;chlej&scaron;ie ako vo\u013eakedy a tak aj v&scaron;etky mo\u017en&eacute; zl&eacute; pr&iacute;klady a konanie, ktor&eacute; s&uacute; deform&aacute;ciou l&aacute;sky sl&uacute;\u017eiacej, d&aacute;vaj&uacute;ej, trpezlivej a dobrotivej. Na&scaron;i posluch&aacute;\u010di vidia ove\u013ea viac sebal&aacute;sky, a\u017e po&nbsp; &uacute;plne <b>prevr&aacute;ten&eacute; ch&aacute;panie l&aacute;sky.<\/b><\/p>\n<p style=\"margin: 0.0px 0.0px 0.0px 0.0px; font: 16.0px Times New Roman\">&nbsp; &nbsp; &nbsp; Apo&scaron;tol ho spom&iacute;na ako &bdquo;<i>smilstvo a ne\u010distotu<\/i>&ldquo;. Nielen vtedaj&scaron;&iacute; pohania tak \u017eili. Pod\u013ea vtedy zn&aacute;meho sloganu: &bdquo;\u017ei\u0165 po korinstsky&ldquo; znamenalo to \u017ei\u0165 &uacute;plne neviazane. Aj neskor&scaron;&iacute; a dne&scaron;n&iacute;&nbsp; novopohania&nbsp; praktizuj&uacute; smilstvo ako nie\u010do be\u017en&eacute; a tzv. norm&aacute;lne. A nielen pohania, ale aj nimi ovplyvnen&iacute; kres\u0165ania. Viem, \u017ee toto nie je&nbsp; nejak&yacute;m aktu&aacute;lnym hriechom v k\u0148azsve a v bratstv&aacute;ch, i ke\u010f&nbsp; sa to vyl&uacute;\u010di\u0165 nikdy ned&aacute;. Iba chcem poveda\u0165, \u017ee ak sa tak stane, je to pre Cirkev a jej \u017eivot, pre&nbsp; misiu a&nbsp; evanjeliz&aacute;ciu ve\u013ek&yacute; balvan, ba priamo ur\u010dit&aacute; kliatba.<\/p>\n<p style=\"margin: 0.0px 0.0px 0.0px 0.0px; font: 12.0px Times New Roman; min-height: 15.0px\">&nbsp;<\/p>\n<p style=\"margin: 0.0px 0.0px 0.0px 0.0px; font: 12.0px Times New Roman\">&nbsp;&nbsp; &nbsp; &nbsp; A predsa tu stoj&iacute;me pred v&aacute;\u017enym probl&eacute;mom, ak si uvedom&iacute;me, \u017ee&nbsp;<\/p>\n<p style=\"margin: 0.0px 0.0px 0.0px 0.0px; font: 16.0px Times New Roman\">na na&scaron;om milom Slovensku, kde \u017eijeme a pracujeme v Cirkvi Kristovej, pod\u013ea vla\u0148aj&scaron;&iacute;ch &scaron;tatist&iacute;k: <b>4O zo 100 <\/b>sob&aacute;&scaron;eb&yacute;ch p&aacute;rov sa rozv&aacute;dza! <b>Rozvody<\/b> rozo\u017eieraj&uacute; na&scaron;e rodiny a zbory, ni\u010dia a zamoruj&uacute; ovzdu&scaron;ie&nbsp; l&aacute;sky, v ktorom musia vyrasta\u0165 mnoh&eacute; deti. Preto si kla\u010fme ot&aacute;zku: sme v stave e&scaron;te poveda\u0165 to, \u010do chce Boh? Sme v stave poveda\u0165 i to, \u010do nechce? <b>Pln&iacute;me Jeho v&ocirc;\u013eu, alebo prisl&uacute;\u017eime pokojne absol&uacute;ciu v&scaron;ade a v&scaron;etk&yacute;m? <\/b>Kles&aacute; n&aacute;m rap&iacute;dne <b>p&ocirc;rodnos\u0165<\/b>, hoci&nbsp; mlad&iacute;&nbsp; &bdquo;\u017eij&uacute; spolu&ldquo;,- ale ponajviac: &bdquo;na psiu kni\u017eku&ldquo;. Rodi\u010dia sa u\u017e ani nepok&uacute;&scaron;aj&uacute; to kritizova\u0165, tob&ocirc;\u017e nie zmeni\u0165. A \u010do my, ktor&iacute; to m&aacute;me poveda\u0165, ako N&aacute;tan u\u017e spomenut&eacute;mu D&aacute;vidovi?<\/p>\n<p style=\"margin: 0.0px 0.0px 0.0px 0.0px; font: 12.0px Times New Roman; min-height: 15.0px\">&nbsp;<\/p>\n<p style=\"margin: 0.0px 0.0px 0.0px 0.0px; font: 12.0px Times New Roman\">&nbsp;&nbsp; Vlani, koncom roku, &Scaron;v&eacute;dska evanj. cirkev- za pr&iacute;kladom niektor&yacute;ch americk&yacute;ch, schv&aacute;lila na Synode z&aacute;kon o po\u017eehn&aacute;van&iacute; homosexu&aacute;lnych p&aacute;rov. My sme sa e&scaron;te zmohli na protest &#8211; ale ustoj&iacute;me to? N&oacute;rska cirkev pre zmenu neust&aacute;la tlak priate\u013eov zvierat&nbsp; a r&ocirc;znych in&yacute;ch zdru\u017een&iacute; a synoda umo\u017enila cirkevn&eacute; pohreby dom&aacute;cich mil&aacute;\u010dikov&#8230;zvieratiek.<\/p>\n<p style=\"margin: 0.0px 0.0px 0.0px 0.0px; font: 16.0px Times New Roman\">Apo&scaron;tol hovor&iacute;: &bdquo;<i>vy to ani len nespom&iacute;najte medzi sebou<\/i>!&ldquo; Ak, tak len ako hriech. Ale hriech, Boh nen&aacute;vid&iacute; &#8230;<\/p>\n<p style=\"margin: 0.0px 0.0px 0.0px 0.0px; font: 16.0px Times New Roman\">Nie \u017ee by sme teda my sami prepadli star&eacute;mu pohansk&eacute;mu &scaron;t&yacute;lu \u017eivota, ale&nbsp; <b>ide o vernos\u0165 vo vyu\u010dovan&iacute;,<\/b> v zvestovan&iacute; Bo\u017eej v&ocirc;le, ale oznamovan&iacute; aj trestu za nekaj&uacute;cnos\u0165. Ide aj o to, kona\u0165 pod\u013ea druhej \u010dasti Kristovho slova: &bdquo;<b>ktor&yacute;mko\u013evek zadr\u017e&iacute;te, zadr\u017euj&uacute; sa&ldquo;<\/b>.<\/p>\n<p style=\"margin: 0.0px 0.0px 0.0px 0.0px; font: 16.0px Times New Roman; min-height: 18.0px\">&nbsp;<\/p>\n<p style=\"margin: 0.0px 0.0px 0.0px 0.0px; font: 16.0px Times New Roman\">&nbsp;&nbsp; &nbsp; Podobne by sme mohli uva\u017eova\u0165 o masovom a starobylom &bdquo;n&aacute;bo\u017eenstve&ldquo;, ktor&eacute; -mysl&iacute;m, \u017ee Voltair- nazval ako tak&eacute;, ktor&eacute; sp&aacute;ja v&scaron;etk&yacute;ch \u013eud&iacute;. Ap.Pavel hovor&iacute; o &bdquo;<i>modloslu\u017ebe, ktoru je lakomstvo.<\/i>&ldquo; &bdquo;<i>Lakomec, ktor&yacute; je modloslu\u017eobn&iacute;kom, nem&aacute; dedi\u010dstva v Kr&aacute;\u013eovstve Kristovom a Bo\u017eom&ldquo;<\/i>. Vieme, ako u\u017e SZ Izrael zlyh&aacute;val ako celok, ako vedel prepadn&uacute;\u0165 r&ocirc;znym typom modloslu\u017eby a potom musel nies\u0165 d&ocirc;sledky svojho zlyhania.<\/p>\n<p style=\"margin: 0.0px 0.0px 0.0px 0.0px; font: 16.0px Times New Roman; min-height: 18.0px\">&nbsp; &nbsp;<\/p>\n<p style=\"margin: 0.0px 0.0px 0.0px 0.0px; font: 16.0px Times New Roman\"><span style=\"font: 12.0px Times New Roman\">&nbsp; &nbsp; Op&auml;\u0165 by som nechcel&nbsp; tvrdi\u0165, \u017ee evanj. k\u0148azstvo a bratstvo&nbsp; prepad&aacute; modloslu\u017ebe, lakomstvu, alebo mamon&aacute;rstvu, i ke\u010f zvody a &uacute;toky poku&scaron;ite\u013ea prich&aacute;dzaj&uacute;. <\/span><b>Sk&ocirc;r sa dnes p&yacute;tajme, \u010di na&scaron;a bohoslu\u017eba&nbsp; naozaj nesie znaky jednoty v u\u010den&iacute;<\/b>? Vernosti ordinan\u010dn&yacute;m s\u013eubom, vernosti u\u010deniu&nbsp; Symbolick&yacute;ch&nbsp; kn&iacute;h a teologicl&eacute;mu odkazu M.Luthera? \u010ci neraz nevajat&aacute;me s r&ocirc;znymi pr&uacute;dmi, ako sme ich v historickom kontexte poznali u\u017e od d&ocirc;b reform&aacute;cie a\u017e podnes. Aj napr. v samotnom <b>u\u010den&iacute; o Ve\u010deri P&aacute;novej a o Krste<\/b> (sviatostiach). \u010ci ako kazatelia naozaj <b>rozli&scaron;ujeme a z&aacute;kon a evanjelium a nezamie\u0148ame ich<\/b>, \u010d&iacute;m zneis\u0165ujme svojich poslch&aacute;\u010dov?!<\/p>\n<p style=\"margin: 0.0px 0.0px 0.0px 0.0px; font: 16.0px Times New Roman; min-height: 18.0px\">&nbsp; &nbsp; &nbsp; &nbsp;<\/p>\n<p style=\"margin: 0.0px 0.0px 0.0px 0.0px; font: 16.0px Times New Roman\"><span style=\"font: 12.0px Times New Roman\">&nbsp;&nbsp; &nbsp; Z tohto d&ocirc;vodu by bolo asi najspr&aacute;vnej&scaron;ie, aby spove\u010f, aj ako osobn&uacute; spove\u010f, sme mali- <\/span><b>najlep&scaron;ie u br. seniora<\/b>, ktor&yacute; by mal mo\u017enos\u0165 napomen&uacute;\u0165, usmerni\u0165 a upravi\u0165 n&aacute;s. <b>I na&scaron;e SPK by sa mali pravide\u013ene venova\u0165 &uacute;lohe zvesti Slova, k&aacute;zni&nbsp; a sviatostiam.<\/b><br \/>\n&nbsp;<\/p>\n<p style=\"margin: 0.0px 0.0px 0.0px 0.0px; font: 16.0px Times New Roman\">&nbsp;&nbsp; &nbsp; Napokon, je tu d&ocirc;le\u017eit&eacute; odporu\u010denie, v&yacute;zva apo&scaron;tolsk&eacute;ho napomenutia do Efezu i smerom k n&aacute;m! Viac, ako samotn&yacute;m&nbsp; vymenov&aacute;van&iacute;m zlyhan&iacute; a pohansk&yacute;ch reliktov <b>spom&iacute;najte: dobrore\u010denie!<\/b> Dobrore\u010denie, ako v&scaron;etci vieme, mil&iacute; bratia&nbsp; a sestry &#8211;&nbsp; po gr&eacute;cky povieme: <i>eucharistia.<\/i> Osobne si mysl&iacute;m \u017ee ap.Pavel naozaj m&aacute; na mysli ten prav&yacute; pokrm a n&aacute;poj, ktor&yacute;&nbsp; posil\u0148uje v dobrom, ktor&yacute; d&aacute;va milos\u0165 hrie&scaron;nikom, ktor&yacute; otv&aacute;ra o\u010di a je ochranou pred zvodmi, bludmi a hriechami, ktor&eacute; by mohli spolo\u010denstvo cirkvi rozlepta\u0165! Doborore\u010denie &ndash; <b>v\u010fakyvzd&aacute;vanie,<\/b>&nbsp; je to, \u010do robil P&aacute;n Je\u017ei&scaron; pred svojimi u\u010den&iacute;mi, ke\u010f potom &bdquo;<i>l&aacute;mal chlieb a pod&aacute;val<\/i>&ldquo; s t&yacute;mi jasn&yacute;mi, nespochybnite\u013en&yacute;mi slovami:&ldquo; <i>Toto je moje telo,<\/i> <i>ktor&eacute; sa za v&aacute;s vyd&aacute;va! Toto je krv novej zmluvy, na odpustenie hriechov!<\/i> &bdquo;<\/p>\n<p style=\"margin: 0.0px 0.0px 0.0px 0.0px; font: 16.0px Times New Roman\">Dobore\u010dil Bohu a Otcu, \u017ee dal svojho Syna pre na&scaron;e spasenie, pre z&aacute;chanu z moci hriechu, diabla a smrti! Je to poukaz na to, \u017ee i my st&aacute;le smieme a&nbsp; m&aacute;me dobrore\u010di\u0165, lebo P&aacute;n Boh neprest&aacute;va prisluhova\u0165 dar milosti skrze Krista P&aacute;na. Sl&uacute;\u017ei i n&aacute;m skrze Neho, aby sme&nbsp; &bdquo;<i>\u017eivot mali a hojne mali&ldquo;<\/i>.<\/p>\n<p style=\"margin: 0.0px 0.0px 0.0px 0.0px; font: 12.0px Times New Roman; min-height: 15.0px\">&nbsp;<\/p>\n<p style=\"margin: 0.0px 0.0px 0.0px 0.0px; font: 16.0px Times New Roman\"><span style=\"font: 12.0px Times New Roman\">&nbsp;&nbsp; <\/span><b>To je ten hlavn&yacute; d&ocirc;vod, pre\u010do som i ja t&uacute;\u017eil jes\u0165 s vami ten prav&yacute; chlieb \u017eivota, telo Je\u017ei&scaron;a Krista a prij&iacute;ma\u0165 Jeho krv<\/b>, ako dar milosti a l&aacute;sky, pre utvrdenie viery,&nbsp; pre istotu sp&aacute;sy, ktor&aacute; je n&aacute;m darovan&aacute; a pre spolo\u010dentvo, ktor&eacute; trv&aacute; aj vo ve\u010dnosti. Dobrore\u010dme teda spolo\u010dne i my ako spolo\u010denstvo slu\u017eobn&iacute;kov, dobrore\u010dme s celou Cirkvou&nbsp; i nebesk&yacute;mi z&aacute;stupami:&ldquo; <i>Hoden si, Bar&aacute;nok zabit&yacute;, vzia\u0165 sl&aacute;vu, \u010des\u0165, dobrore\u010denie na veky vekov&ldquo;<\/i>! Amen.&nbsp; &nbsp; &nbsp;<\/p>\n<p style=\"margin: 0.0px 0.0px 0.0px 0.0px; font: 12.0px Times New Roman; min-height: 15.0px\">&nbsp;<\/p>\n<p style=\"margin: 0.0px 0.0px 0.0px 0.0px; font: 12.0px Times New Roman; min-height: 15.0px\">&nbsp; &nbsp; &nbsp; &nbsp;<\/p>\n<p style=\"margin: 0.0px 0.0px 0.0px 0.0px; font: 16.0px Times New Roman\"><span style=\"font: 12.0px Times New Roman\">&nbsp;&nbsp; &nbsp; &nbsp; &nbsp; &nbsp; &nbsp; &nbsp; &nbsp; &nbsp; &nbsp; &nbsp; &nbsp; &nbsp; &nbsp; &nbsp; &nbsp; &nbsp; &nbsp; &nbsp; &nbsp; &nbsp; &nbsp; &nbsp; &nbsp;&nbsp;<\/span><i>Soboti&scaron;te 28.3.2010. Pr&iacute;hovor ku k\u0148azom MyS &ndash; \u013d.Batka st.<\/i><\/p>\n<div><i><br \/>\n<\/i><\/div>\n","protected":false},"excerpt":{"rendered":"<p>&nbsp;&nbsp;&nbsp; &nbsp; &nbsp; &nbsp; &nbsp; &nbsp; &nbsp; &nbsp; &nbsp; &nbsp; &nbsp; &nbsp; &nbsp; &nbsp; &nbsp; &nbsp; &nbsp; &nbsp; &nbsp; &nbsp; &nbsp; &nbsp; &nbsp; &nbsp; &nbsp; &nbsp; &nbsp; &nbsp; &nbsp; Pr&iacute;hovor pred spove\u010fou &nbsp; &Oacute;, Bar&aacute;nok nevinn&yacute;, poklad \u017eitia jedin&yacute;, h\u013ea, ku Tvojim noh&aacute;m pad&aacute;m,&nbsp; o milos\u0165 a l&aacute;sku \u017eiadam. Amen. (ES 1O5,3b) &nbsp; Ef 5,1-8: &#8230; <a title=\"Pr\u00edhovor pred spove\u010fou\" class=\"read-more\" href=\"https:\/\/www.e-anjelik.sk\/index.php\/2010\/11\/18\/prihovor-pred-spovedou\/\" aria-label=\"Pre\u010d\u00edtajte si viac o Pr\u00edhovor pred spove\u010fou\">\u010c\u00edta\u0165 viac<\/a><\/p>\n","protected":false},"author":4,"featured_media":0,"comment_status":"open","ping_status":"open","sticky":false,"template":"","format":"standard","meta":{"footnotes":""},"categories":[121],"tags":[192],"class_list":["post-3180","post","type-post","status-publish","format-standard","hentry","category-kazne","tag-kazen"],"_links":{"self":[{"href":"https:\/\/www.e-anjelik.sk\/index.php\/wp-json\/wp\/v2\/posts\/3180","targetHints":{"allow":["GET"]}}],"collection":[{"href":"https:\/\/www.e-anjelik.sk\/index.php\/wp-json\/wp\/v2\/posts"}],"about":[{"href":"https:\/\/www.e-anjelik.sk\/index.php\/wp-json\/wp\/v2\/types\/post"}],"author":[{"embeddable":true,"href":"https:\/\/www.e-anjelik.sk\/index.php\/wp-json\/wp\/v2\/users\/4"}],"replies":[{"embeddable":true,"href":"https:\/\/www.e-anjelik.sk\/index.php\/wp-json\/wp\/v2\/comments?post=3180"}],"version-history":[{"count":0,"href":"https:\/\/www.e-anjelik.sk\/index.php\/wp-json\/wp\/v2\/posts\/3180\/revisions"}],"wp:attachment":[{"href":"https:\/\/www.e-anjelik.sk\/index.php\/wp-json\/wp\/v2\/media?parent=3180"}],"wp:term":[{"taxonomy":"category","embeddable":true,"href":"https:\/\/www.e-anjelik.sk\/index.php\/wp-json\/wp\/v2\/categories?post=3180"},{"taxonomy":"post_tag","embeddable":true,"href":"https:\/\/www.e-anjelik.sk\/index.php\/wp-json\/wp\/v2\/tags?post=3180"}],"curies":[{"name":"wp","href":"https:\/\/api.w.org\/{rel}","templated":true}]}}