{"id":31801,"date":"2018-06-01T12:12:11","date_gmt":"2018-06-01T10:12:11","guid":{"rendered":"http:\/\/e-anjelik.sk\/?p=31801"},"modified":"2018-06-01T12:12:11","modified_gmt":"2018-06-01T10:12:11","slug":"den-matiek-v-myjave","status":"publish","type":"post","link":"https:\/\/www.e-anjelik.sk\/index.php\/2018\/06\/01\/den-matiek-v-myjave\/","title":{"rendered":"De\u0148 matiek v Myjave"},"content":{"rendered":"<p>B\u00da ZD ECAV informuje:<\/p>\n<h2 class=\"heading\">De\u0148 matiek a sk\u00fa\u0161ka konfirmandov v Myjave<\/h2>\n<p><a href=\"http:\/\/www.ecav.sk\/pictures\/text_images\/data_8380.jpg\" target=\"_blank\" rel=\"noopener\"><img decoding=\"async\" class=\"image_big\" src=\"http:\/\/www.ecav.sk\/pictures\/text_images\/data_8380_big.jpg\" \/><\/a><\/p>\n<p>V r\u00e1mci slu\u017eieb Bo\u017e\u00edch v myjavskom chr\u00e1me Bo\u017eom 13. m\u00e1ja 2018 pozdravili deti z besiedky z pr\u00edle\u017eitosti D\u0148a matiek svoje, ale aj v\u0161etky pr\u00edtomn\u00e9 mami\u010dky a babi\u010dky hodnotn\u00fdm programom b\u00e1sn\u00ed a piesn\u00ed. Z\u00e1rove\u0148 sa zboru predstavili tohtoro\u010dn\u00ed konfirmandi.<\/p>\n<p>Konfirmandi si \u0165ahali ot\u00e1zky z konfirma\u010dnej pr\u00edpravy a odpovedali na ne. Nako\u013eko u\u017e nie v\u0161etci rodi\u010dia a krstn\u00ed rodi\u010dia boli pri konfirm\u00e1cii, takto si mohli v\u0161etci pr\u00edtomn\u00ed zopakova\u0165 vedomosti z evanjelickej vierouky, mravouky, dej\u00edn a pod., pr\u00edpadne sa s nimi obozn\u00e1mi\u0165, a tak si doplni\u0165 inform\u00e1cie o svojej cirkvi.<\/p>\n<p>V minulosti bolo pred olt\u00e1rom v myjavskom chr\u00e1me Bo\u017eom vy\u0161e 100 konfirmandov. Napr\u00edklad na tzv. Bielu nede\u013eu, prv\u00fa nede\u013eu po Ve\u013ekej noci 8. apr\u00edla t. r., bolo k jubilejnej \u201ezlatej\u201c konfirm\u00e1cii po 50 rokoch pozvan\u00fdch 132 konfirmadov. Vy\u0161e 20 sa u\u017e sl\u00e1vnosti nedo\u017eili a niektor\u00ed sa pred zdravotn\u00e9 a in\u00e9 probl\u00e9my ospravedlnili. Pozdravili ich tohtoro\u010dn\u00ed konfirmandi, ktor\u00ed prispeli do r\u00e1mca slu\u017eieb Bo\u017e\u00edch aj po svojej \u201ekonfiv\u00edkendovke\u201c v Cirkevnom centre vo\u013en\u00e9ho \u010dasu v Brestovci U Sv\u00edtkov 4. nede\u013eu po Ve\u013ekej noci 29. 4.<\/p>\n<p>\u010eakujeme rodi\u010dom, krstn\u00fdm i star\u00fdm rodi\u010dom za spolupr\u00e1cu pri formovan\u00ed mlad\u00fdch kres\u0165anov, ktor\u00ed potvrdia svoj krstn\u00fd s\u013eub a bud\u00fa konfirmovan\u00ed pod\u013ea novodobej trad\u00edcie v zbore na sl\u00e1vnos\u0165 Sv\u00e4tej Trojice 27. m\u00e1ja 2018.<\/p>\n<p class=\"sign\">S. J. Mi\u0161iak, n\u00e1mestn\u00fd far\u00e1r, CZ ECAV Myjava\u00a0|\u00a016.5.2018<\/p>\n<div id=\"gallery_art\">\n<div id=\"pict_frame\"><a href=\"http:\/\/www.ecav.sk\/gal.php?d_id=8380&amp;pic_id=14959\" target=\"_blank\" rel=\"noopener\"><img decoding=\"async\" class=\"thumb\" src=\"http:\/\/www.ecav.sk\/pictures\/gallery\/small\/3a6f.jpg\" alt=\"zobrazi\u0165 zv\u00e4\u010d\u0161en\u00fd obr\u00e1zok\" \/><\/a><\/div>\n<div id=\"pict_frame\"><a href=\"http:\/\/www.ecav.sk\/gal.php?d_id=8380&amp;pic_id=14960\" target=\"_blank\" rel=\"noopener\"><img decoding=\"async\" class=\"thumb\" src=\"http:\/\/www.ecav.sk\/pictures\/gallery\/small\/3a70.jpg\" alt=\"zobrazi\u0165 zv\u00e4\u010d\u0161en\u00fd obr\u00e1zok\" \/><\/a><\/div>\n<div id=\"pict_frame\"><a href=\"http:\/\/www.ecav.sk\/gal.php?d_id=8380&amp;pic_id=14961\" target=\"_blank\" rel=\"noopener\"><img decoding=\"async\" class=\"thumb\" src=\"http:\/\/www.ecav.sk\/pictures\/gallery\/small\/3a71.jpg\" alt=\"zobrazi\u0165 zv\u00e4\u010d\u0161en\u00fd obr\u00e1zok\" \/><\/a><\/div>\n<div id=\"pict_frame\"><a href=\"http:\/\/www.ecav.sk\/gal.php?d_id=8380&amp;pic_id=14962\" target=\"_blank\" rel=\"noopener\"><img decoding=\"async\" class=\"thumb\" src=\"http:\/\/www.ecav.sk\/pictures\/gallery\/small\/3a72.jpg\" alt=\"zobrazi\u0165 zv\u00e4\u010d\u0161en\u00fd obr\u00e1zok\" \/><\/a><\/div>\n<\/div>\n","protected":false},"excerpt":{"rendered":"<p>B\u00da ZD ECAV informuje: De\u0148 matiek a sk\u00fa\u0161ka konfirmandov v Myjave V r\u00e1mci slu\u017eieb Bo\u017e\u00edch v myjavskom chr\u00e1me Bo\u017eom 13. m\u00e1ja 2018 pozdravili deti z besiedky z pr\u00edle\u017eitosti D\u0148a matiek svoje, ale aj v\u0161etky pr\u00edtomn\u00e9 mami\u010dky a babi\u010dky hodnotn\u00fdm programom b\u00e1sn\u00ed a piesn\u00ed. Z\u00e1rove\u0148 sa zboru predstavili tohtoro\u010dn\u00ed konfirmandi. Konfirmandi si \u0165ahali ot\u00e1zky z konfirma\u010dnej &#8230; <a title=\"De\u0148 matiek v Myjave\" class=\"read-more\" href=\"https:\/\/www.e-anjelik.sk\/index.php\/2018\/06\/01\/den-matiek-v-myjave\/\" aria-label=\"Pre\u010d\u00edtajte si viac o De\u0148 matiek v Myjave\">\u010c\u00edta\u0165 viac<\/a><\/p>\n","protected":false},"author":4,"featured_media":0,"comment_status":"open","ping_status":"open","sticky":false,"template":"","format":"standard","meta":{"footnotes":""},"categories":[118,6],"tags":[],"class_list":["post-31801","post","type-post","status-publish","format-standard","hentry","category-myjava","category-myjavsky-seniorat"],"_links":{"self":[{"href":"https:\/\/www.e-anjelik.sk\/index.php\/wp-json\/wp\/v2\/posts\/31801","targetHints":{"allow":["GET"]}}],"collection":[{"href":"https:\/\/www.e-anjelik.sk\/index.php\/wp-json\/wp\/v2\/posts"}],"about":[{"href":"https:\/\/www.e-anjelik.sk\/index.php\/wp-json\/wp\/v2\/types\/post"}],"author":[{"embeddable":true,"href":"https:\/\/www.e-anjelik.sk\/index.php\/wp-json\/wp\/v2\/users\/4"}],"replies":[{"embeddable":true,"href":"https:\/\/www.e-anjelik.sk\/index.php\/wp-json\/wp\/v2\/comments?post=31801"}],"version-history":[{"count":1,"href":"https:\/\/www.e-anjelik.sk\/index.php\/wp-json\/wp\/v2\/posts\/31801\/revisions"}],"predecessor-version":[{"id":31802,"href":"https:\/\/www.e-anjelik.sk\/index.php\/wp-json\/wp\/v2\/posts\/31801\/revisions\/31802"}],"wp:attachment":[{"href":"https:\/\/www.e-anjelik.sk\/index.php\/wp-json\/wp\/v2\/media?parent=31801"}],"wp:term":[{"taxonomy":"category","embeddable":true,"href":"https:\/\/www.e-anjelik.sk\/index.php\/wp-json\/wp\/v2\/categories?post=31801"},{"taxonomy":"post_tag","embeddable":true,"href":"https:\/\/www.e-anjelik.sk\/index.php\/wp-json\/wp\/v2\/tags?post=31801"}],"curies":[{"name":"wp","href":"https:\/\/api.w.org\/{rel}","templated":true}]}}