{"id":31805,"date":"2018-06-07T10:35:18","date_gmt":"2018-06-07T08:35:18","guid":{"rendered":"http:\/\/e-anjelik.sk\/?p=31805"},"modified":"2018-06-08T10:06:25","modified_gmt":"2018-06-08T08:06:25","slug":"nie-sme-ako-oni-ale","status":"publish","type":"post","link":"https:\/\/www.e-anjelik.sk\/index.php\/2018\/06\/07\/nie-sme-ako-oni-ale\/","title":{"rendered":"Nie sme ako oni &#8211; ale&#8230;"},"content":{"rendered":"<p>nap\u00edsa\u0165 &#8222;divadeln\u00fa&#8220; &#8222;hru&#8220; ( to patr\u00ed autorovi) , \u00a0-ale aj \u00a0&#8222;hra\u0165 ju&#8220; (patr\u00ed divadlu a &#8222;hercom&#8220; ) \u00a0&#8211; je podlos\u0165 a prejav \u00fabohosti. \u00a0To po prv\u00e9.<\/p>\n<p>Za \u010fal\u0161ie: Ak by sa to stalo v opa\u010dnom garde: Mohamend zn\u00e1silnil&#8230;a kdeko\u013evek by to hrali, zopakovala by sa udalos\u0165 z Par\u00ed\u017ea&#8230;<\/p>\n<p>Nie sme ako oni, ale ozva\u0165 sa je potrebn\u00e9. Aby v de\u0148 s\u00fadu nemali v\u00fdhovorku, \u017ee im o t\u00fdchto veciach nikto ni\u010d nepovedal.<\/p>\n<p>A teraz na ilustr\u00e1ciu koment\u00e1re tla\u010de:<\/p>\n<p><b>Protestuj\u00edc\u00ed vtrhli na jevi\u0161t\u011b divadla v Brn\u011b. Nel\u00edbila se jim inscenace se zn\u00e1siln\u011bn\u00edm muslimky Je\u017e\u00ed\u0161em<\/b><\/p>\n<p><img decoding=\"async\" src=\"https:\/\/www.irozhlas.cz\/sites\/default\/files\/styles\/zpravy_otvirak_velky\/public\/uploader\/p201805260548301_180526-231333_ako.jpeg?itok=dZCuqt0Z\" alt=\"\" \/><\/p>\n<p><span class=\"Apple-converted-space\">\u00a0<\/span><\/p>\n<p>Na t\u0159icet \u010dlen\u016f hnut\u00ed Slu\u0161n\u00ed lid\u00e9 vtrhlo na jevi\u0161t\u011b brn\u011bnsk\u00e9ho Divadla Husa na prov\u00e1zku. Protestovali proti inscenaci Na\u0161e n\u00e1sil\u00ed a va\u0161e n\u00e1sil\u00ed. | Foto: Jan Tomandl | Zdroj: \u010cTK<\/p>\n<p>&lt;img src=&#8220;https:\/\/www.irozhlas.cz\/sites\/default\/files\/styles\/zpravy_rubrikovy_nahled\/public\/uploader\/p201805260575401_180526-231335_ako.jpeg?itok=G8_CBoHg&#8220; alt=&#8220;&#8220; \/&gt; <span class=\"Apple-converted-space\">\u00a0<\/span><\/p>\n<p>&lt;img src=&#8220;https:\/\/www.irozhlas.cz\/sites\/default\/files\/styles\/zpravy_rubrikovy_nahled\/public\/uploader\/p201805260575301_180526-231335_ako.jpeg?itok=pY5oRQY3&#8243; alt=&#8220;&#8220; \/&gt; <span class=\"Apple-converted-space\">\u00a0<\/span><\/p>\n<p><a href=\"https:\/\/www.irozhlas.cz\/fotogalerie\/7227326?fid=7815343\"><br \/>\n<\/a><br \/>\n<a href=\"https:\/\/www.irozhlas.cz\/fotogalerie\/7227326\"><b>DAL\u0160\u00cd FOTOGRAFIE (8)<\/b><\/a><span class=\"Apple-converted-space\">\u00a0<\/span><\/p>\n<p>Na t\u0159icet \u010dlen\u016f hnut\u00ed Slu\u0161n\u00ed lid\u00e9 vtrhlo v sobotu na jevi\u0161t\u011b brn\u011bnsk\u00e9ho Divadla Husa na prov\u00e1zku. Protestovali proti kontroverzn\u00ed inscenaci Na\u0161e n\u00e1sil\u00ed a va\u0161e n\u00e1sil\u00ed. U\u017e p\u0159ed za\u010d\u00e1tkem p\u0159edstaven\u00ed proti n\u011bmu protestovalo n\u011bkolik mal\u00fdch skupin. Kritiku vyvolala hlavn\u011b sc\u00e9na zn\u00e1siln\u011bn\u00ed muslimsk\u00e9 \u017eeny Je\u017e\u00ed\u0161em. Inscenaci chorvatsk\u00e9ho re\u017eis\u00e9ra Olivera Frlji\u010de odsoudila katolick\u00e1 c\u00edrkev a n\u011bkte\u0159\u00ed politici.<\/p>\n<p><b>FOTO A VIDEO<\/b> <b>Brno<\/b> 19:38 26. 5. 2018 <b>(Aktualizov\u00e1no: 23:55 26. 5. 2018<\/b><\/p>\n<p>KOP\u00cdROVAT DO SCHR\u00c1NKY<\/p>\n<p>Zav\u0159\u00edt<\/p>\n<p>Protestuj\u00edc\u00ed na jevi\u0161ti utvo\u0159ili p\u0159ed herci \u0159et\u011bz. Cht\u011bli je tak z divadeln\u00edch prken vytla\u010dit a zabr\u00e1nit jim v dal\u0161\u00edm hran\u00ed.\u00a0Zbytek div\u00e1k\u016f ale za\u010dal herc\u016fm tleskat a n\u011bkte\u0159\u00ed skandovat:\u00a0\u201eSlu\u0161n\u00ed lid\u00e9, dom\u016f!\u201c<\/p>\n<p><b>HNUT\u00cd SLU\u0160N\u00cd LID\u00c9<\/b><\/p>\n<p>Hnut\u00ed Slu\u0161n\u00ed lid\u00e9 vzniklo jako reakce na sou\u010dasn\u00e9 veden\u00ed Brna tvo\u0159en\u00e9 hnut\u00edm ANO, \u017d\u00edt Brno, KDU-\u010cSL, Stranou zelen\u00fdch a TOP 09. \u0160\u00e9f hnut\u00ed Zden\u011bk Pernica je trojn\u00e1sobn\u00fd mistr \u010cesk\u00e9 republiky v kickboxu a m\u00e1 bezpe\u010dnostn\u00ed agenturu. Ministerstvo vnitra ozna\u010dilo Slu\u0161n\u00e9 lidi za extremisty.<\/p>\n<p>Kdy\u017e aktivist\u00e9 blokovali sc\u00e9nu, n\u011bkte\u0159\u00ed lid\u00e9 za\u010dali tan\u010dit, jin\u00ed se s nimi pokou\u0161eli hovo\u0159it. Vznikaly i h\u00e1dky p\u0159\u00edmo v hledi\u0161ti. A divadeln\u00edci se sna\u017eili nep\u0159estat hr\u00e1t.<\/p>\n<p>\u201eVypadalo to sp\u00ed\u0161 jako porno ne\u017e divadlo. Hodili jsme na n\u011b vstupenky, kter\u00e9 jsme zma\u010dkali,&#8220;\u00a0\u0159ekl \u0161\u00e9f hnut\u00ed Zden\u011bk Pernica s t\u00edm.<\/p>\n<p>\u201eNa jevi\u0161t\u011b jsme se dostali po n\u011bjak\u00fdch deseti minut\u00e1ch. Cht\u011bli jsme vydr\u017eet, cht\u011bli jsme se pod\u00edvat, o \u010dem ta hra je. Od des\u00e1t\u00e9 minuty to byl maglajs, perverznosti, tak\u017ee jsme \u0161li na jevi\u0161t\u011b,&#8220;\u00a0doplnil.<\/p>\n<p>Zasahovat musel antikonfliktn\u00ed t\u00fdm policie. Aktivist\u00e9 z hnut\u00ed Slu\u0161n\u00ed lid\u00e9 nakonec jevi\u0161t\u011b opustili.\u00a0\u201eNaru\u0161itele vyvedli bo\u010dn\u00edm vchodem ven,\u201c popsala report\u00e9rka Radio\u017eurn\u00e1lu Vlasta Gajdo\u0161\u00edkov\u00e1, kter\u00e1 situaci na m\u00edst\u011b sledovala.<\/p>\n<p><span class=\"Apple-converted-space\">\u00a0<\/span><\/p>\n<p>Z p\u0159edstaven\u00ed pro p\u00e1r des\u00edtek lid\u00ed celost\u00e1tn\u00ed ud\u00e1lost. Hru Na\u0161e n\u00e1sil\u00ed a va\u0161e n\u00e1sil\u00ed v divadle Husa na Prov\u00e1zku naru\u0161ilo asi t\u0159icet aktivist\u016f hnut\u00ed Slu\u0161n\u00ed lid\u00e9 &#8211; jsou to ti v modr\u00fdch tri\u010dk\u00e1ch v pozad\u00ed. Tvrd\u00ed, \u017ee je ur\u00e1\u017e\u00ed vyobrazen\u00ed Je\u017e\u00ed\u0161e.<\/p>\n<p><a href=\"https:\/\/twitter.com\/CT24zive\/status\/1000445340221427712\">20:35 &#8211; 26. 5. 2018<\/a><\/p>\n<p><span class=\"Apple-converted-space\">\u00a0<\/span><\/p>\n<p>\u010clenov\u00e9<span class=\"Apple-converted-space\">\u00a0 <\/span>hnut\u00ed Slu\u0161n\u00ed lid\u00e9 za asistence policist\u016f opou\u0161t\u011bj\u00ed divadlo Husa na prov\u00e1zku pot\u00e9, co naru\u0161ili kontroverzni inscenaci.<span class=\"Apple-converted-space\">\u00a0<\/span><\/p>\n<p><b>Druh\u00e9 naru\u0161en\u00ed p\u0159edstaven\u00ed<\/b><\/p>\n<p>P\u0159edstaven\u00ed zhruba po hodin\u011b pokra\u010dovalo.\u00a0P\u0159ed koncem ho ale naru\u0161ili k\u0159es\u0165an\u0161t\u00ed aktivist\u00e9.<\/p>\n<p><a href=\"https:\/\/twitter.com\/intent\/like?tweet_id=1000426123887611904\"><br \/>\n15<\/a><\/p>\n<p>Kritika z\u00a0\u0159ad c\u00edrkve i politik\u016f<\/p>\n<p>Inscenaci chorvatsk\u00e9ho re\u017eis\u00e9ra Olivera Frlji\u010de p\u0159edem odsoudila katolick\u00e1 c\u00edrkev a n\u011bkte\u0159\u00ed politici. Frlji\u010d pat\u0159\u00ed k respektovan\u00fdm evropsk\u00fdm re\u017eis\u00e9r\u016fm, jeho inscenace ale \u010dasto vyvol\u00e1vaj\u00ed \u0161ir\u0161\u00ed ve\u0159ejnou debatu o o\u017eehav\u00fdch ot\u00e1zk\u00e1ch, nebo p\u0159\u00edmo zp\u016fsobuj\u00ed skand\u00e1ly.<\/p>\n<p>&lt;img src=&#8220;https:\/\/www.irozhlas.cz\/sites\/default\/files\/styles\/zpravy_rubrikovy_nahled\/public\/uploader\/nase-nasili-vase-nas_180526-185844_ako.jpg?itok=EoS3gQez&#8220; alt=&#8220;&#8220; \/&gt;<\/p>\n<p><span class=\"Apple-converted-space\">\u00a0<\/span><\/p>\n<p>Fotografie z inscenace Na\u0161e n\u00e1sil\u00ed a va\u0161e n\u00e1sil\u00ed, kter\u00e1 vyvolala kritick\u00e9 reakce \u010d\u00e1sti brn\u011bnsk\u00e9 ve\u0159ejnosti. Je\u017e\u00ed\u0161e na sn\u00edmku zn\u00e1sil\u0148uje muslimskou \u017eenu. | Foto: Mladinsko Gledali\u0161\u010de\/Divadeln\u00ed sv\u011bt<\/p>\n<p>Kritick\u00e9 reakce \u010d\u00e1sti brn\u011bnsk\u00e9 ve\u0159ejnosti vyvolala zejm\u00e9na fotografie z p\u0159edstaven\u00ed, na kter\u00e9 postava Je\u017e\u00ed\u0161e zn\u00e1sil\u0148uje muslimskou \u017eenu.\u00a0P\u0159edstaven\u00ed toti\u017e vrchol\u00ed sc\u00e9nou, kdy herec s trnovou korunou na hlav\u011b sestupuje z k\u0159\u00ed\u017ee z ropn\u00fdch barel\u016f a polonah\u00fd se pokl\u00e1d\u00e1 na \u017eenu le\u017e\u00edc\u00ed na b\u0159i\u0161e.<\/p>\n<p>Festival u\u017e ve \u010dtvrtek nab\u00eddl Frlji\u010dovu var\u0161avskou inscenaci Proklet\u00ed, kter\u00e1 takov\u00e9 protesty nevyvolala. Do zam\u010den\u00e9ho s\u00e1lu se pouze sna\u017eilo dostat asi 20 p\u0159\u00edznivc\u016f hnut\u00ed Slu\u0161n\u00ed lid\u00e9.<\/p>\n<p>Festival Divadeln\u00ed sv\u011bt v sobotu nab\u00edz\u00ed i \u0159adu dal\u0161\u00edch p\u0159edstaven\u00ed, t\u0159eba od host\u016f z Poznan\u011b \u010di Budape\u0161ti. Pozd\u011b ve\u010der v Redut\u011b z\u00e1jemci zhl\u00e9dnou festivalovou inscenaci Ji\u0159\u00edho Bartovance Obrys, kter\u00e1 je autorsk\u00fdm koment\u00e1\u0159em k mezn\u00edm ud\u00e1lostem ovliv\u0148uj\u00edc\u00edm sm\u011b\u0159ov\u00e1n\u00ed spole\u010dnosti.<\/p>\n<p>T\u00e9matem leto\u0161n\u00edho ro\u010dn\u00edku Divadeln\u00edho sv\u011bta je svoboda a jej\u00ed k\u0159ehkost. Skon\u010d\u00ed 30. kv\u011btna.<\/p>\n<p><a href=\"https:\/\/www.youtube.com\/watch?v=R4M5yH4ghZA\">Oliver Frlji\u0107: Na\u0161e nasilje in va\u0161e nasilje \/ Our Violence and Your Violence<\/a><\/p>\n","protected":false},"excerpt":{"rendered":"<p>nap\u00edsa\u0165 &#8222;divadeln\u00fa&#8220; &#8222;hru&#8220; ( to patr\u00ed autorovi) , \u00a0-ale aj \u00a0&#8222;hra\u0165 ju&#8220; (patr\u00ed divadlu a &#8222;hercom&#8220; ) \u00a0&#8211; je podlos\u0165 a prejav \u00fabohosti. \u00a0To po prv\u00e9. Za \u010fal\u0161ie: Ak by sa to stalo v opa\u010dnom garde: Mohamend zn\u00e1silnil&#8230;a kdeko\u013evek by to hrali, zopakovala by sa udalos\u0165 z Par\u00ed\u017ea&#8230; Nie sme ako oni, ale ozva\u0165 sa &#8230; <a title=\"Nie sme ako oni &#8211; ale&#8230;\" class=\"read-more\" href=\"https:\/\/www.e-anjelik.sk\/index.php\/2018\/06\/07\/nie-sme-ako-oni-ale\/\" aria-label=\"Pre\u010d\u00edtajte si viac o Nie sme ako oni &#8211; ale&#8230;\">\u010c\u00edta\u0165 viac<\/a><\/p>\n","protected":false},"author":4,"featured_media":0,"comment_status":"open","ping_status":"open","sticky":false,"template":"","format":"standard","meta":{"footnotes":""},"categories":[10],"tags":[],"class_list":["post-31805","post","type-post","status-publish","format-standard","hentry","category-zo-sveta"],"_links":{"self":[{"href":"https:\/\/www.e-anjelik.sk\/index.php\/wp-json\/wp\/v2\/posts\/31805","targetHints":{"allow":["GET"]}}],"collection":[{"href":"https:\/\/www.e-anjelik.sk\/index.php\/wp-json\/wp\/v2\/posts"}],"about":[{"href":"https:\/\/www.e-anjelik.sk\/index.php\/wp-json\/wp\/v2\/types\/post"}],"author":[{"embeddable":true,"href":"https:\/\/www.e-anjelik.sk\/index.php\/wp-json\/wp\/v2\/users\/4"}],"replies":[{"embeddable":true,"href":"https:\/\/www.e-anjelik.sk\/index.php\/wp-json\/wp\/v2\/comments?post=31805"}],"version-history":[{"count":3,"href":"https:\/\/www.e-anjelik.sk\/index.php\/wp-json\/wp\/v2\/posts\/31805\/revisions"}],"predecessor-version":[{"id":31809,"href":"https:\/\/www.e-anjelik.sk\/index.php\/wp-json\/wp\/v2\/posts\/31805\/revisions\/31809"}],"wp:attachment":[{"href":"https:\/\/www.e-anjelik.sk\/index.php\/wp-json\/wp\/v2\/media?parent=31805"}],"wp:term":[{"taxonomy":"category","embeddable":true,"href":"https:\/\/www.e-anjelik.sk\/index.php\/wp-json\/wp\/v2\/categories?post=31805"},{"taxonomy":"post_tag","embeddable":true,"href":"https:\/\/www.e-anjelik.sk\/index.php\/wp-json\/wp\/v2\/tags?post=31805"}],"curies":[{"name":"wp","href":"https:\/\/api.w.org\/{rel}","templated":true}]}}