{"id":3181,"date":"2010-11-19T11:10:58","date_gmt":"2010-11-19T11:10:58","guid":{"rendered":"http:\/\/e-anjelik.sk\/?p=3181"},"modified":"2010-11-19T11:10:58","modified_gmt":"2010-11-19T11:10:58","slug":"zasadnutie-kalme-v-rime","status":"publish","type":"post","link":"https:\/\/www.e-anjelik.sk\/index.php\/2010\/11\/19\/zasadnutie-kalme-v-rime\/","title":{"rendered":"Zasadnutie KALME v R\u00edme"},"content":{"rendered":"<p>V d\u0148och 10. a\u017e 13. novembra t.r. sa v R&iacute;me konalo stretnutie KALME ( Kommunikationsausschuss der lutherischen Minderheitskirchen in Europa &#8211; V&yacute;bor pre komunik&aacute;ciu men&scaron;inov&yacute;ch luter&aacute;nskych cirkv&iacute; v Eur&oacute;pe). Hostite\u013eom bola miestna evanjelick&aacute; komunita v R&iacute;me. Na programe boli vo\u013eby nov&yacute;ch funkcion&aacute;rov KALME a v&yacute;mena sk&uacute;senost&iacute;. Jeden&aacute;s\u0165 \u010dlensk&yacute;ch cirkv&iacute; zastupovalo 20 deleg&aacute;tov. Pr&iacute;tomn&yacute; bol aj biskup Fabiny Tam&aacute;s z Ma\u010farska vo funkcii podpredsedu SLZ , ktor&yacute; m&aacute; na starosti komunika\u010dn&eacute; prostriedky.<\/p>\n<p>(<a href=\"http:\/\/www.evangelikus.hu\">www.evangelikus.hu<\/a>)<\/p>\n","protected":false},"excerpt":{"rendered":"<p>V d\u0148och 10. a\u017e 13. novembra t.r. sa v R&iacute;me konalo stretnutie KALME ( Kommunikationsausschuss der lutherischen Minderheitskirchen in Europa &#8211; V&yacute;bor pre komunik&aacute;ciu men&scaron;inov&yacute;ch luter&aacute;nskych cirkv&iacute; v Eur&oacute;pe). Hostite\u013eom bola miestna evanjelick&aacute; komunita v R&iacute;me. Na programe boli vo\u013eby nov&yacute;ch funkcion&aacute;rov KALME a v&yacute;mena sk&uacute;senost&iacute;. Jeden&aacute;s\u0165 \u010dlensk&yacute;ch cirkv&iacute; zastupovalo 20 deleg&aacute;tov. Pr&iacute;tomn&yacute; bol aj &#8230; <a title=\"Zasadnutie KALME v R\u00edme\" class=\"read-more\" href=\"https:\/\/www.e-anjelik.sk\/index.php\/2010\/11\/19\/zasadnutie-kalme-v-rime\/\" aria-label=\"Pre\u010d\u00edtajte si viac o Zasadnutie KALME v R\u00edme\">\u010c\u00edta\u0165 viac<\/a><\/p>\n","protected":false},"author":22,"featured_media":0,"comment_status":"open","ping_status":"open","sticky":false,"template":"","format":"standard","meta":{"footnotes":""},"categories":[1],"tags":[234],"class_list":["post-3181","post","type-post","status-publish","format-standard","hentry","category-adventna-modlitba","tag-zdruzenia-a-skupiny"],"_links":{"self":[{"href":"https:\/\/www.e-anjelik.sk\/index.php\/wp-json\/wp\/v2\/posts\/3181","targetHints":{"allow":["GET"]}}],"collection":[{"href":"https:\/\/www.e-anjelik.sk\/index.php\/wp-json\/wp\/v2\/posts"}],"about":[{"href":"https:\/\/www.e-anjelik.sk\/index.php\/wp-json\/wp\/v2\/types\/post"}],"author":[{"embeddable":true,"href":"https:\/\/www.e-anjelik.sk\/index.php\/wp-json\/wp\/v2\/users\/22"}],"replies":[{"embeddable":true,"href":"https:\/\/www.e-anjelik.sk\/index.php\/wp-json\/wp\/v2\/comments?post=3181"}],"version-history":[{"count":0,"href":"https:\/\/www.e-anjelik.sk\/index.php\/wp-json\/wp\/v2\/posts\/3181\/revisions"}],"wp:attachment":[{"href":"https:\/\/www.e-anjelik.sk\/index.php\/wp-json\/wp\/v2\/media?parent=3181"}],"wp:term":[{"taxonomy":"category","embeddable":true,"href":"https:\/\/www.e-anjelik.sk\/index.php\/wp-json\/wp\/v2\/categories?post=3181"},{"taxonomy":"post_tag","embeddable":true,"href":"https:\/\/www.e-anjelik.sk\/index.php\/wp-json\/wp\/v2\/tags?post=3181"}],"curies":[{"name":"wp","href":"https:\/\/api.w.org\/{rel}","templated":true}]}}