{"id":31811,"date":"2018-06-11T20:40:42","date_gmt":"2018-06-11T18:40:42","guid":{"rendered":"http:\/\/e-anjelik.sk\/?p=31811"},"modified":"2018-06-11T20:40:42","modified_gmt":"2018-06-11T18:40:42","slug":"pozor-sutaz-1-kolo","status":"publish","type":"post","link":"https:\/\/www.e-anjelik.sk\/index.php\/2018\/06\/11\/pozor-sutaz-1-kolo\/","title":{"rendered":"Pozor s\u00fa\u0165a\u017e!! &#8211; 1.kolo"},"content":{"rendered":"<p><b><span class=\"Apple-converted-space\">\u00a0 \u00a0 <\/span>Pozor s\u00fa\u0165a\u017e: <\/b>Poznaj svoju cirkev, alebo: Ako nie \u010falej v ECAV<\/p>\n<p><b>Ot\u00e1zka \u010d.1: \u201c Kto, kde a kedy nap\u00edsal nasledovn\u00fd text:<\/b><\/p>\n<p><i>\u201cSmrte\u013enou chorobou n\u00e1\u0161ho kres\u0165anstva je pokrytectvo, falo\u0161nos\u0165,<span class=\"Apple-converted-space\">\u00a0 <\/span>ne\u00faprimnos\u0165, neopravdivos\u0165. Namiesto l\u00e1sky nen\u00e1vis\u0165, namiesto vernosti zrada, namiesto d\u00f4very podozrievanie, namiesto ne\u017enosti a l\u00e1skavosti ur\u00e1\u017eania, namiesto poslu\u0161nosti vzbura, neposlu\u0161nos\u0165 a protivenstvo. To je oz\u00f3nov\u00e1 zhubn\u00e1 diera n\u00e1\u0161ho kres\u0165anstva.\u201d<\/i><\/p>\n<p><span class=\"Apple-converted-space\">\u00a0 \u00a0 <\/span>K podot\u00e1zke:<span class=\"Apple-converted-space\">\u00a0 <\/span><b>kto<\/b> &#8211; mal\u00e1 pom\u00f4cka:<span class=\"Apple-converted-space\">\u00a0<\/span><\/p>\n<p>1. J\u00e1n Hus<\/p>\n<p>2. P\u00e1pe\u017e Franti\u0161ek<\/p>\n<p>3. Gen.biskup P.Uhorskai<\/p>\n<p><span class=\"Apple-converted-space\">\u00a0<\/span>Podot\u00e1zka: kde?<\/p>\n<ol>\n<li>Na zlete sokolov na Bradle<\/li>\n<li>na sneme v Kostnici<\/li>\n<li>na Gener\u00e1lnom konvente<\/li>\n<\/ol>\n<p>Podot\u00e1zka : kedy?<\/p>\n<ol>\n<li>Na zjazde postihnut\u00fdch far\u00e1rov v r.1967<\/li>\n<li>Na porade KV VPN v SECAV v Bratislave 1989<\/li>\n<li>Na gen.konvente v Ru\u017eomberku 1992<span class=\"Apple-converted-space\">\u00a0 \u00a0<\/span><\/li>\n<\/ol>\n<p><b>Ot\u00e1zka \u010d.2:<\/b> <i>Kto a kedy navrhol zriadi\u0165 Reformatu?<\/i><\/p>\n<p><span class=\"Apple-converted-space\">\u00a0\u00a0 \u00a0 \u00a0 \u00a0 \u00a0 \u00a0 \u00a0 \u00a0 \u00a0 <\/span>1. Laick\u00fd predstavite\u013e CZ<span class=\"Apple-converted-space\">\u00a0 <\/span>v Hornej Mar\u00edkovej<\/p>\n<p><span class=\"Apple-converted-space\">\u00a0 \u00a0 \u00a0 \u00a0 \u00a0 \u00a0 \u00a0 \u00a0 \u00a0 \u00a0 <\/span>2. Gen.dozorca ECAV<\/p>\n<p>Kedy: 1. Na sen.konvente v Kub\u00edne<\/p>\n<p><span class=\"Apple-converted-space\">\u00a0\u00a0 \u00a0 \u00a0 \u00a0 \u00a0 <\/span>2. Na zasadnut\u00ed synody na St.Turej v r.1994<\/p>\n<p><b>Ot\u00e1zka \u010d. 3<\/b>: Kedy bola Reformata schv\u00e1len\u00e1?<\/p>\n<p><span class=\"Apple-converted-space\">\u00a0 \u00a0 \u00a0 \u00a0 \u00a0 \u00a0 \u00a0 \u00a0 \u00a0 \u00a0 \u00a0 \u00a0 \u00a0 \u00a0 \u00a0 \u00a0 \u00a0 \u00a0 \u00a0 <\/span>1. V roku<span class=\"Apple-converted-space\">\u00a0 <\/span>1.9.1969<\/p>\n<p><span class=\"Apple-converted-space\">\u00a0\u00a0 \u00a0 \u00a0 \u00a0 \u00a0 \u00a0 \u00a0 \u00a0 \u00a0 \u00a0 \u00a0 \u00a0 \u00a0 \u00a0 \u00a0 \u00a0 \u00a0 \u00a0 \u00a0 <\/span>2. 19.9.1997<\/p>\n<p><b>Ot\u00e1zka \u010d.4<\/b>: Za ak\u00fdm \u00fa\u010delom bola Reformata schv\u00e1len\u00e1?<\/p>\n<p><span class=\"Apple-converted-space\">\u00a0 \u00a0 \u00a0 \u00a0 \u00a0 \u00a0 \u00a0 \u00a0 \u00a0 \u00a0 <\/span>1. Rozkr\u00e1da\u0165 majetok ECAV<\/p>\n<p><span class=\"Apple-converted-space\">\u00a0\u00a0 \u00a0 \u00a0 \u00a0 \u00a0 \u00a0 \u00a0 \u00a0 \u00a0 \u00a0 <\/span>2. Umo\u017eni\u0165 duchom preplnen\u00edm uk\u00e1za\u0165 ich schopnosti<\/p>\n<p><span class=\"Apple-converted-space\">\u00a0\u00a0 \u00a0 \u00a0 \u00a0 \u00a0 \u00a0 \u00a0 \u00a0 \u00a0 \u00a0 <\/span>3. za \u00fa\u010delom zhodnocovania majetku celej ECAV<\/p>\n<p><b>Ot\u00e1zka \u010d. 5:<span class=\"Apple-converted-space\">\u00a0<\/span><\/b><\/p>\n<p>Ak\u00e9 hodnotenie kon\u0161tatovalo predsedn\u00edctvo ECAV (Gen.biskup a gen.dozorca ) u\u017e na Synode 21.-23.j\u00fana 2001 (schv\u00e1len\u00e9 celou Synodou):<\/p>\n<p><span class=\"Apple-converted-space\">\u00a0 \u00a0 \u00a0 \u00a0 \u00a0 \u00a0 \u00a0 \u00a0 \u00a0 <\/span>1. \u201ckonatelia nami zriadenej Deformaty\u201d s\u00fa ve\u013emi schopn\u00ed<\/p>\n<p><span class=\"Apple-converted-space\">\u00a0 \u00a0 \u00a0 \u00a0 \u00a0 \u00a0 \u00a0 \u00a0 \u00a0<\/span><\/p>\n<p><span class=\"Apple-converted-space\">\u00a0 \u00a0 \u00a0 \u00a0 \u00a0 \u00a0 \u00a0 \u00a0 \u00a0 <\/span>2. \u201czlyhanie \u013eudsk\u00e9ho faktora\u201d a \u201czneu\u017eitie pr\u00e1vomoci, podvedenie spolo\u010dn\u00edka a ukr\u00e1tenie ECAV na zisku z n\u00e1jmu\u201d<\/p>\n<p>Napr. Bez s\u00fahlasu zria\u010fovate\u013ea ( spolo\u010dn\u00edka! ECAV a GP vydali budovu v majetku cirkvi na dlhodob\u00fd pren\u00e1jom za nie vhodn\u00fdch podmienok\u2026<\/p>\n<p><span class=\"Apple-converted-space\">\u00a0\u00a0 \u00a0 <\/span><b>Ot\u00e1zka \u010d. 6: <\/b>Kto to zverejnil?<\/p>\n<p><span class=\"Apple-converted-space\">\u00a0\u00a0 \u00a0 \u00a0 \u00a0 \u00a0 \u00a0 \u00a0 \u00a0 \u00a0 \u00a0 \u00a0 \u00a0 <\/span>1. vrabce \u010dvirikali<\/p>\n<p><span class=\"Apple-converted-space\">\u00a0 \u00a0 \u00a0 \u00a0 \u00a0 \u00a0 \u00a0 \u00a0 \u00a0 \u00a0 \u00a0 \u00a0 \u00a0 <\/span>2. jedna druhej riekla<\/p>\n<p><span class=\"Apple-converted-space\">\u00a0 \u00a0 \u00a0 \u00a0 \u00a0 \u00a0 \u00a0 \u00a0 \u00a0 \u00a0 \u00a0 \u00a0 \u00a0 <\/span>3. zpr\u00e1va predsedn\u00edctva ECAV<\/p>\n<p><span class=\"Apple-converted-space\">\u00a0 \u00a0 \u00a0 \u00a0<\/span><\/p>\n<p><span class=\"Apple-converted-space\">\u00a0 \u00a0 <\/span>Toto je prv\u00e1 \u010das\u0165 s\u00fa\u0165a\u017ee, \u010fal\u0161ie ot\u00e1zky pr\u00eddu v druhom kole.<span class=\"Apple-converted-space\">\u00a0<\/span><\/p>\n<p><span class=\"Apple-converted-space\">\u00a0 \u00a0 <\/span>Hodnot\u00ed sa spr\u00e1vna odpove\u010f (aj na podot\u00e1zku) jedn\u00fdm bodom.<span class=\"Apple-converted-space\">\u00a0<\/span><\/p>\n<p><span class=\"Apple-converted-space\">\u00a0 \u00a0 \u00a0<\/span><\/p>\n<p><span class=\"Apple-converted-space\">\u00a0 \u00a0 <\/span>Kto zodpovie pln\u00fd po\u010det bude zaraden\u00fd do zlosovania o \u201czlat\u00fd<span class=\"Apple-converted-space\">\u00a0 <\/span>anonym\u201d = vynad\u00e1 sa mu ako \u2026do hranta.<\/p>\n<p>Od redaktora <a href=\"http:\/\/www.evanjelik.sk\">www.evanjelik.sk<\/a> dostane kni\u017eku od Janka Bun\u010d\u00e1ka: Humor spod kazate\u013enice<\/p>\n<p><span class=\"Apple-converted-space\">\u00a0\u00a0 \u00a0 \u00a0 \u00a0 \u00a0 \u00a0 \u00a0 \u00a0 \u00a0 \u00a0<\/span><\/p>\n","protected":false},"excerpt":{"rendered":"<p>\u00a0 \u00a0 Pozor s\u00fa\u0165a\u017e: Poznaj svoju cirkev, alebo: Ako nie \u010falej v ECAV Ot\u00e1zka \u010d.1: \u201c Kto, kde a kedy nap\u00edsal nasledovn\u00fd text: \u201cSmrte\u013enou chorobou n\u00e1\u0161ho kres\u0165anstva je pokrytectvo, falo\u0161nos\u0165,\u00a0 ne\u00faprimnos\u0165, neopravdivos\u0165. Namiesto l\u00e1sky nen\u00e1vis\u0165, namiesto vernosti zrada, namiesto d\u00f4very podozrievanie, namiesto ne\u017enosti a l\u00e1skavosti ur\u00e1\u017eania, namiesto poslu\u0161nosti vzbura, neposlu\u0161nos\u0165 a protivenstvo. To je oz\u00f3nov\u00e1 &#8230; <a title=\"Pozor s\u00fa\u0165a\u017e!! &#8211; 1.kolo\" class=\"read-more\" href=\"https:\/\/www.e-anjelik.sk\/index.php\/2018\/06\/11\/pozor-sutaz-1-kolo\/\" aria-label=\"Pre\u010d\u00edtajte si viac o Pozor s\u00fa\u0165a\u017e!! &#8211; 1.kolo\">\u010c\u00edta\u0165 viac<\/a><\/p>\n","protected":false},"author":4,"featured_media":0,"comment_status":"open","ping_status":"open","sticky":false,"template":"","format":"standard","meta":{"footnotes":""},"categories":[37],"tags":[],"class_list":["post-31811","post","type-post","status-publish","format-standard","hentry","category-zivot-v-cirkvi"],"_links":{"self":[{"href":"https:\/\/www.e-anjelik.sk\/index.php\/wp-json\/wp\/v2\/posts\/31811","targetHints":{"allow":["GET"]}}],"collection":[{"href":"https:\/\/www.e-anjelik.sk\/index.php\/wp-json\/wp\/v2\/posts"}],"about":[{"href":"https:\/\/www.e-anjelik.sk\/index.php\/wp-json\/wp\/v2\/types\/post"}],"author":[{"embeddable":true,"href":"https:\/\/www.e-anjelik.sk\/index.php\/wp-json\/wp\/v2\/users\/4"}],"replies":[{"embeddable":true,"href":"https:\/\/www.e-anjelik.sk\/index.php\/wp-json\/wp\/v2\/comments?post=31811"}],"version-history":[{"count":1,"href":"https:\/\/www.e-anjelik.sk\/index.php\/wp-json\/wp\/v2\/posts\/31811\/revisions"}],"predecessor-version":[{"id":31812,"href":"https:\/\/www.e-anjelik.sk\/index.php\/wp-json\/wp\/v2\/posts\/31811\/revisions\/31812"}],"wp:attachment":[{"href":"https:\/\/www.e-anjelik.sk\/index.php\/wp-json\/wp\/v2\/media?parent=31811"}],"wp:term":[{"taxonomy":"category","embeddable":true,"href":"https:\/\/www.e-anjelik.sk\/index.php\/wp-json\/wp\/v2\/categories?post=31811"},{"taxonomy":"post_tag","embeddable":true,"href":"https:\/\/www.e-anjelik.sk\/index.php\/wp-json\/wp\/v2\/tags?post=31811"}],"curies":[{"name":"wp","href":"https:\/\/api.w.org\/{rel}","templated":true}]}}