{"id":31814,"date":"2018-06-13T17:49:49","date_gmt":"2018-06-13T15:49:49","guid":{"rendered":"http:\/\/e-anjelik.sk\/?p=31814"},"modified":"2018-06-13T17:49:49","modified_gmt":"2018-06-13T15:49:49","slug":"z-bacskeho-petrovca","status":"publish","type":"post","link":"https:\/\/www.e-anjelik.sk\/index.php\/2018\/06\/13\/z-bacskeho-petrovca\/","title":{"rendered":"Z  B\u00e1\u010dskeho Petrovca"},"content":{"rendered":"<p><b>V B\u00e1\u010dskom Petrovci posv\u00e4tili farsk\u00fa budovu<\/b><\/p>\n<p><span class=\"Apple-converted-space\">\u00a0<\/span><\/p>\n<p>V Nede\u013eu po Vst\u00fapen\u00ed 13. m\u00e1ja 2018 sa v Ev. chr\u00e1me Bo\u017eom v B\u00e1\u010dskom Petrovci konali slu\u017eby Bo\u017eie spojen\u00e9 s posviackou fary po jej gener\u00e1lnej oprave. K\u00e1z\u0148ou slova Bo\u017eieho posl\u00fa\u017eil biskup Z\u00e1padn\u00e9ho di\u0161triktu ECAV na Slovensku Milan Krivda.<\/p>\n<p><i>\u201eDobrore\u010d, du\u0161a moja, Hospodinovi a cel\u00e9 moje vn\u00fatro Jeho sv\u00e4t\u00e9mu menu!\u201c<\/i> P\u00e1n Boh n\u00e1m neprestajne preukazuje zo svojej \u0161tedrosti a v daroch ducha a tela n\u00e1s de\u0148, \u010do de\u0148 vedie bli\u017e\u0161ie k br\u00e1nam ve\u010dn\u00e9ho \u017eivota.<span class=\"Apple-converted-space\">\u00a0<\/span><\/p>\n<p>Vo vr\u00e1ten\u00ed pozemkov n\u00e1\u0161mu cirkevn\u00e9mu zboru treba vidie\u0165 ve\u013ek\u00fd prejav Bo\u017eieho po\u017eehnania. Z prijat\u00fdch pr\u00edjmov za pren\u00e1jom sme mohli vykona\u0165 gener\u00e1lnu opravu na\u0161ej farskej budovy, ktor\u00e1 bola postaven\u00e1 v roku 1837. Renov\u00e1ciu fary sme za\u010dali v septembri 2016, ke\u010f bola vymenen\u00e1 strecha budovy. Na jar budova dostala nov\u00fa omietku. S renov\u00e1ciou sa pokra\u010dovalo aj vo vn\u00fatornej \u010dasti: vymenen\u00e9 boli okn\u00e1 a vonkaj\u0161ie dvere, vykonala sa rekon\u0161trukcia elektrickej sieti a napokon sa vymenila dl\u00e1\u017eka a oma\u013eovali sa stropy a steny. Na faru bola umiesten\u00e1 aj pam\u00e4tn\u00e1 tabu\u013ea, na ktorej p\u00ed\u0161e: Farsk\u00e1 budova slovensk\u00e9ho evanjelick\u00e9ho a. v. cirkevn\u00e9ho zboru v Petrovci z roku 1837 po gener\u00e1lnej oprave v roku 500. v\u00fdro\u010dia reform\u00e1cie. V\u010fa\u010dn\u00fd cirkevn\u00fd zbor.<\/p>\n<p>Slovami 103. \u017ealmu, dobrore\u010diac Hospodinovi za Jeho prejav \u0161tedrosti, sa 13. m\u00e1ja 2018, v Nede\u013eu po Vst\u00fapen\u00ed, za\u010dali pr\u00edle\u017eitostn\u00e9 slu\u017eby Bo\u017eie v na\u0161om chr\u00e1me Bo\u017eom, po ktor\u00fdch bolo vykonan\u00e9 posv\u00e4tenie fary po jej rekon\u0161trukcii.<\/p>\n<p>V n\u00e1ru\u010d\u00ed n\u00e1\u0161ho cirkevn\u00e9ho zboru sme priv\u00edtali d\u00f4stojn\u00e9ho p\u00e1na Samuela Vrbovsk\u00e9ho, biskupa na\u0161ej cirkvi. Sl\u00e1vnostn\u00fdm kazate\u013eom v tento de\u0148 bol d\u00f4stojn\u00fd p\u00e1n Milan Krivda, biskup Z\u00e1padn\u00e9ho di\u0161triktu ECAV na Slovensku, ktor\u00fd nav\u0161t\u00edvil n\u00e1\u0161 cirkevn\u00fd zbor spolu s man\u017eelkou Martinou Krivdovou, far\u00e1rkou, a so z\u00e1stupcom di\u0161triktu\u00e1lneho dozorcu Slavom\u00edrom Hanuskom.<span class=\"Apple-converted-space\">\u00a0<\/span><\/p>\n<p>Na sl\u00e1vnosti posv\u00e4tenia sa z\u00fa\u010dastnili aj vzne\u0161en\u00fd p\u00e1n Vladim\u00edr Valent, senior b\u00e1\u010dsky a far\u00e1r v Selen\u010di s man\u017eelkou, k\u0148azi z B\u00e1\u010dskej Palanky, Hlo\u017eian, Kulp\u00edna, Kys\u00e1\u010da, Nov\u00e9ho Sadu a Lalite, ako aj deleg\u00e1cie zborov z B\u00e1\u010dskej Palanky, Hlo\u017eian, Kulp\u00edna, Kys\u00e1\u010da, Lalite, Nov\u00e9ho Sadu, Pivnice, Selen\u010de, Silba\u0161a, Erdev\u00edka, Lugu a Sriemskej Mitrovice. K radostnej pr\u00edle\u017eitosti prispeli spevom a slovom deti z detskej besiedky, b\u00e1s\u0148ou Hana Tancikov\u00e1, star\u0161\u00ed spevokol a dychov\u00fd orchester pod veden\u00edm Slovenky Benkovej-Martinkovej.<\/p>\n<p>Po skon\u010den\u00ed slu\u017eieb Bo\u017e\u00edch sa chr\u00e1mov\u00e9 spolo\u010denstvo presunulo na n\u00e1dvorie pred farsk\u00fa budovu, kde bolo vykonan\u00e9 jej posv\u00e4tenie. Vynoven\u00e9 priestory, ktor\u00e9 si pr\u00edtomn\u00ed mohli aj obzrie\u0165, bud\u00fa sl\u00fa\u017ei\u0165 nasledovn\u00fdm \u00fa\u010delom: horn\u00e1 \u010das\u0165 budovy bude aj na\u010falej byt far\u00e1ra a v dolnej \u010dasti bude kni\u017enica, dve miestnosti pre detsk\u00fa besiedku a jedna izba posl\u00fa\u017ei na ubytovanie host\u00ed.<span class=\"Apple-converted-space\">\u00a0<\/span><\/p>\n<p>Kie\u017e n\u00e1m P\u00e1n Boh dopraje, aby t\u00e1to farsk\u00e1 budova, ktor\u00e1 u\u017e 181 rokov zhroma\u017e\u010fuje petrovsk\u00fdch evanjelikov, aj v bud\u00facich \u010dasoch bola pr\u00edbytkom l\u00e1sky, pokoja a svornosti.<\/p>\n<p><i>Fotografie: J\u00e1n Di\u0148a<\/i><\/p>\n<p>Vlo\u017een\u00e9 6. 6. 2018<\/p>\n<p><i>J\u00e1n Vida, zborov\u00fd far\u00e1r, B\u00e1\u010dsky Petrovec\u00a0|\u00a011.6.2018<\/i><\/p>\n<p><span class=\"Apple-converted-space\">\u00a0<\/span><\/p>\n<p><span class=\"Apple-converted-space\">\u00a0<\/span><\/p>\n<p><span class=\"Apple-converted-space\">\u00a0Zo spr\u00e1vy na www.ecav.sk<\/span><\/p>\n<p><span class=\"Apple-converted-space\">\u00a0<\/span><\/p>\n<p><span class=\"Apple-converted-space\">\u00a0<\/span><\/p>\n","protected":false},"excerpt":{"rendered":"<p>V B\u00e1\u010dskom Petrovci posv\u00e4tili farsk\u00fa budovu \u00a0 V Nede\u013eu po Vst\u00fapen\u00ed 13. m\u00e1ja 2018 sa v Ev. chr\u00e1me Bo\u017eom v B\u00e1\u010dskom Petrovci konali slu\u017eby Bo\u017eie spojen\u00e9 s posviackou fary po jej gener\u00e1lnej oprave. K\u00e1z\u0148ou slova Bo\u017eieho posl\u00fa\u017eil biskup Z\u00e1padn\u00e9ho di\u0161triktu ECAV na Slovensku Milan Krivda. \u201eDobrore\u010d, du\u0161a moja, Hospodinovi a cel\u00e9 moje vn\u00fatro Jeho sv\u00e4t\u00e9mu &#8230; <a title=\"Z  B\u00e1\u010dskeho Petrovca\" class=\"read-more\" href=\"https:\/\/www.e-anjelik.sk\/index.php\/2018\/06\/13\/z-bacskeho-petrovca\/\" aria-label=\"Pre\u010d\u00edtajte si viac o Z  B\u00e1\u010dskeho Petrovca\">\u010c\u00edta\u0165 viac<\/a><\/p>\n","protected":false},"author":4,"featured_media":0,"comment_status":"open","ping_status":"open","sticky":false,"template":"","format":"standard","meta":{"footnotes":""},"categories":[193,62,10],"tags":[],"class_list":["post-31814","post","type-post","status-publish","format-standard","hentry","category-co-pisu-ini","category-sceav","category-zo-sveta"],"_links":{"self":[{"href":"https:\/\/www.e-anjelik.sk\/index.php\/wp-json\/wp\/v2\/posts\/31814","targetHints":{"allow":["GET"]}}],"collection":[{"href":"https:\/\/www.e-anjelik.sk\/index.php\/wp-json\/wp\/v2\/posts"}],"about":[{"href":"https:\/\/www.e-anjelik.sk\/index.php\/wp-json\/wp\/v2\/types\/post"}],"author":[{"embeddable":true,"href":"https:\/\/www.e-anjelik.sk\/index.php\/wp-json\/wp\/v2\/users\/4"}],"replies":[{"embeddable":true,"href":"https:\/\/www.e-anjelik.sk\/index.php\/wp-json\/wp\/v2\/comments?post=31814"}],"version-history":[{"count":1,"href":"https:\/\/www.e-anjelik.sk\/index.php\/wp-json\/wp\/v2\/posts\/31814\/revisions"}],"predecessor-version":[{"id":31815,"href":"https:\/\/www.e-anjelik.sk\/index.php\/wp-json\/wp\/v2\/posts\/31814\/revisions\/31815"}],"wp:attachment":[{"href":"https:\/\/www.e-anjelik.sk\/index.php\/wp-json\/wp\/v2\/media?parent=31814"}],"wp:term":[{"taxonomy":"category","embeddable":true,"href":"https:\/\/www.e-anjelik.sk\/index.php\/wp-json\/wp\/v2\/categories?post=31814"},{"taxonomy":"post_tag","embeddable":true,"href":"https:\/\/www.e-anjelik.sk\/index.php\/wp-json\/wp\/v2\/tags?post=31814"}],"curies":[{"name":"wp","href":"https:\/\/api.w.org\/{rel}","templated":true}]}}