{"id":31816,"date":"2018-06-13T20:28:03","date_gmt":"2018-06-13T18:28:03","guid":{"rendered":"http:\/\/e-anjelik.sk\/?p=31816"},"modified":"2018-06-13T20:28:03","modified_gmt":"2018-06-13T18:28:03","slug":"pastiersky-list-biskupa-vd-k-volbam","status":"publish","type":"post","link":"https:\/\/www.e-anjelik.sk\/index.php\/2018\/06\/13\/pastiersky-list-biskupa-vd-k-volbam\/","title":{"rendered":"Pastiersky list biskupa VD k vo\u013eb\u00e1m"},"content":{"rendered":"<p>Pastiersky list biskupa V\u00fdchodn\u00e9ho di\u0161triktu ECAV na Slovensku Mgr. Slavom\u00edra Sabola k vo\u013eb\u00e1m v ECAV v roku 2018<span class=\"Apple-converted-space\">\u00a0<\/span><\/p>\n<p>Mil\u00ed bratia a sestry!<span class=\"Apple-converted-space\">\u00a0<\/span><\/p>\n<p>D\u00f4le\u017eit\u00fdm medzn\u00edkom v \u017eivote cirkvi s\u00fa vo\u013eby jej vrcholn\u00fdch predstavite\u013eov. Ich zvolen\u00edm m\u00e1me napom\u00f4c\u0165 tomu, aby skrze ich slu\u017ebu si konala cirkev svoje poslanie, ktor\u00e9 prijala od Je\u017ei\u0161a Krista. P\u00edsmo n\u00e1s u\u010d\u00ed pozera\u0165 na proces ustanovenia predstavite\u013eov cirkvi pozit\u00edvne. V r\u00e9torike P\u00edsma je to proces, ktor\u00e9ho cie\u013eom je budovanie spolo\u010denstva veriacich skrze duchovn\u00e9 obdarovania nosite\u013eov \u00faradu, alebo akejko\u013evek slu\u017eby v cirkvi. Vo\u013eba dvan\u00e1steho apo\u0161tola Mateja v prvotnej cirkvi (Sk 1,15-26), povolanie Timotea do \u00faradu (1 Tim 4,14; 2 Tim 1,6), \u010di ustanovenie star\u0161\u00edch v novovzniknut\u00fdch zboroch rannej cirkvi (T\u00edt 1,5) s\u00fa jasn\u00fdm svedectvom , \u017ee vyberali t\u00fdch, ktor\u00fdch svedectvo o Vzkriesenom Kristovi (Sk 1,22) bolo predpokladom budovania cirkvi. Nevyberali pod\u013ea \u201emodr\u00fdch o\u010di\u201c, vz\u00e1jomn\u00e9ho priate\u013estva, titulov, t\u00fa\u017eby jednotlivcov, alebo z\u00e1ujmov\u00fdch skup\u00edn. Krit\u00e9ria na biskupa a diakona op\u00edsan\u00e9 v 1 Tim 3,1-13 a T\u00edt 1,6-9 dokazuj\u00fa, \u017ee sa pozeralo na to, ako sa viera prejavuje v \u017eivote danej osoby a ak\u00fdmi darmi by mohol posl\u00fa\u017ei\u0165 spolo\u010denstvu veriacich. Za vo\u013ebu tak\u00fdch \u013eud\u00ed sa cirkev v\u017edy modlila (Sk 1,24), aby vo\u013eby pomohli jej napredovaniu.<span class=\"Apple-converted-space\">\u00a0<\/span><\/p>\n<p>Toto pozit\u00edvne biblick\u00e9 vn\u00edmanie volieb predstavite\u013eov na\u0161ej cirkvi \u017eia\u013e medzi nami absentuje. Vo\u013eby v na\u0161ej ECAV n\u00e1s rozde\u013euj\u00fa a ni\u010dia. Ur\u010dite prispieva k tomu syst\u00e9m volieb, ktor\u00fd sme po p\u00e1de socializmu v na\u0161ej vlasti bez teologick\u00e9ho uva\u017eovania skop\u00edrovali zo sveta. Okrem tohto syst\u00e9mu sme prevzali tie\u017e svetsk\u00e9 predvolebn\u00e9 praktiky, v ktor\u00fdch je to\u013eko egoizmu a ubl\u00ed\u017een\u00ed, \u017ee dok\u00e1\u017eeme tromfn\u00fa\u0165 aj neveriacich. <b>Vo\u013eby v na\u0161ej cirkvi u\u017e nie s\u00fa z\u00e1le\u017eitos\u0165ou cirkevn\u00e9ho priestoru, ale cez soci\u00e1lne siete, svetsk\u00e9 noviny, \u010di m\u00e9dia sa negat\u00edvne prezentujeme na verejnosti, \u010do zni\u017euje d\u00f4veryhodnos\u0165 n\u00e1\u0161ho cirkevn\u00e9ho spolo\u010denstva. <\/b>Najviac zra\u0148uje na\u0161u ECAV <b>diskredit\u00e1cia kandid\u00e1tov, <\/b>kandida\u010dn\u00fdch por\u00e1d a ovplyv\u0148ovanie volieb v r\u00e1mci na\u0161ej ECAV. Bez hanby sa to rob\u00ed najm\u00e4 cez Evanjelick\u00fd posol spod Tatier (EPST) a webov\u00fa str\u00e1nku na\u0161ej ECAV. Predsedn\u00edctvo ECAV, jemu bl\u00edzki \u013eudia a ur\u010dit\u00ed pracovn\u00edci Tranoscia okrem diskredit\u00e1cie vo vo\u013eb\u00e1ch zainteresovan\u00fdch \u013eud\u00ed zasahuj\u00fa do <b>priebehu volieb, ke\u010f priamo vo v\u00fdzve publikovanej na Webovej str\u00e1nke ECAV a v EPST \u010d. 23, str. 11 vyz\u00fdvaj\u00fa k bojkotovaniu volieb. Tak\u00fa nehor\u00e1znos\u0165 e\u0161te na\u0161e ECAV neza\u017eila. Od tak\u00e9ho konania sa r\u00e1zne di\u0161tancujem a vyz\u00fdvam V\u00e1s bratia a sestry, aby ste nepod\u013eahli tomuto predvolebn\u00e9mu \u201emas\u00edrovaniu mozgov\u201c veriacich.<span class=\"Apple-converted-space\">\u00a0<\/span><\/b><\/p>\n<p>Kandida\u010dn\u00e1 porada je legit\u00edmny org\u00e1n riadne zvolen\u00fdch predstavite\u013eov na\u0161ej cirkvi, ktor\u00ed poznaj\u00fa dianie v cirkvi. Predsedn\u00edctva senior\u00e1tov a di\u0161triktov s\u00fa svojpr\u00e1vne osoby, ktor\u00e9 sa nedaj\u00fa oklama\u0165 fingovanou n\u00e1mietkou vo\u010di navrhovan\u00fdm kandid\u00e1tom. O neschv\u00e1lenie niektor\u00fdch kandid\u00e1tov na funkciu gener\u00e1lneho biskupa, gener\u00e1lneho dozorcu a dozorcu V\u00fdchodn\u00e9ho di\u0161triktu rozhodol ve\u013ek\u00fd po\u010det \u010dlenov kandida\u010dn\u00fdch por\u00e1d. <b>To by malo vies\u0165 dotknut\u00fdch neschv\u00e1len\u00fdch kandid\u00e1tov k sebareflexii a nie k diskredit\u00e1cii legit\u00edmneho cirkevn\u00e9ho org\u00e1nu. <\/b>Skuto\u010dnos\u0165, \u017ee na dan\u00e9 funkcie je iba jeden kandid\u00e1t <b>nie je prejavom nedemokratickosti volieb ako to tvrd\u00ed EPST.<\/b> Kandida\u010dn\u00e1 porada demokraticky tajne hlasovala a o re\u00e1lnych kandid\u00e1toch bud\u00fa m\u00f4c\u0165 \u013eudia hlasova\u0165 na svojich konventoch v cirkevn\u00fdch zboroch. Pre\u010do EPST nepri\u0161iel s tou istou kritikou, ke\u010f ned\u00e1vno na funkciu dozorcu ZD bol postaven\u00fd taktie\u017e jeden kandid\u00e1t?<span class=\"Apple-converted-space\">\u00a0<\/span><\/p>\n<p>Mil\u00ed bratia a sestry! Nepod\u013eahnite diskredita\u010dnej kampani proti niektor\u00fdm kandid\u00e1tom v pripravovan\u00fdch vo\u013eb\u00e1ch. <b>Nenale\u0165me cirkevnej politike niektor\u00fdch \u013eud\u00ed v cirkvi, ktor\u00ed chc\u00fa vo\u013eby bojkotova\u0165 vyz\u00fdvaj\u00fac k pre\u010diarkovaniu kandid\u00e1tov! Rozhodnite sa pod\u013ea svojho svedomia nedaj\u00fac si vn\u00fati\u0165 n\u00e1zory in\u00fdch. V\u0161imnite si, \u017ee v EPST dlhodobo p\u00ed\u0161u st\u00e1le t\u00ed ist\u00ed \u013eudia. Je to jednostrann\u00fd poh\u013ead.<\/b> Dok\u00e1\u017eme sa, \u017ee sme \u013eudia viery, ktor\u00ed chc\u00fa, aby v cirkvi nedominovala politika, ale snaha o naplnenie Kristovho poslania.<span class=\"Apple-converted-space\">\u00a0<\/span><\/p>\n<p>Z\u00e1verom V\u00e1m prajem, aby probl\u00e9my v cirkvi n\u00e1s neodradili od Kristovho evanjelia, ale n\u00e1s posilnili vo viere v zmysle Pavlov\u00fdch slov: \u201eA my vieme, \u017ee miluj\u00facim Boha, povolan\u00fdm pod\u013ea rady (Bo\u017eej), v\u0161etky veci sl\u00fa\u017eia na dobro. (R 8,28)\u201c.<span class=\"Apple-converted-space\">\u00a0<\/span><\/p>\n<p>S prian\u00edm Bo\u017eieho po\u017eehnania ost\u00e1va Mgr. Slavom\u00edr Sabol biskup V\u00fdchodn\u00e9ho di\u0161triktu ECAV<span class=\"Apple-converted-space\">\u00a0<\/span><\/p>\n","protected":false},"excerpt":{"rendered":"<p>Pastiersky list biskupa V\u00fdchodn\u00e9ho di\u0161triktu ECAV na Slovensku Mgr. Slavom\u00edra Sabola k vo\u013eb\u00e1m v ECAV v roku 2018\u00a0 Mil\u00ed bratia a sestry!\u00a0 D\u00f4le\u017eit\u00fdm medzn\u00edkom v \u017eivote cirkvi s\u00fa vo\u013eby jej vrcholn\u00fdch predstavite\u013eov. Ich zvolen\u00edm m\u00e1me napom\u00f4c\u0165 tomu, aby skrze ich slu\u017ebu si konala cirkev svoje poslanie, ktor\u00e9 prijala od Je\u017ei\u0161a Krista. P\u00edsmo n\u00e1s u\u010d\u00ed pozera\u0165 &#8230; <a title=\"Pastiersky list biskupa VD k vo\u013eb\u00e1m\" class=\"read-more\" href=\"https:\/\/www.e-anjelik.sk\/index.php\/2018\/06\/13\/pastiersky-list-biskupa-vd-k-volbam\/\" aria-label=\"Pre\u010d\u00edtajte si viac o Pastiersky list biskupa VD k vo\u013eb\u00e1m\">\u010c\u00edta\u0165 viac<\/a><\/p>\n","protected":false},"author":4,"featured_media":0,"comment_status":"open","ping_status":"open","sticky":false,"template":"","format":"standard","meta":{"footnotes":""},"categories":[1],"tags":[],"class_list":["post-31816","post","type-post","status-publish","format-standard","hentry","category-adventna-modlitba"],"_links":{"self":[{"href":"https:\/\/www.e-anjelik.sk\/index.php\/wp-json\/wp\/v2\/posts\/31816","targetHints":{"allow":["GET"]}}],"collection":[{"href":"https:\/\/www.e-anjelik.sk\/index.php\/wp-json\/wp\/v2\/posts"}],"about":[{"href":"https:\/\/www.e-anjelik.sk\/index.php\/wp-json\/wp\/v2\/types\/post"}],"author":[{"embeddable":true,"href":"https:\/\/www.e-anjelik.sk\/index.php\/wp-json\/wp\/v2\/users\/4"}],"replies":[{"embeddable":true,"href":"https:\/\/www.e-anjelik.sk\/index.php\/wp-json\/wp\/v2\/comments?post=31816"}],"version-history":[{"count":1,"href":"https:\/\/www.e-anjelik.sk\/index.php\/wp-json\/wp\/v2\/posts\/31816\/revisions"}],"predecessor-version":[{"id":31817,"href":"https:\/\/www.e-anjelik.sk\/index.php\/wp-json\/wp\/v2\/posts\/31816\/revisions\/31817"}],"wp:attachment":[{"href":"https:\/\/www.e-anjelik.sk\/index.php\/wp-json\/wp\/v2\/media?parent=31816"}],"wp:term":[{"taxonomy":"category","embeddable":true,"href":"https:\/\/www.e-anjelik.sk\/index.php\/wp-json\/wp\/v2\/categories?post=31816"},{"taxonomy":"post_tag","embeddable":true,"href":"https:\/\/www.e-anjelik.sk\/index.php\/wp-json\/wp\/v2\/tags?post=31816"}],"curies":[{"name":"wp","href":"https:\/\/api.w.org\/{rel}","templated":true}]}}