{"id":3187,"date":"2010-11-20T12:20:07","date_gmt":"2010-11-20T12:20:07","guid":{"rendered":"http:\/\/e-anjelik.sk\/?p=3187"},"modified":"2010-11-20T12:20:07","modified_gmt":"2010-11-20T12:20:07","slug":"arcibiskup-elcl-vanags-je-pripraveny-rezignovat-z-funkcie","status":"publish","type":"post","link":"https:\/\/www.e-anjelik.sk\/index.php\/2010\/11\/20\/arcibiskup-elcl-vanags-je-pripraveny-rezignovat-z-funkcie\/","title":{"rendered":"Arcibiskup ELCL Vanags je pripraven\u00fd rezignova\u0165 z funkcie"},"content":{"rendered":"<p>Arcibiskup Evanjelicko &#8211; luter&aacute;nskej cirkvi Loty&scaron;ska Janis Vanags vyhl&aacute;sil, \u017ee je pripraven&yacute; rezignova\u0165 zo svojej funkcie arcibiskupa. Ako povedal v rozhovore &nbsp;pre vydanie &quot;Svetdienas Rits&quot; v septembri sa z&uacute;\u010dastnil duchovn&yacute;ch cvi\u010den&iacute;&nbsp;v &uacute;plnom tichu a modlil sa&nbsp; o tom, aby poznal, \u010di m&aacute; osta\u0165 vo funkcii. &quot;Hoci na&scaron;a cirkevn&aacute; &uacute;stava nepo\u010d&iacute;ta s prevo\u013ebou arcibiskupa alebo prekro\u010denie doby jeho slu\u017eby, popros&iacute;m synodu, aby sa vyjadrila, \u010di m&aacute;m zosta\u0165 vo funkcii. D&uacute;fam, \u017ee od Cirkvi budem po\u010du\u0165 Bo\u017e&iacute; hlas&quot;,povedal. Ako poznamen&aacute;va port&aacute;l Delfi, v poslednom \u010dase medzi niektor&yacute;mi pastormi ELCL rastie nespokojnos\u0165 so &scaron;t&yacute;lom vedenia arcibiskupa. Jedn&yacute;m z ch&yacute;b je pokus arcibiskupa zavies\u0165 &uacute;stredn&eacute; vypl&aacute;canie platov duchovn&yacute;m. Tie\u017e ho kritizuj&uacute; za &quot;nadmern&yacute; ekumenizmus&quot;. Pod\u013ea neho, ak synoda sa vyslov&iacute;, \u017ee \u010falej nem&ocirc;\u017ee vies\u0165 cirkev, s rados\u0165ou sa vr&aacute;ti do pr&aacute;ce vo svojom cirkevnom zbore.<\/p>\n<p>(<a href=\"http:\/\/www.delku.org.ua\">www.delku.org.ua<\/a>)<\/p>\n","protected":false},"excerpt":{"rendered":"<p>Arcibiskup Evanjelicko &#8211; luter&aacute;nskej cirkvi Loty&scaron;ska Janis Vanags vyhl&aacute;sil, \u017ee je pripraven&yacute; rezignova\u0165 zo svojej funkcie arcibiskupa. Ako povedal v rozhovore &nbsp;pre vydanie &quot;Svetdienas Rits&quot; v septembri sa z&uacute;\u010dastnil duchovn&yacute;ch cvi\u010den&iacute;&nbsp;v &uacute;plnom tichu a modlil sa&nbsp; o tom, aby poznal, \u010di m&aacute; osta\u0165 vo funkcii. &quot;Hoci na&scaron;a cirkevn&aacute; &uacute;stava nepo\u010d&iacute;ta s prevo\u013ebou arcibiskupa alebo prekro\u010denie &#8230; <a title=\"Arcibiskup ELCL Vanags je pripraven\u00fd rezignova\u0165 z funkcie\" class=\"read-more\" href=\"https:\/\/www.e-anjelik.sk\/index.php\/2010\/11\/20\/arcibiskup-elcl-vanags-je-pripraveny-rezignovat-z-funkcie\/\" aria-label=\"Pre\u010d\u00edtajte si viac o Arcibiskup ELCL Vanags je pripraven\u00fd rezignova\u0165 z funkcie\">\u010c\u00edta\u0165 viac<\/a><\/p>\n","protected":false},"author":22,"featured_media":0,"comment_status":"open","ping_status":"open","sticky":false,"template":"","format":"standard","meta":{"footnotes":""},"categories":[20],"tags":[],"class_list":["post-3187","post","type-post","status-publish","format-standard","hentry","category-baltikum"],"_links":{"self":[{"href":"https:\/\/www.e-anjelik.sk\/index.php\/wp-json\/wp\/v2\/posts\/3187","targetHints":{"allow":["GET"]}}],"collection":[{"href":"https:\/\/www.e-anjelik.sk\/index.php\/wp-json\/wp\/v2\/posts"}],"about":[{"href":"https:\/\/www.e-anjelik.sk\/index.php\/wp-json\/wp\/v2\/types\/post"}],"author":[{"embeddable":true,"href":"https:\/\/www.e-anjelik.sk\/index.php\/wp-json\/wp\/v2\/users\/22"}],"replies":[{"embeddable":true,"href":"https:\/\/www.e-anjelik.sk\/index.php\/wp-json\/wp\/v2\/comments?post=3187"}],"version-history":[{"count":0,"href":"https:\/\/www.e-anjelik.sk\/index.php\/wp-json\/wp\/v2\/posts\/3187\/revisions"}],"wp:attachment":[{"href":"https:\/\/www.e-anjelik.sk\/index.php\/wp-json\/wp\/v2\/media?parent=3187"}],"wp:term":[{"taxonomy":"category","embeddable":true,"href":"https:\/\/www.e-anjelik.sk\/index.php\/wp-json\/wp\/v2\/categories?post=3187"},{"taxonomy":"post_tag","embeddable":true,"href":"https:\/\/www.e-anjelik.sk\/index.php\/wp-json\/wp\/v2\/tags?post=3187"}],"curies":[{"name":"wp","href":"https:\/\/api.w.org\/{rel}","templated":true}]}}