{"id":31891,"date":"2018-08-31T23:21:17","date_gmt":"2018-08-31T21:21:17","guid":{"rendered":"http:\/\/e-anjelik.sk\/?p=31891"},"modified":"2018-08-31T23:21:17","modified_gmt":"2018-08-31T21:21:17","slug":"na-vsetkych-svojich-cestach-ho-poznavaj","status":"publish","type":"post","link":"https:\/\/www.e-anjelik.sk\/index.php\/2018\/08\/31\/na-vsetkych-svojich-cestach-ho-poznavaj\/","title":{"rendered":"Na v\u0161etk\u00fdch svojich cest\u00e1ch Ho pozn\u00e1vaj"},"content":{"rendered":"<p><b><span class=\"Apple-converted-space\">\u00a0 \u00a0 \u00a0 \u00a0 \u00a0 \u00a0 \u00a0 \u00a0 \u00a0 \u00a0 \u00a0 \u00a0 \u00a0 \u00a0 \u00a0 \u00a0 \u00a0 \u00a0 \u00a0\u00a0<\/span>Na v\u0161etk\u00fdch svoj\u00edch cest\u00e1ch Ho pozn\u00e1vaj<\/b><\/p>\n<p><b>Pr\u00edsl 3, 1- 6:<\/b><\/p>\n<p><b><i>\u201cSyn m\u00f4j, nezab\u00fadaj na moje nau\u010denie a tvoje srdce nech zachov\u00e1va moje pr\u00edkazy, (2) lebo ti pred\u013a\u017eia dni a roky \u017eivota a rozhojnia tvoje blaho. (3) Nech \u0165a neopust\u00ed l\u00e1ska a vernos\u0165, privia\u017e si ich na hrdlo, nap\u00ed\u0161 na tabu\u013eu svojho srdca! (4) Tak z\u00edska\u0161 priaze\u0148 a ob\u013eubu pred Bohom i pred \u013eu\u010fmi. (5) D\u00fafaj v Hospodina cel\u00fdm svoj\u00edm srdcom a nespoliehaj sa na svoju rozumnos\u0165. (6) Na v\u0161etk\u00fdch svojich cest\u00e1ch Ho pozn\u00e1vaj a On ti urovn\u00e1 chodn\u00edky\u201d. Amen<\/i><\/b><\/p>\n<p>Mil\u00ed priatelia v Kristu P\u00e1nu!<\/p>\n<p><b><span class=\"Apple-converted-space\">\u00a0 \u00a0<\/span><\/b>St\u00edchli \u0161koly, \u0161kolsk\u00e9 dvory, triedy aj \u0161kolsk\u00e9 lavice. Skon\u010dil sa \u0161kolsk\u00fd rok a za\u010dali sa vyt\u00fa\u017een\u00e9 pr\u00e1zdniny. \u017diaci a \u0161tudenti po\u010fakovali vyu\u010duj\u00facim za ich nam\u00e1hav\u00fa pr\u00e1cu, za pr\u00e1cu spolo\u010dnos\u0165ou st\u00e1le nedocenen\u00fa. Vysved\u010denia s\u00fa rozdan\u00e9 a nast\u00e1va \u010das oddychu pre v\u0161etk\u00fdch.<span class=\"Apple-converted-space\">\u00a0<\/span><\/p>\n<p><span class=\"Apple-converted-space\">\u00a0\u00a0 \u00a0 \u00a0<\/span>V s\u00favise s vysved\u010deniami som v posledn\u00fdh d\u0148och zaregistroval dve zauj\u00edmav\u00e9 zpr\u00e1vy. T\u00e1 prv\u00e1 hovorila o tom, \u017ee koncom 19. storo\u010dia bolo na niektor\u00fdch stredn\u00fdch \u0161kol\u00e1ch zvykom d\u00e1va\u0165 vysved\u010denia nielen \u017eiakom, ale aj u\u010dite\u013eom, \u010di profesorom. Bol podrobne p\u00edsomne hodnoten\u00fd ich pr\u00ednos a pr\u00e1ca pre \u0161kolu. Iste zauj\u00edmav\u00e1 my\u0161lienka, ktor\u00e1 by mala aj dnes svoj v\u00fdznam.<\/p>\n<p><span class=\"Apple-converted-space\">\u00a0 \u00a0 \u00a0\u00a0<\/span>Druh\u00e1 spr\u00e1va hovorila o upozornen\u00ed psychol\u00f3ga, aby deti neboli pr\u00edli\u0161 pr\u00edsne hodnoten\u00ed a karhan\u00ed rodi\u010dmi. To preto, aby deti neboli frustrovan\u00e9 a pr\u00edpadne neurobili nejak\u00fd neuv\u00e1\u017een\u00fd skutok. Zn\u00e1mky na vysve\u010den\u00ed s\u00fa tak trochu aj hodnoten\u00edm rodi\u010dov alebo rod\u00edn, z ktor\u00fdch deti vych\u00e1dzaj\u00fa.<\/p>\n<p><span class=\"Apple-converted-space\">\u00a0 \u00a0 \u00a0 \u00a0<\/span>My prich\u00e1dzame dnes na slu\u017eby Bo\u017eie s t\u00fdm \u00famyslom, aby sme<span class=\"Apple-converted-space\">\u00a0 <\/span>po\u010fakovali nielen vyu\u010duj\u00facim a rodi\u010dom \u017eiakov<span class=\"Apple-converted-space\">\u00a0 <\/span>a \u0161tudentov, ale aj P\u00e1nu Bohu za v\u0161etko doteraj\u0161ie dobrodenie, ktor\u00fdm po\u017eehnal najprv deti a ml\u00e1de\u017e cez slu\u017ebu \u0161koly. Nezab\u00fadame pritom ani na na na\u0161e cirkevn\u00e9 \u0161koly a gymn\u00e1zi\u00e1, ktor\u00e9 maj\u00fa u\u017e tradi\u010dne a dlhodobo dobr\u00e9 meno a vysok\u00fa kvalitu. Osobitne mysl\u00edme aj na vyu\u010dovanie n\u00e1bo\u017eenstva na Z\u00e1kladn\u00fdch \u0161kol\u00e1ch a \u0161t\u00e1tnych gymn\u00e1ziach, kde prebieha aj n\u00e1bo\u017eensk\u00e9 vyu\u010dovanie. Tu, v tejto oblasti je ve\u013ea probl\u00e9mov a nedostakov, nad ktor\u00fdmi sa mus\u00edme v cirkvi dlhodobo zam\u00fd\u0161\u013ea\u0165 a ich rie\u0161i\u0165. Napokon k duchovn\u00e9mu vzdel\u00e1vaniu patria aj detsk\u00e9 slu\u017eby Bo\u017eie (DSB) a nede\u013en\u00e9 besiedky, ktor\u00e9 sa konaj\u00fa na p\u00f4de vn\u00fatrocirkevnej. Samozrejme, osobitn\u00e9 vzdel\u00e1vanie za ktor\u00e9 treba P\u00e1nu Bohu \u010fakova\u0165 je konfirma\u010dn\u00e1 pr\u00edprava a vyu\u010dovanie dospievaj\u00facej ml\u00e1de\u017ee, ktor\u00e1 nie je a nem\u00f4\u017ee by\u0165 \u00faspe\u0161n\u00e1 bez \u00fazkej s\u00fa\u010dinnosti rodiny a cirkevn\u00e9ho zboru (CZ).<\/p>\n<p><span class=\"Apple-converted-space\">\u00a0 \u00a0 \u00a0 \u00a0 \u00a0<\/span>Dne\u0161n\u00e1 nede\u013ea patr\u00ed medzi tie potroji\u010dn\u00e9 a s\u00fa\u010dasne pr\u00e1zdninov\u00e9 nedele, ke\u010f sa mnoh\u00ed \u0161kol\u00e1ci u\u017e vyd\u00e1vaj\u00fa aj na pr\u00e1zdninov\u00e9 cesty, n\u00e1v\u0161tevy a r\u00f4zne pobyty. U\u010denie a vzdel\u00e1vanie nie je na programe d\u0148a. Predsa v\u0161ak m\u00f4\u017eeme poveda\u0165 a pripomen\u00fa\u0165 si, \u017ee Hospodin n\u00e1s chce u\u010di\u0165 aj na\u010falej. Chce by\u0165 s nami a chce n\u00e1s \u201cvyu\u010dova\u0165\u201d aj na v\u0161etk\u00fdch na\u0161ich cest\u00e1ch. Skrze Krista ako n\u00e1\u0161ho najlep\u0161ieho u\u010dite\u013ea chce, aby sme \u017eili v tom, \u010do sme u\u017e od Neho prijali a \u010do by sme nemali nikdy opusti\u0165.<span class=\"Apple-converted-space\">\u00a0<\/span><\/p>\n<p><span class=\"Apple-converted-space\">\u00a0 \u00a0 \u00a0 <\/span>N\u00e1\u0161 nebesk\u00fd Otec n\u00e1s oslovuje svoj\u00edm slovom aj dnes a chce n\u00e1s st\u00e1le u\u010di\u0165. Pre\u010do?<\/p>\n<p><span class=\"Apple-converted-space\">\u00a0\u00a0 \u00a0 \u00a0 <\/span><i>1. Preto, aby boli po\u017eehnan\u00e9 na\u0161e cesty \u017eivota v \u010dasnosti<\/i><\/p>\n<p><i><span class=\"Apple-converted-space\">\u00a0\u00a0 \u00a0 \u00a0 <\/span>2. aby sme nezab\u00fadali na cestu do ve\u010dnosti<\/i><\/p>\n<p><i><span class=\"Apple-converted-space\">\u00a0\u00a0 \u00a0 \u00a0 <\/span>3. a aby sme nasledovali pr\u00edklady vernosti<\/i><\/p>\n<p><i><span class=\"Apple-converted-space\">\u00a0\u00a0 <\/span><\/i>Bratia a sestry!<\/p>\n<p><span class=\"Apple-converted-space\">\u00a0 \u00a0 <\/span>Ako otec svoj\u00edm de\u0165om ktor\u00e9 m\u00e1 r\u00e1d, hovor\u00ed n\u00e1m dnes n\u00e1\u0161 Otec nebesk\u00fd: <i>\u201dSyn m\u00f4j &#8211; dc\u00e9ra moja &#8211; nezab\u00fadaj na moje nau\u010denia<span class=\"Apple-converted-space\">\u00a0 <\/span>a tvoje srdce nech zachov\u00e1va moje pr\u00edkazy\u201d.<\/i> Star\u00e9 pr\u00edslovie hovor\u00ed: <i>Opakovanie je matka m\u00fadrosti. <\/i>Je dobr\u00e9, ak \u017eiacia \u0161tudenti na z\u00edskan\u00e9 vedomsti v \u0161kole nezabudn\u00fa. V \u0161kole je celkom be\u017en\u00e1 vec \u010dast\u00e9 opakovanie toho, \u010do sa \u017eiaci u\u017e sk\u00f4r u\u010dili. Dobr\u00ed u\u010ditelia \u010dasto hovoria a pripom\u00ednaj\u00fa \u0161tudentom: neu\u010d\u00edte sa pre zn\u00e1mky, ale pre \u017eivot.<\/p>\n<p><span class=\"Apple-converted-space\">\u00a0\u00a0 \u00a0 \u00a0<\/span>Pokia\u013e ide o \u0161kolsk\u00e9 predmety, v\u0161etky maj\u00fa svoj v\u00fdznam a v\u0161etky vedomosti m\u00f4\u017eu sl\u00fa\u017ei\u0165 k dobr\u00e9mu. Chceme si v\u0161ak pripomen\u00fa\u0165, \u017ee to ist\u00e9 plat\u00ed aj v duchovno &#8211; n\u00e1bo\u017eenskej oblasti. Neu\u010d\u00edme sa pozna\u0165 Bo\u017eie slovo preto, \u017ee sa na nau\u010den\u00e9 p\u00fdta vyu\u010duj\u00faci a sk\u00fa\u0161aj\u00faci. D\u00f4le\u017eit\u00e9 je, aby sa Bo\u017ee slovo dostalo \u010dloveku do srdca, aby vo\u0161lo \u201cpod ko\u017eu\u201d a stalo sa osobn\u00fdm duchovn\u00fdm bohatstvom \u017eiaka.<span class=\"Apple-converted-space\">\u00a0<\/span><\/p>\n<p><span class=\"Apple-converted-space\">\u00a0\u00a0 \u00a0 \u00a0 \u00a0 <\/span>Tu m\u00f4\u017eeme myslie\u0165 najsk\u00f4r na hodnotu modlitby. \u010casto aj neveriaci u\u010ditelia hovorievaj\u00fa \u017eiakom: <i>\u201cToto, \u010do sa teraz u\u010d\u00edmemus\u00ed\u0161 vedie\u0165 ako Ot\u010den\u00e1\u0161!\u201d<span class=\"Apple-converted-space\">\u00a0 <\/span><\/i>Av\u0161ak to ist\u00e9 plat\u00ed aj o Desiatich Bo\u017e\u00edch prik\u00e1zaniach, o Viere v\u0161eobecnej kres\u0165anskej, o slov\u00e1ch Je\u017ei\u0161ov\u00fdch o Krste sv\u00e4tom, o Ve\u010deri P\u00e1novej, o obsahu evanjelia a in\u00fdch v\u00fdznamn\u00fdch slov\u00e1ch P\u00e1nov\u00fdch.<span class=\"Apple-converted-space\">\u00a0<\/span><\/p>\n<p><span class=\"Apple-converted-space\">\u00a0 \u00a0 \u00a0 \u00a0 \u00a0<\/span>Sk\u00fasenos\u0165 hovor\u00ed, \u017ee tieto kres\u0165ansk\u00e9 z\u00e1klady m\u00f4\u017ee katech\u00e9ta alebo k\u0148az dobre nau\u010di\u0165 iba vtedy, ke\u010f ich u\u017e v pred\u0161kolskom veku v\u0161tepuje a vyu\u010duje die\u0165a samotn\u00fd rodi\u010d, alebo aspo\u0148 star\u00fd rodi\u010d. Jozef M. Hurban \u010dasto hovoril, p\u00edsal a opakoval, \u017ee Mal\u00fd katechizmus nie je prim\u00e1rne \u0161kolsk\u00e1 n\u00e1bo\u017eensk\u00e1 kniha, ale \u017ee on patr\u00ed do rodiny. A to v tom zmysle, aby jeho obsah nau\u010dili deti u\u017e rodi\u010dia v rodine.<span class=\"Apple-converted-space\">\u00a0<\/span><\/p>\n<p><span class=\"Apple-converted-space\">\u00a0\u00a0 \u00a0 \u00a0<\/span>Aj Bo\u017e\u00ed z\u00e1kon n\u00e1m sl\u00fa\u017ei k dobr\u00e9mu. Ve\u010f Desatoro chr\u00e1ni \u017eivot n\u00e1\u0161 i \u017eivot na\u0161ich bl\u00ed\u017enych a tak kvalitu n\u00e1\u0161ho pozemsk\u00e9ho \u017eivota v\u00f4bec. Preto s\u00e1m Hospodin hovor\u00ed: \u201c\u2026<i>tvoje srdce nech zachov\u00e1va moje pr\u00edkazy, lebo sa ti predl\u017eia dni a roky \u017eivota a rozhojn\u00ed sa tvoje blaho\u201d.<span class=\"Apple-converted-space\">\u00a0 <\/span><\/i>Ke\u010f\u017ee z viery v Krista v\u017edy vyrast\u00e1 l\u00e1ska, pripom\u00edna slovo Bo\u017eie \u010falej: <i>\u201cNech \u0165a neopust\u00ed l\u00e1ska a vernos\u0165, privia\u017e si ich na hrdlo, nap\u00ed\u0161 na tabu\u013eu svojho srdca! Tak z\u00edska\u0161 priaze\u0148 a ob\u013eubu pred Bohom i \u013eu\u010fmi\u201d. <span class=\"Apple-converted-space\">\u00a0 \u00a0 \u00a0 \u00a0<\/span><\/i><\/p>\n<p><i><span class=\"Apple-converted-space\">\u00a0 \u00a0 \u00a0 \u00a0<\/span><\/i> L\u00e1ska je vrcholn\u00fd prejav cnosti a tvor\u00ed obsah cel\u00e9ho Z\u00e1kona Bo\u017eieho: <i>\u201cMilova\u0165 bude\u0161 P\u00e1na, svojho Boha a svojho bl\u00ed\u017eneho ako seba sam\u00e9ho\u201d.<\/i> Iste plat\u00ed v tomto s\u00favise aj apo\u0161tolsk\u00e9 slovo:<i> \u201dL\u00e1ska bl\u00ed\u017enemu zle ne\u010din\u00ed\u201d<\/i><span class=\"Apple-converted-space\">\u00a0 <\/span>a Je\u017ei\u0161ov odkaz, ktor\u00fdm prekon\u00e1va napomenutie SZ: <i>\u201c\u010co chcete, aby \u013eudia v\u00e1m robili, robte im aj vy\u201d<\/i>.<span class=\"Apple-converted-space\">\u00a0<\/span><\/p>\n<p>(<i> SZ: \u201c\u010do nechcete aby v\u00e1m \u010dinili, ne\u010di\u0148te ani vy svojim bl\u00ed\u017enym).<\/i><\/p>\n<p>Preto, \u010di \u017eijeme v spolo\u010denstve s bl\u00ed\u017enymi doma, v pr\u00e1ci, alebo sme na cest\u00e1ch a stret\u00e1vame sa s nezn\u00e1mymi \u013eu\u010fmi &#8211; l\u00e1ska a vernos\u0165 rozhoj\u0148uj\u00fa na\u0161e blaho, d\u00e1vaj\u00fa prav\u00fa hodnotu n\u00e1\u0161mu \u017eivotu a s\u00fa \u201cjazykom\u201d dorozumenia s \u013eu\u010fmi na ktoromko\u013evek mieste sveta. Vtedy plat\u00ed: <i>\u201cTak z\u00edska\u0161 priaze\u0148 a ob\u013eubu pred Bohom a pred \u013eu\u010fmi\u201d.<\/i><\/p>\n<p><span class=\"Apple-converted-space\">\u00a0<\/span>2. Bratia a sestry!<\/p>\n<p><span class=\"Apple-converted-space\">\u00a0 \u00a0 <\/span>P\u00e1n Boh n\u00e1s chce v\u0161etk\u00fdch, mlad\u00fdch i t\u00fdch sk\u00f4r naroden\u00fdch st\u00e1le u\u010di\u0165 aj preto, aby sme nazabudli na to, \u017ee na\u0161a cesta \u017eivota smeruje do ve\u010dnosti. Ide v\u0161ak o to, aby to bola ve\u010dnos\u0165 v splo\u010denstve s N\u00edm a so v\u0161etk\u00fdmi vyk\u00fapen\u00fdmi Bo\u017e\u00edmi de\u0165mi.<\/p>\n<p><span class=\"Apple-converted-space\">\u00a0 \u00a0 \u00a0 <\/span>Je\u017ei\u0161 je a zost\u00e1va aj v tomto smere na\u0161\u00edm najlep\u0161\u00edm u\u010dite\u013eom. On s\u00e1m od detstva <i>\u201cprospieval vekom a m\u00fadros\u0165ou u Boha Otca aj u \u013eud\u00ed\u201d. (Lk 2)<\/i><span class=\"Apple-converted-space\">\u00a0 <\/span>Bol nielen <i>\u201cplnos\u0165ou m\u00fadrosti\u201d (Kol 2,3)<\/i>, ale aj pomocn\u00edkom t\u00fdch, ktor\u00ed prijali pozvanie k nasledovaniu a d\u00f4verovali Mu, \u017ee v \u0147om a s N\u00edm m\u00f4\u017eu by\u0165 zachr\u00e1nen\u00ed a ma\u0165 \u00fa\u010das\u0165 na Jeho sl\u00e1ve a kra\u013eovan\u00ed. Tam, kde kles\u00e1me a pad\u00e1me, je a zost\u00e1va na\u0161\u00edm Dobr\u00fdm Pastierom, aby n\u00e1s zodvihol a niesol v n\u00e1ru\u010d\u00ed do svojho nebesk\u00e9ho ov\u010d\u00ednca. Povzbudenie k d\u00f4vere v Bo\u017eiu milos\u0165 zneje aj z dne\u0161n\u00e9ho sv\u00e4t\u00e9ho textu: <i>\u201dD\u00fafaj v Hospodina cel\u00fdm svoj\u00edm srdcom a nespoliehaj sa na svoju rozumnos\u0165.\u201d<\/i><\/p>\n<p><i><span class=\"Apple-converted-space\">\u00a0\u00a0 \u00a0 \u00a0 \u00a0<\/span><\/i>\u00a03. Mil\u00ed bratia a sestry,<\/p>\n<p><span class=\"Apple-converted-space\">\u00a0 \u00a0 \u00a0<\/span>zost\u00e1vajme st\u00e1le v Bo\u017eej \u0161kole, i ke\u010f sa br\u00e1ny \u0161k\u00f4l na dva mesiace zatv\u00e1raj\u00fa, aby sme v\u017edy nasledovali aj pr\u00edklady vernosti. Hovor\u00ed sa, \u017ee <i>\u201cpr\u00edklady pri\u0165ahuj\u00fa\u201d<\/i>. (Exempla trahunt)<span class=\"Apple-converted-space\">\u00a0<\/span>Plat\u00ed to najm\u00e4 pre mlad\u00fdch a nesk\u00fasen\u00fdch, \u017eia\u013e, aj vtedy, ke\u010f ide o pr\u00edklady nie pr\u00e1ve dobr\u00e9, pekn\u00e9, \u0161\u013eachetn\u00e9 a tak\u00e9, ktor\u00e9 nie s\u00fa v s\u00falade s Bo\u017e\u00edmi pravidlami pre \u017eivot. S\u00fa v\u0161ak aj pr\u00edklady hodn\u00e9 nasledovania a tak\u00e9, ktor\u00e9 n\u00e1s m\u00f4\u017eu povzbudi\u0165 a odu\u0161evni\u0165 pre vernos\u0165 Bohu a k l\u00e1ske k bl\u00ed\u017enym.<\/p>\n<p><span class=\"Apple-converted-space\">\u00a0 \u00a0 \u00a0 \u00a0<\/span>V de\u0148, ke\u010f sa odovz\u00e1vali tohtoro\u010dn\u00e9 vysved\u010denia, pripom\u00ednala si kres\u0165ansk\u00e1 cirkev sviatok apo\u0161tolov <b>Petra a Pavla<\/b>. Ka\u017ed\u00fd z nich bol inak obdaren\u00fd P\u00e1nom Bohom, inak povolan\u00fd P\u00e1nom Kristom a ka\u017ed\u00fd pre\u0161iel inou \u017eivotnou cestou. V liste galatsk\u00fdm kres\u0165anom \u010d\u00edtame aj o tom, \u017ee na niektor\u00e9 veci mali v ur\u010ditej chv\u00edli rozdielne n\u00e1zory. Teda aj oni boli \u201clen \u013eudia\u201d a potrebovali pok\u00e1nie a Bo\u017eiu milos\u0165. V tom hlavnom v\u0161ak boli vern\u00ed a\u017e do smrti, toti\u017e v d\u00f4vere v Krista P\u00e1na a tak z\u00edskali aj veniec v\u00ed\u0165aztva v nebi. Nemus\u00edme ich vz\u00fdva\u0165, ale m\u00f4\u017eeme sa z ich slu\u017eby st\u00e1le u\u010di\u0165.<\/p>\n<p><span class=\"Apple-converted-space\">\u00a0 \u00a0 \u00a0 \u00a0 \u00a0<\/span>Po\u010das minul\u00e9ho roku sme si pripom\u00ednali <b>dielo reform\u00e1cie<span class=\"Apple-converted-space\">\u00a0 <\/span><\/b>Dr.Martina Luthera, ale aj Filipa Melanchtona. Aj ich \u017eivot a dielo je pre n\u00e1s pr\u00edkladom a povzbuden\u00edm k vernosti. V novom t\u00fd\u017edni sa na\u0161e o\u010di bud\u00fa pozera\u0165 na starobil\u00fd <b>Bran\u010d,<\/b> aby sme si pripomenuli vieru na\u0161ich vern\u00fdch predkov, \u0165a\u017eko sk\u00fa\u0161an\u00fdch v \u010dasoch otvorenej a krvavavej protireform\u00e1cie. Pripomenieme si \u00fadel<b> v\u00e4z\u0148ov svedomia a galejn\u00edkov,<\/b> ktor\u00ed dok\u00e1zali, \u017ee na stupnici ich hodn\u00f4t bol Kristus a Jeho cirkev na prvom mieste. Spom\u00edna\u0165 budeme s\u00fa\u010dasne aj na Majstra J\u00e1na Husa<b> <\/b>a jeho odkaz: milova\u0165 pravdu a nasledova\u0165 Krista a\u017e do poslend\u00e9ho dychu. Spomenie si pr\u00edklad vernej a po\u017eehnanej slu\u017eby a misijnej cesty bratov z gr\u00e9ckeho Sol\u00fa\u0148a k na\u0161\u00edm predkom na vtedaj\u0161iu Ve\u013ek\u00fa Moravu, \u010di\u017ee vz\u00e1cny odkaz viery a slu\u017eby <b>Kon\u0161tant\u00edna a Metoda.<\/b><\/p>\n<p><span class=\"Apple-converted-space\">\u00a0 \u00a0 \u00a0 \u00a0<\/span>Okrem t\u00fdchto v\u0161etk\u00fdch pr\u00edkladoch m\u00f4\u017eeme po celej na\u0161ej vlasti n\u00e1js\u0165 aj pri pr\u00e1zdninov\u00fdch cest\u00e1ch a potulk\u00e1ch nielen pekn\u00fa pr\u00edrodu, ale aj vz\u00e1cne miesta, ktor\u00e9 d\u00fdchaj\u00fa odkazom sl\u00e1vnej hist\u00f3rie na\u0161ej evanjelickej cirkvi .Odkazy viery minulosti, ktor\u00e1 m\u00e1 dosah a presah a\u017e do dne\u0161n\u00fdch dn\u00ed a je po\u017eehnan\u00edm a dobroden\u00edm pre cel\u00fd n\u00e1\u0161 n\u00e1rod.<span class=\"Apple-converted-space\">\u00a0<\/span><\/p>\n<p>M\u00e1me teda za \u010do P\u00e1nu Bohu \u010fakova\u0165 a m\u00e1me sa st\u00e1le \u010do u\u010di\u0165, lebo \u201chist\u00f3ria je u\u010dite\u013ekou \u017eivota\u201d (historia est magistra vitae). \u010eakujme spolu za P\u00e1novo dobrodenie, za Jeho po\u017eehnanie gener\u00e1ci\u00ed predch\u00e1dzaj\u00facich i t\u00fdch dne\u0161n\u00fdch, najmlad\u0161\u00edch. Nezabudnime, k\u00fdm sme. Nezabudnime ani na nau\u010denie n\u00e1\u0161ho milostiv\u00e9ho nebesk\u00e9ho Otca. Amen<\/p>\n<p><span class=\"Apple-converted-space\">\u00a0\u00a0 \u00a0 \u00a0 \u00a0 \u00a0 \u00a0 \u00a0 \u00a0 \u00a0 \u00a0 \u00a0 \u00a0 \u00a0 \u00a0 \u00a0 \u00a0 \u00a0 \u00a0 \u00a0 \u00a0 \u00a0 \u00a0 \u00a0 \u00a0 \u00a0 \u00a0 \u00a0 \u00a0 \u00a0 \u00a0 \u00a0 \u00a0 \u00a0 \u00a0 \u00a0 \u00a0 \u00a0 <\/span>\u013dubom\u00edr Batka st.<\/p>\n<p><span class=\"Apple-converted-space\">\u00a0\u00a0 \u00a0 \u00a0 \u00a0 \u00a0 \u00a0 \u00a0 \u00a0 \u00a0 \u00a0 \u00a0 \u00a0 \u00a0 \u00a0<\/span><\/p>\n<p>K\u00e1ze\u0148 v Senici 2018 na z\u00e1ver \u0161kolsk\u00e9ho roku 2018.<span class=\"Apple-converted-space\">\u00a0<\/span><\/p>\n","protected":false},"excerpt":{"rendered":"<p>\u00a0 \u00a0 \u00a0 \u00a0 \u00a0 \u00a0 \u00a0 \u00a0 \u00a0 \u00a0 \u00a0 \u00a0 \u00a0 \u00a0 \u00a0 \u00a0 \u00a0 \u00a0 \u00a0\u00a0Na v\u0161etk\u00fdch svoj\u00edch cest\u00e1ch Ho pozn\u00e1vaj Pr\u00edsl 3, 1- 6: \u201cSyn m\u00f4j, nezab\u00fadaj na moje nau\u010denie a tvoje srdce nech zachov\u00e1va moje pr\u00edkazy, (2) lebo ti pred\u013a\u017eia dni a roky \u017eivota a rozhojnia tvoje blaho. (3) Nech &#8230; <a title=\"Na v\u0161etk\u00fdch svojich cest\u00e1ch Ho pozn\u00e1vaj\" class=\"read-more\" href=\"https:\/\/www.e-anjelik.sk\/index.php\/2018\/08\/31\/na-vsetkych-svojich-cestach-ho-poznavaj\/\" aria-label=\"Pre\u010d\u00edtajte si viac o Na v\u0161etk\u00fdch svojich cest\u00e1ch Ho pozn\u00e1vaj\">\u010c\u00edta\u0165 viac<\/a><\/p>\n","protected":false},"author":4,"featured_media":0,"comment_status":"open","ping_status":"open","sticky":false,"template":"","format":"standard","meta":{"footnotes":""},"categories":[121,158,127],"tags":[],"class_list":["post-31891","post","type-post","status-publish","format-standard","hentry","category-kazne","category-senica","category-skolsky-rok-a-prazdniny"],"_links":{"self":[{"href":"https:\/\/www.e-anjelik.sk\/index.php\/wp-json\/wp\/v2\/posts\/31891","targetHints":{"allow":["GET"]}}],"collection":[{"href":"https:\/\/www.e-anjelik.sk\/index.php\/wp-json\/wp\/v2\/posts"}],"about":[{"href":"https:\/\/www.e-anjelik.sk\/index.php\/wp-json\/wp\/v2\/types\/post"}],"author":[{"embeddable":true,"href":"https:\/\/www.e-anjelik.sk\/index.php\/wp-json\/wp\/v2\/users\/4"}],"replies":[{"embeddable":true,"href":"https:\/\/www.e-anjelik.sk\/index.php\/wp-json\/wp\/v2\/comments?post=31891"}],"version-history":[{"count":1,"href":"https:\/\/www.e-anjelik.sk\/index.php\/wp-json\/wp\/v2\/posts\/31891\/revisions"}],"predecessor-version":[{"id":31892,"href":"https:\/\/www.e-anjelik.sk\/index.php\/wp-json\/wp\/v2\/posts\/31891\/revisions\/31892"}],"wp:attachment":[{"href":"https:\/\/www.e-anjelik.sk\/index.php\/wp-json\/wp\/v2\/media?parent=31891"}],"wp:term":[{"taxonomy":"category","embeddable":true,"href":"https:\/\/www.e-anjelik.sk\/index.php\/wp-json\/wp\/v2\/categories?post=31891"},{"taxonomy":"post_tag","embeddable":true,"href":"https:\/\/www.e-anjelik.sk\/index.php\/wp-json\/wp\/v2\/tags?post=31891"}],"curies":[{"name":"wp","href":"https:\/\/api.w.org\/{rel}","templated":true}]}}