{"id":31897,"date":"2018-09-03T20:32:12","date_gmt":"2018-09-03T18:32:12","guid":{"rendered":"http:\/\/e-anjelik.sk\/?p=31897"},"modified":"2018-09-03T20:32:12","modified_gmt":"2018-09-03T18:32:12","slug":"info-k-volbam","status":"publish","type":"post","link":"https:\/\/www.e-anjelik.sk\/index.php\/2018\/09\/03\/info-k-volbam\/","title":{"rendered":"Info k vo\u013eb\u00e1m"},"content":{"rendered":"<p><b>Inform\u00e1cia Predsedn\u00edctva ECAV k vo\u013eb\u00e1m<\/b><\/p>\n<p>Vo\u013eby gener\u00e1lneho dozorcu, dozorcu V\u00fdchodn\u00e9ho di\u0161triktu i gener\u00e1lneho biskupa po prvom kole boli po\u010das apela\u010dnej doby napadnut\u00e9 \u017ealobami. V\u00fdsledky, ktor\u00e9 vyhl\u00e1silo gener\u00e1lne presbyterstvo i presbyterstvo V\u00fdchodn\u00e9ho di\u0161triktu po s\u010d\u00edtan\u00ed hlasov, tak nenadobudli pr\u00e1voplatnos\u0165.<span class=\"Apple-converted-space\">\u00a0<\/span><\/p>\n<p>Na di\u0161triktu\u00e1lne s\u00fady i na gener\u00e1lny s\u00fad ECAV boli podan\u00e9 \u017ealoby proti priebehu a v\u00fdsledkom volieb. Pr\u00edslu\u0161n\u00fd di\u0161triktu\u00e1lny s\u00fad by mal vyda\u0165 predbe\u017en\u00e9 opatrenie, ktor\u00fdm by zastavil druh\u00e9 kolo volieb a \u010d\u00edm sk\u00f4r rozhodn\u00fa\u0165 o \u017ealob\u00e1ch. Ke\u010f\u017ee pr\u00edslu\u0161n\u00fd s\u00fad (ktor\u00fdm je Di\u0161triktu\u00e1lny s\u00fad ZD ECAV pod veden\u00edm Mgr. J\u00e1na Bun\u010d\u00e1ka) doteraz o \u017ealob\u00e1ch nerozhodol, vo\u013eby v druhom kole v term\u00ednoch tak, ako ich stanovilo gener\u00e1lne presbyterstvo 13. 7. 2018, sa nem\u00f4\u017eu uskuto\u010dni\u0165.<\/p>\n<p>V z\u00e1ujme zachovania z\u00e1konnosti preto Predsedn\u00edctvo ECAV na Slovensku podalo odvolanie proti uzneseniam gener\u00e1lneho presbyterstva, ktor\u00e9 boli prijat\u00e9 na zasadnut\u00ed gener\u00e1lneho presbyterstva 13. 7. 2018. T\u00fdmto odvolan\u00edm uznesenie GP o konan\u00ed druh\u00e9ho kola vo\u013eby gener\u00e1lneho biskupa nenadobudlo pr\u00e1voplatnos\u0165. Vo vo\u013eb\u00e1ch gener\u00e1lneho biskupa sa nem\u00f4\u017ee pokra\u010dova\u0165, a\u017e do pr\u00e1voplatn\u00e9ho rozhodnutia o \u017ealob\u00e1ch proti v\u00fdsledkom volieb ako aj do rozhodnutia o odvolan\u00ed vo\u010di uzneseniam GP o vo\u013eb\u00e1ch gener\u00e1lneho predsedn\u00edctva.<span class=\"Apple-converted-space\">\u00a0<\/span><\/p>\n<p>O \u010fal\u0161om priebehu volebn\u00e9ho procesu bude Predsedn\u00edctvo ECAV cirkevn\u00e9 zbory informova\u0165.<\/p>\n<p>V Bratislave, 30. 8. 2018<\/p>\n<p>doc. MUDr. Imrich Luk\u00e1\u010d, CSc.<\/p>\n<p>gener\u00e1lny dozorca<\/p>\n<p>doc. PhDr. Milo\u0161 Kl\u00e1tik, PhD.<\/p>\n<p>gener\u00e1lny biskup<\/p>\n<p><i>Predsedn\u00edctvo ECAV\u00a0|\u00a031.8.2018<\/i><\/p>\n","protected":false},"excerpt":{"rendered":"<p>Inform\u00e1cia Predsedn\u00edctva ECAV k vo\u013eb\u00e1m Vo\u013eby gener\u00e1lneho dozorcu, dozorcu V\u00fdchodn\u00e9ho di\u0161triktu i gener\u00e1lneho biskupa po prvom kole boli po\u010das apela\u010dnej doby napadnut\u00e9 \u017ealobami. V\u00fdsledky, ktor\u00e9 vyhl\u00e1silo gener\u00e1lne presbyterstvo i presbyterstvo V\u00fdchodn\u00e9ho di\u0161triktu po s\u010d\u00edtan\u00ed hlasov, tak nenadobudli pr\u00e1voplatnos\u0165.\u00a0 Na di\u0161triktu\u00e1lne s\u00fady i na gener\u00e1lny s\u00fad ECAV boli podan\u00e9 \u017ealoby proti priebehu a v\u00fdsledkom volieb. Pr\u00edslu\u0161n\u00fd &#8230; <a title=\"Info k vo\u013eb\u00e1m\" class=\"read-more\" href=\"https:\/\/www.e-anjelik.sk\/index.php\/2018\/09\/03\/info-k-volbam\/\" aria-label=\"Pre\u010d\u00edtajte si viac o Info k vo\u013eb\u00e1m\">\u010c\u00edta\u0165 viac<\/a><\/p>\n","protected":false},"author":4,"featured_media":0,"comment_status":"open","ping_status":"open","sticky":false,"template":"","format":"standard","meta":{"footnotes":""},"categories":[37],"tags":[],"class_list":["post-31897","post","type-post","status-publish","format-standard","hentry","category-zivot-v-cirkvi"],"_links":{"self":[{"href":"https:\/\/www.e-anjelik.sk\/index.php\/wp-json\/wp\/v2\/posts\/31897","targetHints":{"allow":["GET"]}}],"collection":[{"href":"https:\/\/www.e-anjelik.sk\/index.php\/wp-json\/wp\/v2\/posts"}],"about":[{"href":"https:\/\/www.e-anjelik.sk\/index.php\/wp-json\/wp\/v2\/types\/post"}],"author":[{"embeddable":true,"href":"https:\/\/www.e-anjelik.sk\/index.php\/wp-json\/wp\/v2\/users\/4"}],"replies":[{"embeddable":true,"href":"https:\/\/www.e-anjelik.sk\/index.php\/wp-json\/wp\/v2\/comments?post=31897"}],"version-history":[{"count":1,"href":"https:\/\/www.e-anjelik.sk\/index.php\/wp-json\/wp\/v2\/posts\/31897\/revisions"}],"predecessor-version":[{"id":31898,"href":"https:\/\/www.e-anjelik.sk\/index.php\/wp-json\/wp\/v2\/posts\/31897\/revisions\/31898"}],"wp:attachment":[{"href":"https:\/\/www.e-anjelik.sk\/index.php\/wp-json\/wp\/v2\/media?parent=31897"}],"wp:term":[{"taxonomy":"category","embeddable":true,"href":"https:\/\/www.e-anjelik.sk\/index.php\/wp-json\/wp\/v2\/categories?post=31897"},{"taxonomy":"post_tag","embeddable":true,"href":"https:\/\/www.e-anjelik.sk\/index.php\/wp-json\/wp\/v2\/tags?post=31897"}],"curies":[{"name":"wp","href":"https:\/\/api.w.org\/{rel}","templated":true}]}}