{"id":31901,"date":"2018-09-03T21:03:32","date_gmt":"2018-09-03T19:03:32","guid":{"rendered":"http:\/\/e-anjelik.sk\/?p=31901"},"modified":"2018-09-03T21:03:32","modified_gmt":"2018-09-03T19:03:32","slug":"blahoslavenstva-podla-ondreja","status":"publish","type":"post","link":"https:\/\/www.e-anjelik.sk\/index.php\/2018\/09\/03\/blahoslavenstva-podla-ondreja\/","title":{"rendered":"Blahoslavenstv\u00e1 pod\u013ea Ondreja"},"content":{"rendered":"<p><span class=\"Apple-converted-space\">\u00a0<\/span><\/p>\n<p><a href=\"https:\/\/www.facebook.com\/ondrej.prostrednik?hc_ref=ARSpghOvM3c-ARIfBLQEtGqzRD6-hMmTOul_szFChhNzsjOrsRXStrBkZT6nXf7K5Eo&amp;fref=nf&amp;__xts__%5B0%5D=68.ARDEgpTmstIV1jQt2UbiNaXOxrzR4HMlLzQsZKMgzNufY3xc0o2FOyxod_i8FQgsSL9oW19QYA3DBVSJV-l2xYvLJUzSpNKJr6P1cQte0E8rzK4XyUpaY-VJLZBAckFKB9EMUXjbwUr8tP9WM4_xfE9Rq8bSYVtWAp0_HFq-p7Nckp1OshVTgU_GvH6vS-RaTaGhENa5SG3KLWSCSOz4&amp;__tn__=C-RH-R\"><b>Ondrej Prostrednik<\/b><b><\/b><\/a><\/p>\n<p><a href=\"https:\/\/www.facebook.com\/photo.php?fbid=1213449165463380&amp;set=a.123296107812030&amp;type=3\">1. september, 12:13<\/a> \u00b7<\/p>\n<p>Dnes v Ko\u0161iciach znej\u00fa slov\u00e1 blahoslavenia. Mysl\u00edm, \u017ee k\u00fdm m\u0155tvi si zasluhuj\u00fa \u00factu, povzbudenie blahoslavenia potrebuj\u00fa \u017eiv\u00ed, ktor\u00ed \u010delia utrpeniu. Preto v\u00e1m hovor\u00edm:<\/p>\n<p>Blahoslaven\u00ed ste, gayovia, lesby, bisexu\u00e1li, transrodov\u00e9 osoby, sestry a bratia. \u2013 Ste jedine\u010dn\u00fdm obrazom Bo\u017eej \u00fa\u017easnej tvorivej sily a l\u00e1sky.<\/p>\n<p>Blahoslaven\u00ed ste, ke\u010f dok\u00e1\u017eete zjavi\u0165 pravdu o sebe a prinies\u0165 ju do l\u00e1skypln\u00e9ho vz\u0165ahu s in\u00fdmi. &#8211; Uzdravujete t\u00fdm a upev\u0148ujete spolo\u010denstvo \u013eud\u00ed.<\/p>\n<p>Blahoslaven\u00ed ste, ke\u010f trp\u00edte a odklad\u00e1te svoj coming-out, aby ste neranili svojich rodi\u010dov a bl\u00edzkych. \u2013 Pr\u00edde de\u0148, ke\u010f n\u00e1jdete slobodu a prijatie t\u00fdch, na ktor\u00fdch v\u00e1m z\u00e1le\u017e\u00ed.<\/p>\n<p>Blahoslaven\u00ed otcovia a matky, \u010do na coming-out svojich synov a dc\u00e9r odpovedali ich objat\u00edm a povedali im, \u017ee s\u00fa na nich hrd\u00ed. &#8211; Oni s\u00fa za\u010diatkom nov\u00e9ho spolo\u010denstva \u013eud\u00ed.<\/p>\n<p>Blahoslaven\u00ed ste, ke\u010f sa staviate proti stereotypom, ktor\u00e9 z \u013eud\u00ed robia karikat\u00fary. \u2013 St\u00e1vate sa tak svetlom sveta.<\/p>\n<p>Blahoslaven\u00ed ste, ke\u010f sa zasadzujete za rovnos\u0165 a inkl\u00faziu. \u2013 Ct\u00edte t\u00fdm posv\u00e4tnos\u0165 ka\u017edej \u013eudskej bytosti.<\/p>\n<p>Blahoslaven\u00ed ste, lebo sa zast\u00e1vate svojich priate\u013eov a priateliek, ke\u010f sa im vysmievaj\u00fa a poni\u017euj\u00fa ich pre sexu\u00e1lnu orient\u00e1ciu a rodov\u00fa identitu. \u2013 Vy ste n\u00e1dejou, aby sa tento svet stal lep\u0161\u00edm miestom.<\/p>\n<p>Blahoslaven\u00ed ste, ke\u010f tvor\u00edte netradi\u010dn\u00e9 rodiny zalo\u017een\u00e9 predov\u0161etk\u00fdm na l\u00e1ske a nie iba na z\u00e1kone. \u2013 Ste \u017eiv\u00fdm svedectvom toho, \u017ee ako \u013eudia sme jedna rodina.<\/p>\n<p>Blahoslaven\u00ed ste, ke\u010f hovor\u00edte o pokrytectve veriacich. \u2013 Pom\u00e1hate t\u00fdm, aby sa zrodila spravodlivos\u0165 a mier.<\/p>\n<p>Blahoslaven\u00e9 ste zn\u00e1silnen\u00e9 a zn\u00e1silnen\u00ed, ke\u010f va\u0161imi prznite\u013emi boli duchovn\u00e9 alebo rodinn\u00e9 autority a preto ste sa nevedeli br\u00e1ni\u0165. \u2013 Vezmite si sp\u00e4\u0165 svoju d\u00f4stojnos\u0165, ktor\u00fa v\u00e1m vzali a bu\u010fte \u017eij\u00facou v\u00fd\u010ditkou a obvinen\u00edm n\u00e1siln\u00edkov.<\/p>\n<p>Amen, amen, hovor\u00edm v\u00e1m: S pokorou a \u00factou na\u010d\u00favajte svojim vlastn\u00fdm sk\u00fasenostiam a sk\u00fasenostiam \u013eud\u00ed, ktor\u00fdch si v\u00e1\u017eite.<\/p>\n<p>Amen, amen, hovor\u00edm v\u00e1m: Cel\u00fdm svoj\u00edm srdcom z\u00e1paste o to, aby ste \u017eili \u017eivot \u00faprimnosti a l\u00e1sky k sebe a k ostatn\u00fdm.<\/p>\n<p>Amen, amen, hovor\u00edm v\u00e1m: H\u013eadajte, sk\u00famajte a na\u010d\u00favajte hlasu svojho svedomia.<\/p>\n<p><span class=\"Apple-converted-space\">\u00a0<\/span><\/p>\n<p><a href=\"https:\/\/www.facebook.com\/ondrej.prostrednik\/posts\/1213238872151076?comment_tracking=%7B%22tn%22%3A%22O%22%7D\">53 koment\u00e1rov<\/a><a href=\"https:\/\/www.facebook.com\/shares\/view?id=1213238872151076&amp;av=100001175228433\">118 zdie\u013ean\u00ed<\/a><\/p>\n","protected":false},"excerpt":{"rendered":"<p>\u00a0 Ondrej Prostrednik 1. september, 12:13 \u00b7 Dnes v Ko\u0161iciach znej\u00fa slov\u00e1 blahoslavenia. Mysl\u00edm, \u017ee k\u00fdm m\u0155tvi si zasluhuj\u00fa \u00factu, povzbudenie blahoslavenia potrebuj\u00fa \u017eiv\u00ed, ktor\u00ed \u010delia utrpeniu. Preto v\u00e1m hovor\u00edm: Blahoslaven\u00ed ste, gayovia, lesby, bisexu\u00e1li, transrodov\u00e9 osoby, sestry a bratia. \u2013 Ste jedine\u010dn\u00fdm obrazom Bo\u017eej \u00fa\u017easnej tvorivej sily a l\u00e1sky. Blahoslaven\u00ed ste, ke\u010f dok\u00e1\u017eete zjavi\u0165 &#8230; <a title=\"Blahoslavenstv\u00e1 pod\u013ea Ondreja\" class=\"read-more\" href=\"https:\/\/www.e-anjelik.sk\/index.php\/2018\/09\/03\/blahoslavenstva-podla-ondreja\/\" aria-label=\"Pre\u010d\u00edtajte si viac o Blahoslavenstv\u00e1 pod\u013ea Ondreja\">\u010c\u00edta\u0165 viac<\/a><\/p>\n","protected":false},"author":4,"featured_media":0,"comment_status":"open","ping_status":"open","sticky":false,"template":"","format":"standard","meta":{"footnotes":""},"categories":[34,94,10],"tags":[],"class_list":["post-31901","post","type-post","status-publish","format-standard","hentry","category-homosexualita","category-politika","category-zo-sveta"],"_links":{"self":[{"href":"https:\/\/www.e-anjelik.sk\/index.php\/wp-json\/wp\/v2\/posts\/31901","targetHints":{"allow":["GET"]}}],"collection":[{"href":"https:\/\/www.e-anjelik.sk\/index.php\/wp-json\/wp\/v2\/posts"}],"about":[{"href":"https:\/\/www.e-anjelik.sk\/index.php\/wp-json\/wp\/v2\/types\/post"}],"author":[{"embeddable":true,"href":"https:\/\/www.e-anjelik.sk\/index.php\/wp-json\/wp\/v2\/users\/4"}],"replies":[{"embeddable":true,"href":"https:\/\/www.e-anjelik.sk\/index.php\/wp-json\/wp\/v2\/comments?post=31901"}],"version-history":[{"count":1,"href":"https:\/\/www.e-anjelik.sk\/index.php\/wp-json\/wp\/v2\/posts\/31901\/revisions"}],"predecessor-version":[{"id":31902,"href":"https:\/\/www.e-anjelik.sk\/index.php\/wp-json\/wp\/v2\/posts\/31901\/revisions\/31902"}],"wp:attachment":[{"href":"https:\/\/www.e-anjelik.sk\/index.php\/wp-json\/wp\/v2\/media?parent=31901"}],"wp:term":[{"taxonomy":"category","embeddable":true,"href":"https:\/\/www.e-anjelik.sk\/index.php\/wp-json\/wp\/v2\/categories?post=31901"},{"taxonomy":"post_tag","embeddable":true,"href":"https:\/\/www.e-anjelik.sk\/index.php\/wp-json\/wp\/v2\/tags?post=31901"}],"curies":[{"name":"wp","href":"https:\/\/api.w.org\/{rel}","templated":true}]}}