{"id":3192,"date":"2010-11-23T14:18:44","date_gmt":"2010-11-23T14:18:44","guid":{"rendered":"http:\/\/e-anjelik.sk\/?p=3192"},"modified":"2010-11-23T14:18:44","modified_gmt":"2010-11-23T14:18:44","slug":"madarski-reformovani-na-slovensku-obdaruju-na-vianoce-zahranicne-deti","status":"publish","type":"post","link":"https:\/\/www.e-anjelik.sk\/index.php\/2010\/11\/23\/madarski-reformovani-na-slovensku-obdaruju-na-vianoce-zahranicne-deti\/","title":{"rendered":"Ma\u010farsk\u00ed reformovan\u00ed na Slovensku obdaruj\u00fa na Vianoce zahrani\u010dn\u00e9 deti"},"content":{"rendered":"<p>&Uacute;stredn&aacute; diakonia RKC na Slovensku vo v&scaron;etk&yacute;ch siedmich ma\u010farsk&yacute;ch senior&aacute;toch organizuje zbierku bal&iacute;\u010dkov s n&aacute;zvom Vianoce Mi&scaron;ka Nyila&scaron;a. Akcia sa kon&aacute; u\u017e po &scaron;tvrt&yacute; raz a zber bal&iacute;\u010dkov potrv&aacute; do konca novembra. Obsahom bal&iacute;\u010dkov maj&uacute; by\u0165 &scaron;kolsk&eacute; potreby, sladkosti, hygienick&eacute; potreby a&nbsp;odevn&eacute; doplnky. Bal&iacute;\u010dky bud&uacute; doru\u010den&eacute; de\u0165om do sirotincov a detsk&yacute;ch domovov , najm&auml; do Sedmohradska ,do Zakarpatskej Ukrajiny a ma\u010farsk&eacute;mu kme\u0148u \u010cangov v Moldavsku.<\/p>\n<p>(<a href=\"http:\/\/www.reformata.sk\">www.reformata.sk<\/a>)<\/p>\n","protected":false},"excerpt":{"rendered":"<p>&Uacute;stredn&aacute; diakonia RKC na Slovensku vo v&scaron;etk&yacute;ch siedmich ma\u010farsk&yacute;ch senior&aacute;toch organizuje zbierku bal&iacute;\u010dkov s n&aacute;zvom Vianoce Mi&scaron;ka Nyila&scaron;a. Akcia sa kon&aacute; u\u017e po &scaron;tvrt&yacute; raz a zber bal&iacute;\u010dkov potrv&aacute; do konca novembra. Obsahom bal&iacute;\u010dkov maj&uacute; by\u0165 &scaron;kolsk&eacute; potreby, sladkosti, hygienick&eacute; potreby a&nbsp;odevn&eacute; doplnky. Bal&iacute;\u010dky bud&uacute; doru\u010den&eacute; de\u0165om do sirotincov a detsk&yacute;ch domovov , najm&auml; do &#8230; <a title=\"Ma\u010farsk\u00ed reformovan\u00ed na Slovensku obdaruj\u00fa na Vianoce zahrani\u010dn\u00e9 deti\" class=\"read-more\" href=\"https:\/\/www.e-anjelik.sk\/index.php\/2010\/11\/23\/madarski-reformovani-na-slovensku-obdaruju-na-vianoce-zahranicne-deti\/\" aria-label=\"Pre\u010d\u00edtajte si viac o Ma\u010farsk\u00ed reformovan\u00ed na Slovensku obdaruj\u00fa na Vianoce zahrani\u010dn\u00e9 deti\">\u010c\u00edta\u0165 viac<\/a><\/p>\n","protected":false},"author":22,"featured_media":0,"comment_status":"open","ping_status":"open","sticky":false,"template":"","format":"standard","meta":{"footnotes":""},"categories":[1],"tags":[221],"class_list":["post-3192","post","type-post","status-publish","format-standard","hentry","category-adventna-modlitba","tag-diakonia"],"_links":{"self":[{"href":"https:\/\/www.e-anjelik.sk\/index.php\/wp-json\/wp\/v2\/posts\/3192","targetHints":{"allow":["GET"]}}],"collection":[{"href":"https:\/\/www.e-anjelik.sk\/index.php\/wp-json\/wp\/v2\/posts"}],"about":[{"href":"https:\/\/www.e-anjelik.sk\/index.php\/wp-json\/wp\/v2\/types\/post"}],"author":[{"embeddable":true,"href":"https:\/\/www.e-anjelik.sk\/index.php\/wp-json\/wp\/v2\/users\/22"}],"replies":[{"embeddable":true,"href":"https:\/\/www.e-anjelik.sk\/index.php\/wp-json\/wp\/v2\/comments?post=3192"}],"version-history":[{"count":0,"href":"https:\/\/www.e-anjelik.sk\/index.php\/wp-json\/wp\/v2\/posts\/3192\/revisions"}],"wp:attachment":[{"href":"https:\/\/www.e-anjelik.sk\/index.php\/wp-json\/wp\/v2\/media?parent=3192"}],"wp:term":[{"taxonomy":"category","embeddable":true,"href":"https:\/\/www.e-anjelik.sk\/index.php\/wp-json\/wp\/v2\/categories?post=3192"},{"taxonomy":"post_tag","embeddable":true,"href":"https:\/\/www.e-anjelik.sk\/index.php\/wp-json\/wp\/v2\/tags?post=3192"}],"curies":[{"name":"wp","href":"https:\/\/api.w.org\/{rel}","templated":true}]}}