{"id":3194,"date":"2010-11-25T14:55:51","date_gmt":"2010-11-25T14:55:51","guid":{"rendered":"http:\/\/e-anjelik.sk\/?p=3194"},"modified":"2010-11-25T14:55:51","modified_gmt":"2010-11-25T14:55:51","slug":"zvolia-predsedajuceho-biskupa-evanjelickej-cirkvi-v-mr","status":"publish","type":"post","link":"https:\/\/www.e-anjelik.sk\/index.php\/2010\/11\/25\/zvolia-predsedajuceho-biskupa-evanjelickej-cirkvi-v-mr\/","title":{"rendered":"Zvolia predsedaj\u00faceho biskupa Evanjelickej cirkvi v MR"},"content":{"rendered":"<p>V piatok 26. novembra t.r. predpoludn&iacute;m synoda zvol&iacute; nov&eacute;ho predsedaj&uacute;ceho biskupa Evanjelickej cirkvi v MR. Ako je zn&aacute;me, doteraj&scaron;&iacute; biskup J. Itz&eacute;s &nbsp;rezignoval z tejto funkcie pre odchod do d&ocirc;chodku. Nov&yacute; predsedaj&uacute;ci biskup bude zvolen&yacute; iba na prechodn&yacute; \u010das dvoch rokov, lebo v r. 2012 bude v celej cirkvi v&yacute;mena hodnost&aacute;rov a tento cyklus treba dodr\u017ea\u0165. E&scaron;te ten ist&yacute; de\u0148 popoludn&iacute; o 17.00 hodine&nbsp;bude jeho in&scaron;tal&aacute;cia v ev. kostole v Budape&scaron;ti, ulica Fasor. Na slu\u017eb&aacute;ch Bo\u017e&iacute;ch bude k&aacute;za\u0165 duchovn&yacute; predseda synody Kor&aacute;nyi Andr&aacute;s. Biskup Itz&eacute;s bol in&scaron;talovan&yacute; za biskupa Z&aacute;padn&eacute;ho di&scaron;triktu&nbsp;&nbsp;r. 2000 a od r. 2006 bol predsedaj&uacute;cim biskupom, ktor&yacute; riadi v&scaron;etky tri di&scaron;trikty Evanjelickej cirkvi v MR.<\/p>\n<p>(<a href=\"http:\/\/www.evangelikus.hu\">www.evangelikus.hu<\/a>)<\/p>\n","protected":false},"excerpt":{"rendered":"<p>V piatok 26. novembra t.r. predpoludn&iacute;m synoda zvol&iacute; nov&eacute;ho predsedaj&uacute;ceho biskupa Evanjelickej cirkvi v MR. Ako je zn&aacute;me, doteraj&scaron;&iacute; biskup J. Itz&eacute;s &nbsp;rezignoval z tejto funkcie pre odchod do d&ocirc;chodku. Nov&yacute; predsedaj&uacute;ci biskup bude zvolen&yacute; iba na prechodn&yacute; \u010das dvoch rokov, lebo v r. 2012 bude v celej cirkvi v&yacute;mena hodnost&aacute;rov a tento cyklus treba &#8230; <a title=\"Zvolia predsedaj\u00faceho biskupa Evanjelickej cirkvi v MR\" class=\"read-more\" href=\"https:\/\/www.e-anjelik.sk\/index.php\/2010\/11\/25\/zvolia-predsedajuceho-biskupa-evanjelickej-cirkvi-v-mr\/\" aria-label=\"Pre\u010d\u00edtajte si viac o Zvolia predsedaj\u00faceho biskupa Evanjelickej cirkvi v MR\">\u010c\u00edta\u0165 viac<\/a><\/p>\n","protected":false},"author":22,"featured_media":0,"comment_status":"open","ping_status":"open","sticky":false,"template":"","format":"standard","meta":{"footnotes":""},"categories":[9,10],"tags":[],"class_list":["post-3194","post","type-post","status-publish","format-standard","hentry","category-europa","category-zo-sveta"],"_links":{"self":[{"href":"https:\/\/www.e-anjelik.sk\/index.php\/wp-json\/wp\/v2\/posts\/3194","targetHints":{"allow":["GET"]}}],"collection":[{"href":"https:\/\/www.e-anjelik.sk\/index.php\/wp-json\/wp\/v2\/posts"}],"about":[{"href":"https:\/\/www.e-anjelik.sk\/index.php\/wp-json\/wp\/v2\/types\/post"}],"author":[{"embeddable":true,"href":"https:\/\/www.e-anjelik.sk\/index.php\/wp-json\/wp\/v2\/users\/22"}],"replies":[{"embeddable":true,"href":"https:\/\/www.e-anjelik.sk\/index.php\/wp-json\/wp\/v2\/comments?post=3194"}],"version-history":[{"count":0,"href":"https:\/\/www.e-anjelik.sk\/index.php\/wp-json\/wp\/v2\/posts\/3194\/revisions"}],"wp:attachment":[{"href":"https:\/\/www.e-anjelik.sk\/index.php\/wp-json\/wp\/v2\/media?parent=3194"}],"wp:term":[{"taxonomy":"category","embeddable":true,"href":"https:\/\/www.e-anjelik.sk\/index.php\/wp-json\/wp\/v2\/categories?post=3194"},{"taxonomy":"post_tag","embeddable":true,"href":"https:\/\/www.e-anjelik.sk\/index.php\/wp-json\/wp\/v2\/tags?post=3194"}],"curies":[{"name":"wp","href":"https:\/\/api.w.org\/{rel}","templated":true}]}}