{"id":31944,"date":"2018-09-28T22:05:52","date_gmt":"2018-09-28T20:05:52","guid":{"rendered":"http:\/\/e-anjelik.sk\/?p=31944"},"modified":"2018-09-28T22:09:57","modified_gmt":"2018-09-28T20:09:57","slug":"biblia-100-k-storocnici-csr-pozvanie-na-slavnost","status":"publish","type":"post","link":"https:\/\/www.e-anjelik.sk\/index.php\/2018\/09\/28\/biblia-100-k-storocnici-csr-pozvanie-na-slavnost\/","title":{"rendered":"Biblia 100 ( k storo\u010dnici \u010cSR) pozvanie na sl\u00e1vnos\u0165"},"content":{"rendered":"<p><b>Predstavenie \u201eBiblie 100\u201c 30. 9.<\/b><\/p>\n<p><span class=\"Apple-converted-space\">\u00a0<\/span><\/p>\n<p>Evanjelick\u00e1 cirkev a. v. v \u010ceskej republike v\u00e1s poz\u00fdva na predstavenie mimoriadneho vydania P\u00edsma sv\u00e4t\u00e9ho so slovensk\u00fdm evanjelick\u00fdm a \u010desk\u00fdm ekumenick\u00fdm prekladom na sl\u00e1vnostn\u00fdch slu\u017eb\u00e1ch Bo\u017e\u00edch v Brezovej pod Bradlom v nede\u013eu 30. 9. 2018 o 10.00 hod.<\/p>\n<p>Biblia 100, vydan\u00e1 pri pr\u00edle\u017eitosti 100. v\u00fdro\u010dia vzniku \u010cSR a 25. v\u00fdro\u010dia obnovenia ECAV v \u010cR, vznikla v spolupr\u00e1ci s \u010ceskou biblickou spolo\u010dnos\u0165ou, ECAV na Slovensku a Tranosciom. Na slu\u017eb\u00e1ch Bo\u017e\u00edch sa z\u00fa\u010dastnia aj brat biskup ECAV v \u010cR Mari\u00e1n \u010cop a brat senior Myjavsk\u00e9ho senior\u00e1tu Miroslav Hvo\u017e\u010fara.<\/p>\n<p><i>J\u00e1n Maca, riaditel \u00faradu ECAV v \u010ceskej republike\u00a0|\u00a023.9.2018<\/i><\/p>\n","protected":false},"excerpt":{"rendered":"<p>Predstavenie \u201eBiblie 100\u201c 30. 9. \u00a0 Evanjelick\u00e1 cirkev a. v. v \u010ceskej republike v\u00e1s poz\u00fdva na predstavenie mimoriadneho vydania P\u00edsma sv\u00e4t\u00e9ho so slovensk\u00fdm evanjelick\u00fdm a \u010desk\u00fdm ekumenick\u00fdm prekladom na sl\u00e1vnostn\u00fdch slu\u017eb\u00e1ch Bo\u017e\u00edch v Brezovej pod Bradlom v nede\u013eu 30. 9. 2018 o 10.00 hod. Biblia 100, vydan\u00e1 pri pr\u00edle\u017eitosti 100. v\u00fdro\u010dia vzniku \u010cSR a 25. &#8230; <a title=\"Biblia 100 ( k storo\u010dnici \u010cSR) pozvanie na sl\u00e1vnos\u0165\" class=\"read-more\" href=\"https:\/\/www.e-anjelik.sk\/index.php\/2018\/09\/28\/biblia-100-k-storocnici-csr-pozvanie-na-slavnost\/\" aria-label=\"Pre\u010d\u00edtajte si viac o Biblia 100 ( k storo\u010dnici \u010cSR) pozvanie na sl\u00e1vnos\u0165\">\u010c\u00edta\u0165 viac<\/a><\/p>\n","protected":false},"author":4,"featured_media":0,"comment_status":"open","ping_status":"open","sticky":false,"template":"","format":"standard","meta":{"footnotes":""},"categories":[1],"tags":[],"class_list":["post-31944","post","type-post","status-publish","format-standard","hentry","category-adventna-modlitba"],"_links":{"self":[{"href":"https:\/\/www.e-anjelik.sk\/index.php\/wp-json\/wp\/v2\/posts\/31944","targetHints":{"allow":["GET"]}}],"collection":[{"href":"https:\/\/www.e-anjelik.sk\/index.php\/wp-json\/wp\/v2\/posts"}],"about":[{"href":"https:\/\/www.e-anjelik.sk\/index.php\/wp-json\/wp\/v2\/types\/post"}],"author":[{"embeddable":true,"href":"https:\/\/www.e-anjelik.sk\/index.php\/wp-json\/wp\/v2\/users\/4"}],"replies":[{"embeddable":true,"href":"https:\/\/www.e-anjelik.sk\/index.php\/wp-json\/wp\/v2\/comments?post=31944"}],"version-history":[{"count":1,"href":"https:\/\/www.e-anjelik.sk\/index.php\/wp-json\/wp\/v2\/posts\/31944\/revisions"}],"predecessor-version":[{"id":31945,"href":"https:\/\/www.e-anjelik.sk\/index.php\/wp-json\/wp\/v2\/posts\/31944\/revisions\/31945"}],"wp:attachment":[{"href":"https:\/\/www.e-anjelik.sk\/index.php\/wp-json\/wp\/v2\/media?parent=31944"}],"wp:term":[{"taxonomy":"category","embeddable":true,"href":"https:\/\/www.e-anjelik.sk\/index.php\/wp-json\/wp\/v2\/categories?post=31944"},{"taxonomy":"post_tag","embeddable":true,"href":"https:\/\/www.e-anjelik.sk\/index.php\/wp-json\/wp\/v2\/tags?post=31944"}],"curies":[{"name":"wp","href":"https:\/\/api.w.org\/{rel}","templated":true}]}}