{"id":31948,"date":"2018-09-28T23:04:32","date_gmt":"2018-09-28T21:04:32","guid":{"rendered":"http:\/\/e-anjelik.sk\/?p=31948"},"modified":"2018-09-28T23:04:32","modified_gmt":"2018-09-28T21:04:32","slug":"cirkvi-rokovali-o-zakone-218-1949-alebo-pozitky-nie-su-ziadne-pozitky","status":"publish","type":"post","link":"https:\/\/www.e-anjelik.sk\/index.php\/2018\/09\/28\/cirkvi-rokovali-o-zakone-218-1949-alebo-pozitky-nie-su-ziadne-pozitky\/","title":{"rendered":"Cirkvi rokovali o z\u00e1kone 218\/1949 -alebo: po\u017eitky nie s\u00fa \u017eiadne p\u00f4\u017eitky"},"content":{"rendered":"<p>O nahraden\u00ed 70 ro\u010dn\u00e9ho komunistick\u00e9ho z\u00e1kona rokovali predstaviteia cirkv\u00ed s predsedom vl\u00e1dy.<\/p>\n<p><b>Rokovanie s predsedom vl\u00e1dy<\/b><\/p>\n<p>Predseda Ekumenickej rady cirkv\u00ed v SR gener\u00e1lny biskup Milo\u0161 Kl\u00e1tik a predseda Konferencie biskupov Slovenska arcibiskup Stanislav Zvolensk\u00fd sa 19. septembra 2018 stretli v priestoroch arcibiskupsk\u00e9ho \u00faradu Bratislavskej arcidiec\u00e9zy s predsedom vl\u00e1dy SR Petrom Pellegrinim na pracovnom rokovan\u00ed.<\/p>\n<p>Predmetom rokovan\u00ed bola ot\u00e1zka prerokovania nov\u00e9ho z\u00e1kona o \u0161t\u00e1tnej podpore \u010dinnosti cirkv\u00ed a n\u00e1bo\u017eensk\u00fdch spolo\u010dnosti v parlamente. T\u00fdmto z\u00e1konom by sa od 1. 1. 2010 nahradil doteraj\u0161\u00ed z\u00e1kon \u010d. 218\/1949 o hospod\u00e1rskom zabezpe\u010den\u00ed cirkv\u00ed a n\u00e1bo\u017eensk\u00fdch spolo\u010dnosti. Nov\u00fd z\u00e1kon explicitne zadefinuje v\u00fd\u0161ku \u0161t\u00e1tnej podpory a jej rozdelenie medzi jednotliv\u00e9 cirkvi a n\u00e1bo\u017eensk\u00e9 spolo\u010dnosti. V\u00fd\u0161ka dot\u00e1ci\u00ed t\u00fdmto prestane by\u0165 predmetom ka\u017edoro\u010dn\u00e9ho \u201evyjedn\u00e1vania\u201c na MK SR. Je to \u010fal\u0161\u00ed krok k posilneniu auton\u00f3mie cirkv\u00ed a ich nez\u00e1vislosti od vl\u00e1dy. S\u00fa\u010dasne by sa cirkv\u00e1m viac uvo\u013enili ruky pri rozhodovan\u00ed o pou\u017eit\u00ed tejto podpory a \u0161t\u00e1t by \u010falej nezasahoval ani do odme\u0148ovania duchovn\u00fdch. Na stretnut\u00ed sa prerokovali aj ot\u00e1zky mimoriadneho nav\u00fd\u0161enia tohtoro\u010dn\u00e9ho \u00fa\u010delov\u00e9ho transferu (nad r\u00e1mec valoriz\u00e1cie miezd), ktor\u00e9 bolo vo v\u00fd\u0161ke 2 mil. \u20ac pre v\u0161etky cirkvi ods\u00fahlasen\u00e9. Z\u00e1stupcovia cirkvi po\u017eiadali predsedu vl\u00e1dy rie\u0161i\u0165 aj ot\u00e1zku ohl\u00e1sen\u00e9ho 10 % zv\u00fd\u0161enia miezd v \u0161t\u00e1tnom a verejnom sektore v roku 2019 a v roku 2020, ktor\u00e9 by sa v\u0161ak pod\u013ea doteraj\u0161\u00edch inform\u00e1ci\u00ed nemalo cirkv\u00ed t\u00fdka\u0165, preto\u017ee nem\u00e1 \u00eds\u0165 o valoriz\u00e1ciu miezd, ale o zv\u00fd\u0161enie miezd a dohodnut\u00fd mechanizmus zvy\u0161ovania z\u00e1kladn\u00fdch platov duchovn\u00fdch sa t\u00fdka iba valoriz\u00e1cie. Ke\u010f\u017ee duchovn\u00ed s\u00fa zamestnancami cirkv\u00ed a nie \u0161t\u00e1tu, toto nav\u00fd\u0161enie by sa ich nemalo t\u00fdka\u0165. T\u00e1to ot\u00e1zka ostala otvoren\u00e1, podstatn\u00e9 bude stanovisko ministerstva financi\u00ed.<span class=\"Apple-converted-space\">\u00a0<\/span><\/p>\n<p>Premi\u00e9r sa obr\u00e1til na cirkvi s v\u00fdzvou, aby prevzali v\u00e4\u010d\u0161\u00ed diel zodpovednosti za inkl\u00faziu soci\u00e1lne vyl\u00fa\u010den\u00fdch skup\u00edn (R\u00f3mov) a na tento \u00fa\u010del je pripraven\u00fd pre cirkvi uvo\u013eni\u0165 aj finan\u010dn\u00e9 prostriedky. O\u010dak\u00e1va v tejto ot\u00e1zke od cirkv\u00ed konkr\u00e9tne projekty. Gener\u00e1lny biskup pozval premi\u00e9ra na sl\u00e1vnostn\u00e9 slu\u017eby Bo\u017eie, ktor\u00e9 pri pr\u00edle\u017eitosti 100. v\u00fdro\u010dia vzniku \u010cSR pripravuje na\u0161a cirkev v Su\u010danoch. P\u00e1n predseda vl\u00e1dy \u00fa\u010das\u0165 predbe\u017ene pris\u013e\u00fabil.<\/p>\n<p><i>Du\u0161an Vagask\u00fd, GB\u00da\u00a0|\u00a027.9.2018<\/i><\/p>\n","protected":false},"excerpt":{"rendered":"<p>O nahraden\u00ed 70 ro\u010dn\u00e9ho komunistick\u00e9ho z\u00e1kona rokovali predstaviteia cirkv\u00ed s predsedom vl\u00e1dy. Rokovanie s predsedom vl\u00e1dy Predseda Ekumenickej rady cirkv\u00ed v SR gener\u00e1lny biskup Milo\u0161 Kl\u00e1tik a predseda Konferencie biskupov Slovenska arcibiskup Stanislav Zvolensk\u00fd sa 19. septembra 2018 stretli v priestoroch arcibiskupsk\u00e9ho \u00faradu Bratislavskej arcidiec\u00e9zy s predsedom vl\u00e1dy SR Petrom Pellegrinim na pracovnom rokovan\u00ed. Predmetom &#8230; <a title=\"Cirkvi rokovali o z\u00e1kone 218\/1949 -alebo: po\u017eitky nie s\u00fa \u017eiadne p\u00f4\u017eitky\" class=\"read-more\" href=\"https:\/\/www.e-anjelik.sk\/index.php\/2018\/09\/28\/cirkvi-rokovali-o-zakone-218-1949-alebo-pozitky-nie-su-ziadne-pozitky\/\" aria-label=\"Pre\u010d\u00edtajte si viac o Cirkvi rokovali o z\u00e1kone 218\/1949 -alebo: po\u017eitky nie s\u00fa \u017eiadne p\u00f4\u017eitky\">\u010c\u00edta\u0165 viac<\/a><\/p>\n","protected":false},"author":4,"featured_media":0,"comment_status":"open","ping_status":"open","sticky":false,"template":"","format":"standard","meta":{"footnotes":""},"categories":[1],"tags":[],"class_list":["post-31948","post","type-post","status-publish","format-standard","hentry","category-adventna-modlitba"],"_links":{"self":[{"href":"https:\/\/www.e-anjelik.sk\/index.php\/wp-json\/wp\/v2\/posts\/31948","targetHints":{"allow":["GET"]}}],"collection":[{"href":"https:\/\/www.e-anjelik.sk\/index.php\/wp-json\/wp\/v2\/posts"}],"about":[{"href":"https:\/\/www.e-anjelik.sk\/index.php\/wp-json\/wp\/v2\/types\/post"}],"author":[{"embeddable":true,"href":"https:\/\/www.e-anjelik.sk\/index.php\/wp-json\/wp\/v2\/users\/4"}],"replies":[{"embeddable":true,"href":"https:\/\/www.e-anjelik.sk\/index.php\/wp-json\/wp\/v2\/comments?post=31948"}],"version-history":[{"count":1,"href":"https:\/\/www.e-anjelik.sk\/index.php\/wp-json\/wp\/v2\/posts\/31948\/revisions"}],"predecessor-version":[{"id":31949,"href":"https:\/\/www.e-anjelik.sk\/index.php\/wp-json\/wp\/v2\/posts\/31948\/revisions\/31949"}],"wp:attachment":[{"href":"https:\/\/www.e-anjelik.sk\/index.php\/wp-json\/wp\/v2\/media?parent=31948"}],"wp:term":[{"taxonomy":"category","embeddable":true,"href":"https:\/\/www.e-anjelik.sk\/index.php\/wp-json\/wp\/v2\/categories?post=31948"},{"taxonomy":"post_tag","embeddable":true,"href":"https:\/\/www.e-anjelik.sk\/index.php\/wp-json\/wp\/v2\/tags?post=31948"}],"curies":[{"name":"wp","href":"https:\/\/api.w.org\/{rel}","templated":true}]}}