{"id":3195,"date":"2010-11-25T15:10:42","date_gmt":"2010-11-25T15:10:42","guid":{"rendered":"http:\/\/e-anjelik.sk\/?p=3195"},"modified":"2010-11-25T15:10:42","modified_gmt":"2010-11-25T15:10:42","slug":"oslavy-300-vyrocia-narodenia-samuela-tesedika-v-bekesskej-cabe-mr","status":"publish","type":"post","link":"https:\/\/www.e-anjelik.sk\/index.php\/2010\/11\/25\/oslavy-300-vyrocia-narodenia-samuela-tesedika-v-bekesskej-cabe-mr\/","title":{"rendered":"Oslavy 300. v\u00fdro\u010dia narodenia Samuela Te\u0161ed\u00edka v B\u00e9ke\u0161skej \u010cabe, MR"},"content":{"rendered":"<p>20. a 21. novembra t.r. sa v B&eacute;ke&scaron;skej \u010cabe konali oslavy 300. v&yacute;ro\u010dia narodenia ev. far&aacute;ra , u\u010dite\u013ea a v&yacute;znamn&eacute;ho priekopn&iacute;ka v oblasti po\u013enohospod&aacute;rstva Samuela Te&scaron;ed&iacute;ka. Sl&aacute;vnos\u0165 organizovali miestne samospr&aacute;vy , ev. cirkevn&yacute; zbor a slovensk&aacute; samospr&aacute;va. Na sl&aacute;vnosti zazneli slovensk&eacute; piesne. Predn&aacute;&scaron;ku povedal p&uacute;chovsk&yacute; ev. far&aacute;r Ondrej Ri&scaron;ia\u0148. Em. biskup Harmati B&eacute;la po\u017eehnal pam&auml;tn&uacute; tabu\u013eu v oboch jazykoch.<\/p>\n<p>(<a href=\"http:\/\/www.evangelikus.hu\">www.evangelikus.hu<\/a>)<\/p>\n","protected":false},"excerpt":{"rendered":"<p>20. a 21. novembra t.r. sa v B&eacute;ke&scaron;skej \u010cabe konali oslavy 300. v&yacute;ro\u010dia narodenia ev. far&aacute;ra , u\u010dite\u013ea a v&yacute;znamn&eacute;ho priekopn&iacute;ka v oblasti po\u013enohospod&aacute;rstva Samuela Te&scaron;ed&iacute;ka. Sl&aacute;vnos\u0165 organizovali miestne samospr&aacute;vy , ev. cirkevn&yacute; zbor a slovensk&aacute; samospr&aacute;va. Na sl&aacute;vnosti zazneli slovensk&eacute; piesne. Predn&aacute;&scaron;ku povedal p&uacute;chovsk&yacute; ev. far&aacute;r Ondrej Ri&scaron;ia\u0148. Em. biskup Harmati B&eacute;la po\u017eehnal pam&auml;tn&uacute; &#8230; <a title=\"Oslavy 300. v\u00fdro\u010dia narodenia Samuela Te\u0161ed\u00edka v B\u00e9ke\u0161skej \u010cabe, MR\" class=\"read-more\" href=\"https:\/\/www.e-anjelik.sk\/index.php\/2010\/11\/25\/oslavy-300-vyrocia-narodenia-samuela-tesedika-v-bekesskej-cabe-mr\/\" aria-label=\"Pre\u010d\u00edtajte si viac o Oslavy 300. v\u00fdro\u010dia narodenia Samuela Te\u0161ed\u00edka v B\u00e9ke\u0161skej \u010cabe, MR\">\u010c\u00edta\u0165 viac<\/a><\/p>\n","protected":false},"author":22,"featured_media":0,"comment_status":"open","ping_status":"open","sticky":false,"template":"","format":"standard","meta":{"footnotes":""},"categories":[1],"tags":[242],"class_list":["post-3195","post","type-post","status-publish","format-standard","hentry","category-adventna-modlitba","tag-slavnosti"],"_links":{"self":[{"href":"https:\/\/www.e-anjelik.sk\/index.php\/wp-json\/wp\/v2\/posts\/3195","targetHints":{"allow":["GET"]}}],"collection":[{"href":"https:\/\/www.e-anjelik.sk\/index.php\/wp-json\/wp\/v2\/posts"}],"about":[{"href":"https:\/\/www.e-anjelik.sk\/index.php\/wp-json\/wp\/v2\/types\/post"}],"author":[{"embeddable":true,"href":"https:\/\/www.e-anjelik.sk\/index.php\/wp-json\/wp\/v2\/users\/22"}],"replies":[{"embeddable":true,"href":"https:\/\/www.e-anjelik.sk\/index.php\/wp-json\/wp\/v2\/comments?post=3195"}],"version-history":[{"count":0,"href":"https:\/\/www.e-anjelik.sk\/index.php\/wp-json\/wp\/v2\/posts\/3195\/revisions"}],"wp:attachment":[{"href":"https:\/\/www.e-anjelik.sk\/index.php\/wp-json\/wp\/v2\/media?parent=3195"}],"wp:term":[{"taxonomy":"category","embeddable":true,"href":"https:\/\/www.e-anjelik.sk\/index.php\/wp-json\/wp\/v2\/categories?post=3195"},{"taxonomy":"post_tag","embeddable":true,"href":"https:\/\/www.e-anjelik.sk\/index.php\/wp-json\/wp\/v2\/tags?post=3195"}],"curies":[{"name":"wp","href":"https:\/\/api.w.org\/{rel}","templated":true}]}}