{"id":31957,"date":"2018-10-17T10:56:26","date_gmt":"2018-10-17T08:56:26","guid":{"rendered":"http:\/\/e-anjelik.sk\/?p=31957"},"modified":"2018-10-17T10:56:26","modified_gmt":"2018-10-17T08:56:26","slug":"ocenenie-pre-lubomira-marcinu","status":"publish","type":"post","link":"https:\/\/www.e-anjelik.sk\/index.php\/2018\/10\/17\/ocenenie-pre-lubomira-marcinu\/","title":{"rendered":"Ocenenie pre \u013dubom\u00edra Marcinu"},"content":{"rendered":"<p>Blaho\u017eel\u00e1me!<\/p>\n<p><b>Cena \u00dastavu pam\u00e4ti n\u00e1roda \u013d. Marcinovi<\/b><\/p>\n<p><span class=\"Apple-converted-space\">\u00a0<\/span><\/p>\n<p>V nede\u013eu 7. okt\u00f3bra 2018 sa v pova\u017eskobystrickom evanjelickom kostole konali spomienkov\u00e9 ve\u010dern\u00e9 slu\u017eby Bo\u017eie, na ktor\u00fdch slovom Bo\u017e\u00edm na z\u00e1klade textu zo \u017did 12, 1 \u2212 2 posl\u00fa\u017eil brat administr\u00e1tor Peter Fabok.<\/p>\n<p>Pripom\u00edname si prenasledovanie, perzek\u00facie a v\u00e4znenie mnoh\u00fdch na\u0161ich bratov a sestier vo viere, ktor\u00fdm totalitn\u00fd re\u017eim znepr\u00edjem\u0148oval \u017eivot a v mnoh\u00fdch pr\u00edpadoch aj siahal na osobn\u00fa slobodu. Slov\u00e1 biblick\u00e9ho textu hovoria o oblaku svedkov, teda o ve\u013ekom mno\u017estve \u013eud\u00ed od zrodu kres\u0165anskej cirkvi a\u017e po dne\u0161n\u00e9 \u010dasy. Aj dnes kres\u0165ania vo viac ako 40 krajin\u00e1ch sveta s\u00fa prenasledovan\u00ed, v\u00e4znen\u00ed, mu\u010den\u00ed a zab\u00edjan\u00ed pre svoje vierovyznanie. Konkr\u00e9tnej\u0161ie: viac ako sto mili\u00f3nov kres\u0165anov trp\u00ed na jednej p\u00e4tine zemegule n\u00e1bo\u017eensk\u00fdm prenasledovan\u00edm. V\u0161imnime si, \u010do o oblaku svedkov hovor\u00ed P\u00edsmo sv\u00e4t\u00e9. V prvom rade je tu s\u00favis s oblakom, skrze ktor\u00fd viedol Hospodin svoj \u013eud pri putovan\u00ed p\u00fa\u0161\u0165ou z Egypta do zas\u013e\u00fabenej krajiny. O Bohu a Jeho moci sved\u010d\u00ed oblak svedkov, ktor\u00ed v dejin\u00e1ch mocne sved\u010dili o P\u00e1novi a pokra\u010dovali v Jeho \u0161\u013eapajach. Oblak svedkov n\u00e1s tak v podstate obklopuje a\u017e dodnes. Kto je teda v biblickom slova zmysle svedok? Gr\u00e9cke slovo martys nadobudlo v prvokres\u0165anskej dobe v\u00fdznam mu\u010den\u00edk, lebo kto dosved\u010dil vieru v Krista, bol mu\u010den\u00fd. Tak\u00fdto \u010dlovek berie na seba pod\u013ea Je\u017ei\u0161a svoj kr\u00ed\u017e. Ke\u010f sa \u010dlovek pre vieru v Krista zrieka svojho pohodlia a n\u00e1rokov, st\u00e1va sa aspo\u0148 mal\u00fdm svedkom na rozdiel od ve\u013ek\u00e9ho svedka, ktor\u00fd je kv\u00f4li svojej viere hoden\u00fd do ar\u00e9ny ako kres\u0165ania za Nerovho prenasledovania alebo na hranicu ako Majster Jan Hus, \u010di do v\u00e4zenia ako mnoh\u00ed vern\u00ed vyzn\u00e1va\u010di svojho P\u00e1na. Kie\u017eby aj n\u00e1s duch Bo\u017e\u00ed viedol, aby sme sa pre vieru Krista dok\u00e1zali zriec\u0165 aspo\u0148 nie\u010doho v na\u0161om \u017eivote, a tak dosved\u010dili, \u017ee n\u00e1m na Je\u017ei\u0161ovi Kristovi a viere v Neho z\u00e1le\u017e\u00ed. Len tak budeme aj my s\u00fa\u010das\u0165ou ve\u013ek\u00e9ho oblaku svedkov, ke\u010f vytrv\u00e1me be\u017ea\u0165, aby sme boj v\u00fdborn\u00fd bojovali, beh dokonali a vieru zachovali. Po t\u00fdchto vz\u00e1cnych slov\u00e1ch a vyznan\u00ed Viery v\u0161eobecnej kres\u0165anskej boli prijat\u00ed do Evanjelickej a. v. cirkvi \u0161tyria bratia, ktor\u00ed sa osved\u010dili v cirkevnom zbore i v ko\u0161eckej diakonii.<span class=\"Apple-converted-space\">\u00a0<\/span><\/p>\n<p>Po zaspievan\u00ed piesne Kr\u00e1\u013eu nebies nasledovalo p\u00fatav\u00e9 svedectvo brata \u013dubom\u00edra Marcinu, n\u00e1\u0161ho horliv\u00e9ho a obetav\u00e9ho duchov\u00e9ho pastiera, ktor\u00fd tie\u017e na vlastnej ko\u017ei zak\u00fasil totalitn\u00fd re\u017eim, prenasledovanie, perzek\u00facie a napokon aj uv\u00e4znenie za prechov\u00e1vanie n\u00e1bo\u017eenskej literat\u00fary v \u010dase z\u00e1kladnej vojenskej slu\u017eby na podd\u00f4stojn\u00edckej \u0161kole v Kladne. Toto mesto bolo obzvl\u00e1\u0161\u0165 pozna\u010den\u00e9 ve\u013ek\u00fdm komunistick\u00fdm vplyvom. Jeho prv\u00e1 cesta, sk\u00f4r ako sa hl\u00e1sil v uveden\u00fdch kas\u00e1r\u0148ach, smerovala na faru \u010ceskobratskej cirkvi evanjelickej, kde vtedy p\u00f4sobila sestra far\u00e1rka M\u00e1ria Moln\u00e1rov\u00e1, a tam smerovali jeho kroky hlavne v \u010dase vych\u00e1dzok z kas\u00e1rn\u00ed. Netrvalo dlho a aj v kas\u00e1r\u0148ach na\u0161iel v radoch vojakov veriacich \u013eud\u00ed. Na t\u00fa dobu a kas\u00e1rensk\u00e9 prostredie to bola ve\u013ek\u00e1 odvaha prizn\u00e1va\u0165 sa k viere. Ich spolo\u010denstvo tvorili dvaja katol\u00edcki teol\u00f3govia a jeden brat z Cirkvi bratskej. Sch\u00e1dzali sa tajne po ve\u010dierke v kotolni, pri \u010d\u00edtan\u00ed Sv\u00e4t\u00e9ho p\u00edsma, modlen\u00ed a speve duchovn\u00fdch piesn\u00ed. Toto ekumenick\u00e9 spolo\u010denstvo s P\u00e1nom Je\u017ei\u0161om trvalo takmer pol roka a\u017e po osudn\u00fd sobotn\u00fd m\u00e1jov\u00fd ve\u010der, ke\u010f ich prekvapila eskorta s d\u00f4stojn\u00edkom. Nasadila im put\u00e1 a spravila im osobn\u00fa prehliadku. Zo zak\u00e1zanej literat\u00fary na\u0161li v \u013dubom\u00edrovej skrinke Bibliu, ktor\u00fa mu poslal u\u017e v blahej pam\u00e4ti brat far\u00e1r J. B. Hrobo\u0148, pri ktorom v mladosti sa z\u00fa\u010dast\u0148oval stretnut\u00ed ml\u00e1de\u017ee v ne\u010falekom CZ Lazy pod Makytou. S touto Bibliou bol eskortovan\u00fd do Prahy na v\u00fdsluch. Vy\u0161etrovate\u013ea zaujala hne\u010f prv\u00e1 strana v Biblii, ozna\u010duj\u00faca, \u017ee ju vydala Slovensk\u00e1 evanjelick\u00e1 cirkev augsbursk\u00e9ho vyznania v Spojen\u00fdch biblick\u00fdch spolo\u010dnostiach v Lond\u00fdne &#8211; a to bol hlavn\u00fd kame\u0148 \u00farazu: Augsburg a Lond\u00fdn. V Augsburgu bol v tej dobe dislokovan\u00fd siedmy zbor US arm\u00e1dy a Lond\u00fdn \u2013 mesto prehnit\u00e9ho kapitalizmu. Nepomohlo mu argumentova\u0165 hist\u00f3riou na\u0161ej cirkvi rokom 1530 Confesiou Augustiana, nasledovalo \u010fal\u0161ie vypo\u010d\u00favanie, vz\u00e1p\u00e4t\u00ed preverenie celej jeho rodiny v P\u00fachove. Vtedaj\u0161\u00ed okresn\u00fd cirkevn\u00fd tajomn\u00edk osobne sa pri\u0161iel informova\u0165 na jeho osobu aj na p\u00fachovsk\u00fa faru. Za pre\u010din uchov\u00e1vania n\u00e1bo\u017eenskej literat\u00fary, nevysporiadanie sa ako vojaka socialistickej arm\u00e1dy s n\u00e1bo\u017eenskou ot\u00e1zkou a praktizovanie viery bol eskortovan\u00fd do vtedaj\u0161ej vojenskej v\u00e4znice Plze\u0148-Bory. Tu v stra\u0161n\u00fdch podmienkach v \u0165a\u017ekom rozpolo\u017een\u00ed str\u00e1vil takmer mesiac. Po mesiaci nasledovalo prevelenie na hrani\u010dn\u00fa \u010diaru do osady Mil\u00ed\u0159e pri Tachove, kde bol zaraden\u00fd k \u0161peci\u00e1lnej vojenskej technike, ktorej \u00falohou bolo ru\u0161i\u0165 tzv. \u0161tvan\u00fa stanicu Slobodn\u00e1 Eur\u00f3pa. Ke\u010f\u017ee slu\u017eba pri vysiela\u010dk\u00e1ch bola nepretr\u017eit\u00e1 mal mo\u017enos\u0165 za\u017ei\u0165 v slu\u017ebe aj nede\u013eu. Na jeho ve\u013ek\u00e9 prekvapenie po dopolud\u0148aj\u0161ej slovenskej katol\u00edckej om\u0161i pren\u00e1\u0161anej z Mn\u00edchova o \u0161estn\u00e1stej hodine s \u010dasov\u00fdm posunom zachytil priamy prenos dopolud\u0148aj\u0161\u00edch evanjelick\u00fdch slu\u017eieb Bo\u017e\u00edch z chr\u00e1mu sv. Pavla z kanadsk\u00e9ho Toronta. Bol nesmierne \u0161\u0165astn\u00fd, ke\u010f po\u010dul zn\u00e1me piesne z Tranovsk\u00e9ho kancion\u00e1la, liturgiu a hlavne zves\u0165 Bo\u017eieho slova, ktor\u00e9 tak\u00fdmto sp\u00f4sobom \u0161\u00edril ponad oce\u00e1n do tzv. kraju brat far\u00e1r rev. Du\u0161an T\u00f3th a organovou hrou ho sprev\u00e1dzala jeho man\u017eelka Valika. Nielen\u017ee brat Marcina vysielanie t\u00fdchto programov neru\u0161il, ale pridal na hodnot\u00e1ch, aby sa sign\u00e1l e\u0161te lep\u0161ie \u0161\u00edril. Slu\u017eby Bo\u017eie si aj nato\u010dil na magnetof\u00f3nov\u00fd p\u00e1s. Bolo to op\u00e4\u0165 obrovsk\u00e9 riziko. A tak v tejto slu\u017ebe v\u010faka Bohu dobojoval a\u017e dokonca z\u00e1kladn\u00fa vojensk\u00fa slu\u017ebu. Aj v civile nasledovalo ustavi\u010dn\u00e9 pozorovanie jeho osoby e\u0161teb\u00e1kmi, na \u0161t\u00fadium teol\u00f3gie nemohol ani len pomyslie\u0165, a predsa Bo\u017eie cesty s\u00fa nevyspytate\u013en\u00e9. P\u00e1n si ho do svojej slu\u017eby napokon po sk\u00fa\u0161ke nezlomnej viery a odvahy povolal, nako\u013eko sa neprisp\u00f4soboval tomuto svetu, neprezliekal zbabelo kab\u00e1ty, ale bol vern\u00fd P\u00e1novi a cirkvi v ka\u017edej dobe, a to aj za cenu pr\u00edkoria a utrpenia. S odstupom \u010dasu m\u00f4\u017ee z Jeho milosti vyda\u0165 toto svedectvo o dobe komunistick\u00e9ho teroru a prenasledovania veriacich aj v arm\u00e1de, kde na vlastnej ko\u017ei zak\u00fasil zlo vtedaj\u0161ej vl\u00e1dnucej moci a jej ideol\u00f3gie. Aj v civilnom \u017eivote bol na\u0148ho vyv\u00edjan\u00fd tlak na spolupr\u00e1cu s \u0160TB a okresn\u00fdm cirkevn\u00fdm tajomn\u00edkom. Za zorganizovanie autobusov\u00e9ho z\u00e1jazdu na oslavy 500-t\u00e9ho v\u00fdro\u010dia narodenia Dr. Martina Luthera do Wittenbergu pod hlavi\u010dkou a pe\u010diatkou \u010cerven\u00e9ho kr\u00ed\u017ea na objedn\u00e1vke autobusu dostal podmiene\u010dn\u00fd trest. St\u00e1l pri p\u00e1de spolo\u010densk\u00e9ho syst\u00e9mu v rodnom P\u00fachove, ke\u010f ako jedin\u00fd z evanjelikov sa verejne odv\u00e1\u017eil postavi\u0165 na trib\u00fanu na N\u00e1mest\u00ed slobody, spieva\u0165 \u017ealmy a neboj\u00e1cne sa prihov\u00e1ral nielen k tis\u00edckam P\u00fachov\u010danov.<span class=\"Apple-converted-space\">\u00a0<\/span><\/p>\n<p>Brat \u013dubom\u00edr Marcina ako vern\u00fd svedok svojho P\u00e1na, ktor\u00fd trpel za totalitn\u00e9ho re\u017eimu mnoh\u00e9 pr\u00edkoria, prenasledovania a v\u00e4znenie, bol v piatok 5. okt\u00f3bra 2018 ocenen\u00fd v Kongresovej s\u00e1le \u017dupn\u00e9ho \u00faradu v Tren\u010d\u00edne spolu s \u010fal\u0161\u00edmi veter\u00e1nmi Tren\u010dianskeho kraja. Za \u017eivotn\u00fd postoj v obdob\u00ed komunistick\u00e9ho re\u017eimu na znak \u00facty a v\u010faky prevzal Pam\u00e4tn\u00fa medailu \u00daPN a \u010eakovn\u00fd list z r\u00fak podpredsedu Spr\u00e1vnej rady \u00daPN J\u00e1na P\u00e1lffyho za spolu\u00fa\u010dasti riadite\u013ea \u017dupn\u00e9ho \u00faradu TSK Mareka Briestensk\u00e9ho, predsedu Konfeder\u00e1cie politick\u00fdch v\u00e4z\u0148ov Slovenska Petra Sandtnera, spolupracovn\u00edkov zo Strediska Evanjelickej diakonie v Ko\u0161eci, ako aj \u010fal\u0161\u00edch v\u00fdznamn\u00fdch host\u00ed. D\u00f4stojnos\u0165 sl\u00e1vnostnej chv\u00edle umocnilo kult\u00farne vyst\u00fapenie komorn\u00e9ho orchestra mesta Tren\u010d\u00edn.<\/p>\n<p><i>Anna Ku\u0161n\u00edrov\u00e1, predsedn\u00ed\u010da SR SED Ko\u0161eca\u00a0|\u00a015.10.2018<\/i><\/p>\n<p>&nbsp;<\/p>\n","protected":false},"excerpt":{"rendered":"<p>Blaho\u017eel\u00e1me! Cena \u00dastavu pam\u00e4ti n\u00e1roda \u013d. Marcinovi \u00a0 V nede\u013eu 7. okt\u00f3bra 2018 sa v pova\u017eskobystrickom evanjelickom kostole konali spomienkov\u00e9 ve\u010dern\u00e9 slu\u017eby Bo\u017eie, na ktor\u00fdch slovom Bo\u017e\u00edm na z\u00e1klade textu zo \u017did 12, 1 \u2212 2 posl\u00fa\u017eil brat administr\u00e1tor Peter Fabok. Pripom\u00edname si prenasledovanie, perzek\u00facie a v\u00e4znenie mnoh\u00fdch na\u0161ich bratov a sestier vo viere, ktor\u00fdm &#8230; <a title=\"Ocenenie pre \u013dubom\u00edra Marcinu\" class=\"read-more\" href=\"https:\/\/www.e-anjelik.sk\/index.php\/2018\/10\/17\/ocenenie-pre-lubomira-marcinu\/\" aria-label=\"Pre\u010d\u00edtajte si viac o Ocenenie pre \u013dubom\u00edra Marcinu\">\u010c\u00edta\u0165 viac<\/a><\/p>\n","protected":false},"author":4,"featured_media":0,"comment_status":"open","ping_status":"open","sticky":false,"template":"","format":"standard","meta":{"footnotes":""},"categories":[193,5],"tags":[],"class_list":["post-31957","post","type-post","status-publish","format-standard","hentry","category-co-pisu-ini","category-diakonia"],"_links":{"self":[{"href":"https:\/\/www.e-anjelik.sk\/index.php\/wp-json\/wp\/v2\/posts\/31957","targetHints":{"allow":["GET"]}}],"collection":[{"href":"https:\/\/www.e-anjelik.sk\/index.php\/wp-json\/wp\/v2\/posts"}],"about":[{"href":"https:\/\/www.e-anjelik.sk\/index.php\/wp-json\/wp\/v2\/types\/post"}],"author":[{"embeddable":true,"href":"https:\/\/www.e-anjelik.sk\/index.php\/wp-json\/wp\/v2\/users\/4"}],"replies":[{"embeddable":true,"href":"https:\/\/www.e-anjelik.sk\/index.php\/wp-json\/wp\/v2\/comments?post=31957"}],"version-history":[{"count":1,"href":"https:\/\/www.e-anjelik.sk\/index.php\/wp-json\/wp\/v2\/posts\/31957\/revisions"}],"predecessor-version":[{"id":31958,"href":"https:\/\/www.e-anjelik.sk\/index.php\/wp-json\/wp\/v2\/posts\/31957\/revisions\/31958"}],"wp:attachment":[{"href":"https:\/\/www.e-anjelik.sk\/index.php\/wp-json\/wp\/v2\/media?parent=31957"}],"wp:term":[{"taxonomy":"category","embeddable":true,"href":"https:\/\/www.e-anjelik.sk\/index.php\/wp-json\/wp\/v2\/categories?post=31957"},{"taxonomy":"post_tag","embeddable":true,"href":"https:\/\/www.e-anjelik.sk\/index.php\/wp-json\/wp\/v2\/tags?post=31957"}],"curies":[{"name":"wp","href":"https:\/\/api.w.org\/{rel}","templated":true}]}}