{"id":31959,"date":"2018-10-18T00:21:30","date_gmt":"2018-10-17T22:21:30","guid":{"rendered":"http:\/\/e-anjelik.sk\/?p=31959"},"modified":"2018-10-18T00:21:30","modified_gmt":"2018-10-17T22:21:30","slug":"zomrel-pavel-smetana","status":"publish","type":"post","link":"https:\/\/www.e-anjelik.sk\/index.php\/2018\/10\/18\/zomrel-pavel-smetana\/","title":{"rendered":"Zomrel Pavel Smetana"},"content":{"rendered":"<p><b>Zem\u0159el evangelick\u00fd far\u00e1\u0159 senior Pavel Smetana (\u202081).\u00a0<\/b><\/p>\n<p><span class=\"Apple-converted-space\">\u00a0<\/span><\/p>\n<p>Ve v\u011bku 81 let zem\u0159el ve \u010dtvrtek 4. \u0159\u00edjna 2018 evangelick\u00fd far\u00e1\u0159, b\u00fdval\u00fd synodn\u00ed senior \u010ceskobratrsk\u00e9 c\u00edrkve evangelick\u00e9 a b\u00fdval\u00fd p\u0159edseda Ekumenick\u00e9 rady c\u00edrkv\u00ed Pavel Smetana.<\/p>\n<p><b>Ve v\u011bku 81 let zem\u0159el ve \u010dtvrtek 4. \u0159\u00edjna evangelick\u00fd far\u00e1\u0159, b\u00fdval\u00fd synodn\u00ed senior \u010ceskobratrsk\u00e9 c\u00edrkve evangelick\u00e9 a b\u00fdval\u00fd p\u0159edseda Ekumenick\u00e9 rady c\u00edrkv\u00ed Pavel Smetana. V p\u00e1tek to \u0159ekl mluv\u010d\u00ed Ekumenick\u00e9 rady c\u00edrkv\u00ed Petr Jan Vin\u0161. Posledn\u00ed rozlou\u010den\u00ed se Smetanou se bude konat v pond\u011bl\u00ed 8. \u0159\u00edjna ve 13:30 v evangelick\u00e9m kostele u Martina ve zdi v Martinsk\u00e9 ulici v Praze 1.<\/b><\/p>\n<p><b>Pavel Smetana se narodil v roce 1937 v rodin\u011b evangelick\u00e9ho far\u00e1\u0159e, jeho otec Jan Smetana byl v dob\u011b jeho d\u011btstv\u00ed far\u00e1\u0159em ve Vil\u00e9mov\u011b, v jeho deseti letech se rodina st\u011bhovala do Prahy.<\/b> Absolvoval Vy\u0161\u0161\u00ed pr\u016fmyslovou \u0161kolu strojnickou v Praze a po studiu na Komensk\u00e9ho evangelick\u00e9 bohosloveck\u00e9 fakult\u011b p\u016fsobil jako duchovn\u00ed \u010ceskobratrsk\u00e9 c\u00edrkve evangelick\u00e9.<\/p>\n<p>Jako v\u00fdpomocn\u00fd kazatel za\u010d\u00ednal v Lounech, po dvoulet\u00e9 vojensk\u00e9 slu\u017eb\u011b nastoupil v roce 1964 na far\u00e1\u0159sk\u00e9 m\u00edsto v Ho\u0161\u0165\u00e1lkov\u00e9 na Vala\u0161sku. <b>Po 15 letech ode\u0161el do sboru v Praze-Libni, kde p\u016fsobil do roku 1991.<\/b><\/p>\n<p>&nbsp;<\/p>\n<p>Zost\u00e1va v spomienkach ako oslovuj\u00faci kazate\u013e, duchovn\u00fd pastier, teologicky ve\u013emi bl\u00edzky na\u0161ej cirkvi, ako s\u00e1m raz povedal: dobr\u00fd luter\u00e1n. Neh ho osl\u00e1vi P\u00e1n cirkvi.<\/p>\n","protected":false},"excerpt":{"rendered":"<p>Zem\u0159el evangelick\u00fd far\u00e1\u0159 senior Pavel Smetana (\u202081).\u00a0 \u00a0 Ve v\u011bku 81 let zem\u0159el ve \u010dtvrtek 4. \u0159\u00edjna 2018 evangelick\u00fd far\u00e1\u0159, b\u00fdval\u00fd synodn\u00ed senior \u010ceskobratrsk\u00e9 c\u00edrkve evangelick\u00e9 a b\u00fdval\u00fd p\u0159edseda Ekumenick\u00e9 rady c\u00edrkv\u00ed Pavel Smetana. Ve v\u011bku 81 let zem\u0159el ve \u010dtvrtek 4. \u0159\u00edjna evangelick\u00fd far\u00e1\u0159, b\u00fdval\u00fd synodn\u00ed senior \u010ceskobratrsk\u00e9 c\u00edrkve evangelick\u00e9 a b\u00fdval\u00fd p\u0159edseda Ekumenick\u00e9 &#8230; <a title=\"Zomrel Pavel Smetana\" class=\"read-more\" href=\"https:\/\/www.e-anjelik.sk\/index.php\/2018\/10\/18\/zomrel-pavel-smetana\/\" aria-label=\"Pre\u010d\u00edtajte si viac o Zomrel Pavel Smetana\">\u010c\u00edta\u0165 viac<\/a><\/p>\n","protected":false},"author":4,"featured_media":0,"comment_status":"open","ping_status":"open","sticky":false,"template":"","format":"standard","meta":{"footnotes":""},"categories":[2],"tags":[],"class_list":["post-31959","post","type-post","status-publish","format-standard","hentry","category-ekumena"],"_links":{"self":[{"href":"https:\/\/www.e-anjelik.sk\/index.php\/wp-json\/wp\/v2\/posts\/31959","targetHints":{"allow":["GET"]}}],"collection":[{"href":"https:\/\/www.e-anjelik.sk\/index.php\/wp-json\/wp\/v2\/posts"}],"about":[{"href":"https:\/\/www.e-anjelik.sk\/index.php\/wp-json\/wp\/v2\/types\/post"}],"author":[{"embeddable":true,"href":"https:\/\/www.e-anjelik.sk\/index.php\/wp-json\/wp\/v2\/users\/4"}],"replies":[{"embeddable":true,"href":"https:\/\/www.e-anjelik.sk\/index.php\/wp-json\/wp\/v2\/comments?post=31959"}],"version-history":[{"count":1,"href":"https:\/\/www.e-anjelik.sk\/index.php\/wp-json\/wp\/v2\/posts\/31959\/revisions"}],"predecessor-version":[{"id":31960,"href":"https:\/\/www.e-anjelik.sk\/index.php\/wp-json\/wp\/v2\/posts\/31959\/revisions\/31960"}],"wp:attachment":[{"href":"https:\/\/www.e-anjelik.sk\/index.php\/wp-json\/wp\/v2\/media?parent=31959"}],"wp:term":[{"taxonomy":"category","embeddable":true,"href":"https:\/\/www.e-anjelik.sk\/index.php\/wp-json\/wp\/v2\/categories?post=31959"},{"taxonomy":"post_tag","embeddable":true,"href":"https:\/\/www.e-anjelik.sk\/index.php\/wp-json\/wp\/v2\/tags?post=31959"}],"curies":[{"name":"wp","href":"https:\/\/api.w.org\/{rel}","templated":true}]}}