{"id":3197,"date":"2010-11-26T09:28:12","date_gmt":"2010-11-26T09:28:12","guid":{"rendered":"http:\/\/e-anjelik.sk\/?p=3197"},"modified":"2010-11-26T09:28:12","modified_gmt":"2010-11-26T09:28:12","slug":"kritika-skoly-vo-svedsku-za-modlitbu","status":"publish","type":"post","link":"https:\/\/www.e-anjelik.sk\/index.php\/2010\/11\/26\/kritika-skoly-vo-svedsku-za-modlitbu\/","title":{"rendered":"Kritika \u0161koly vo \u0160v\u00e9dsku  za modlitbu"},"content":{"rendered":"<p>Za\u010diatkom j&uacute;na t.r. sa vo &scaron;v&eacute;dskom&nbsp;meste Boras na tamoj&scaron;ej z&aacute;kladnej &scaron;kole ukon\u010dil &scaron;kolsk&yacute; rok spolo\u010dnou&nbsp;modlitbou det&iacute; a k\u0148aza. Teraz &scaron;kolsk&aacute; in&scaron;pekcia na udanie jedn&eacute;ho anonyma situ&aacute;ciu vy&scaron;etrila a kritizuje kom&uacute;nu , \u017ee&nbsp; vraj &quot; modlitba je konfesion&aacute;lnou \u010dinnos\u0165ou a t&aacute; pod\u013ea u\u010debn&yacute;ch pl&aacute;nov nepatr&iacute; do &scaron;koly.&quot; Pr&aacute;vni\u010dka zo &scaron;kolskej in&scaron;pekcie Anna Lena Olsson pre denn&iacute;k Dagen povedala, \u017ee deti na &scaron;kole musia ma\u0165 vytvoren&eacute; najlep&scaron;ie podmienky a nesm&uacute; by\u0165 ru&scaron;en&eacute; podobn&yacute;mi aktivitami.<\/p>\n<p>(<a href=\"http:\/\/www.dagen.se\">www.dagen.se<\/a>)<\/p>\n","protected":false},"excerpt":{"rendered":"<p>Za\u010diatkom j&uacute;na t.r. sa vo &scaron;v&eacute;dskom&nbsp;meste Boras na tamoj&scaron;ej z&aacute;kladnej &scaron;kole ukon\u010dil &scaron;kolsk&yacute; rok spolo\u010dnou&nbsp;modlitbou det&iacute; a k\u0148aza. Teraz &scaron;kolsk&aacute; in&scaron;pekcia na udanie jedn&eacute;ho anonyma situ&aacute;ciu vy&scaron;etrila a kritizuje kom&uacute;nu , \u017ee&nbsp; vraj &quot; modlitba je konfesion&aacute;lnou \u010dinnos\u0165ou a t&aacute; pod\u013ea u\u010debn&yacute;ch pl&aacute;nov nepatr&iacute; do &scaron;koly.&quot; Pr&aacute;vni\u010dka zo &scaron;kolskej in&scaron;pekcie Anna Lena Olsson pre denn&iacute;k &#8230; <a title=\"Kritika \u0161koly vo \u0160v\u00e9dsku  za modlitbu\" class=\"read-more\" href=\"https:\/\/www.e-anjelik.sk\/index.php\/2010\/11\/26\/kritika-skoly-vo-svedsku-za-modlitbu\/\" aria-label=\"Pre\u010d\u00edtajte si viac o Kritika \u0161koly vo \u0160v\u00e9dsku  za modlitbu\">\u010c\u00edta\u0165 viac<\/a><\/p>\n","protected":false},"author":22,"featured_media":0,"comment_status":"open","ping_status":"open","sticky":false,"template":"","format":"standard","meta":{"footnotes":""},"categories":[42,10],"tags":[],"class_list":["post-3197","post","type-post","status-publish","format-standard","hentry","category-skandinavia","category-zo-sveta"],"_links":{"self":[{"href":"https:\/\/www.e-anjelik.sk\/index.php\/wp-json\/wp\/v2\/posts\/3197","targetHints":{"allow":["GET"]}}],"collection":[{"href":"https:\/\/www.e-anjelik.sk\/index.php\/wp-json\/wp\/v2\/posts"}],"about":[{"href":"https:\/\/www.e-anjelik.sk\/index.php\/wp-json\/wp\/v2\/types\/post"}],"author":[{"embeddable":true,"href":"https:\/\/www.e-anjelik.sk\/index.php\/wp-json\/wp\/v2\/users\/22"}],"replies":[{"embeddable":true,"href":"https:\/\/www.e-anjelik.sk\/index.php\/wp-json\/wp\/v2\/comments?post=3197"}],"version-history":[{"count":0,"href":"https:\/\/www.e-anjelik.sk\/index.php\/wp-json\/wp\/v2\/posts\/3197\/revisions"}],"wp:attachment":[{"href":"https:\/\/www.e-anjelik.sk\/index.php\/wp-json\/wp\/v2\/media?parent=3197"}],"wp:term":[{"taxonomy":"category","embeddable":true,"href":"https:\/\/www.e-anjelik.sk\/index.php\/wp-json\/wp\/v2\/categories?post=3197"},{"taxonomy":"post_tag","embeddable":true,"href":"https:\/\/www.e-anjelik.sk\/index.php\/wp-json\/wp\/v2\/tags?post=3197"}],"curies":[{"name":"wp","href":"https:\/\/api.w.org\/{rel}","templated":true}]}}