{"id":31982,"date":"2018-10-27T19:40:26","date_gmt":"2018-10-27T17:40:26","guid":{"rendered":"http:\/\/e-anjelik.sk\/?p=31982"},"modified":"2019-02-22T16:56:25","modified_gmt":"2019-02-22T15:56:25","slug":"reformacia-nie-je-reforma","status":"publish","type":"post","link":"https:\/\/www.e-anjelik.sk\/index.php\/2018\/10\/27\/reformacia-nie-je-reforma\/","title":{"rendered":"Reform\u00e1cia nie je reforma"},"content":{"rendered":"<p><em>\u201eK\u00a0Tebe sa utiekam, \u00f3 Hospodine, kie\u017e nikdy nie som zahanben\u00fd! Zachr\u00e1\u0148 ma svojou spravodlivos\u0165ou! Naklo\u0148 ku mne svoje ucho, r\u00fdchlo ma vytrhni! Bu\u010f ochrann\u00fdm bralom a\u00a0ohraden\u00fdm domom, aby si ma zachr\u00e1nil! Lebo Ty si mi skalou a\u00a0moj\u00edm hradom, pre svoje meno ve\u010f ma a sprev\u00e1dzaj. Vyve\u010f ma zo siete, ktor\u00fa mi tajne nastavili, lebo si moj\u00edm \u00fato\u010diskom. Do Tvojej ruky por\u00fa\u010dam svojho ducha, Ty si ma vyk\u00fapil, \u00f3 Hospodine, Bo\u017ee vern\u00fd.\u201c<\/em><\/p>\n<p>\u017d 31, 2-6<\/p>\n<p>Reform\u00e1cia nie je a nem\u00f4\u017ee by\u0165 jednorazov\u00e1 z\u00e1le\u017eitos\u0165. Nie je to uzavret\u00e1 kapitola, na ktor\u00fa sl\u00e1vnostne spom\u00edname. Reform\u00e1cia \u2013 obnova za\u010d\u00edna t\u00fdm, \u017ee \u010dlovek spozn\u00e1 Je\u017ei\u0161a Krista. Reform\u00e1cia \u2013 to nie je ak\u00e1si kozmetick\u00e1 \u00faprava, ale nov\u00fd \u017eivot. Reform\u00e1cia zna\u010d\u00ed: chcem sa da\u0165 Kristom s\u00fdti\u0165, na \u0147om budova\u0165, od Neho prij\u00edma\u0165 nov\u00fd \u017eivot, Jeho vyzn\u00e1va\u0165, Jeho nasledova\u0165. Reform\u00e1cia preto nie je reforma, je to pokra\u010duj\u00faci proces, kde niekde na za\u010diatku nach\u00e1dzame uvedomenie si ch\u00fdb, nedostatkov a hriechu a jeho prirodzen\u00fdm pokra\u010dovan\u00edm je t\u00fa\u017eba a potreba h\u013eada\u0165 dobro, teda h\u013eada\u0165 Hospodina. Z tohto d\u00f4vodu rovnako plat\u00ed i to, \u017ee reform\u00e1cia nie je revol\u00facia, ktor\u00e1 ni\u010d\u00ed star\u00e9. Pamiatka reform\u00e1cie nie je len o\u00a0historickej udalosti, ale je o\u00a0ot\u00e1zke: \u010do hovor\u00ed P\u00edsmo o\u00a0na\u0161om \u017eivote, ako sa reform\u00e1cia t\u00fdka m\u0148a a m\u00f4jho \u017eivota. Svojimi \u017eivotmi, postojmi a n\u00e1zormi v\u00e4\u010d\u0161ina z\u00a0n\u00e1s nepotrebuje napomenutie Bo\u017e\u00edm Slovom, nepotrebuje sviatos\u0165 Ve\u010dere P\u00e1novej, ale \u017eijeme svojim vlastn\u00fdm \u017eivotom.<\/p>\n<p>&nbsp;<\/p>\n<p>Boh posiela v\u00a0ka\u017edej dobe svojich svedkov, aby sved\u010dili o\u00a0Tvojej pravde. V dejin\u00e1ch P\u00e1n Boh nenechal svoju cirkev bl\u00fadi\u0165, ani nikdy neodst\u00fapil od cirkvi, ale v\u017edy posielal prorokov, ktor\u00fd pozdvihli hlas a\u00a0hl\u00e1sali pravdu. \u010clovek ako vid\u00edme od raja a v\u00a0cel\u00fdch dejin\u00e1ch sa d\u00e1 ve\u013emi \u013eahko oklama\u0165, \u010dlovek je n\u00e1klonn\u00fd, aby uveril l\u017ei a\u00a0polopravde a\u00a0ako sa d\u00e1 \u010dlovek zvies\u0165 z\u00a0tej dobrej cesty pravdy a\u00a0poslu\u0161nosti Bohu. D\u00e1 sa zvies\u0165 na cestu, kde je klaman\u00fd, kde bl\u00fadi, kde sa uspokoj\u00ed s\u00a0falo\u0161n\u00fdm pocitom, \u017ee s\u00e1m sa pred Bohom obh\u00e1ji, kde P\u00e1n Boh pochop\u00ed na\u0161e zlyhania \u2013 ve\u010f P\u00e1n Boh je dobr\u00fd, zhovievav\u00fd, milostiv\u00fd a\u00a0spravodliv\u00fd. Tak prem\u00fd\u0161\u013ea dne\u0161n\u00fd \u010dlovek. Tak sa zamot\u00e1 do siete, aby sa ut\u00e1pal s\u00e1m v\u00a0klame, v\u00a0ktorom bol chyten\u00fd. S\u00e1m satan klame \u010dloveka a\u00a0nepraje si, aby sme poznali pravdu; Boh je dobrotiv\u00fd, v\u0161etko ti prejde, prep\u00e1\u010di, neboj sa s\u00fadu, nemaj v\u00fd\u010ditky svedomia. Na ka\u017edom kroku na n\u00e1s \u010d\u00edha, aby sme si P\u00e1na Boha predstavili a\u00a0prisp\u00f4sobili Jeho slovo po svojom, aby sme neh\u013eadali ak\u00fd skuto\u010dne je, aby sme neh\u013eadali pravdu v\u00a0P\u00edsme, ale v\u00a0\u013eudsk\u00fdch, \u010dasto demagogick\u00fdch u\u010deniach.<\/p>\n<p>&nbsp;<\/p>\n<p>Aj dnes okolo n\u00e1s je sie\u0165 z\u00e1konn\u00edctva , z\u00e1slu\u017en\u00edctva, samospravodlivosti, spokojnosti so sebou sam\u00fdm, kedy si zaklad\u00e1me na tom \u010do sme dosiahli, kde mnoh\u00ed sa ospravedl\u0148uj\u00fa: ja som dobr\u00fd \u010dlovek, Boh je so mnou spokojn\u00fd. Spasenie d\u00e1va Boh a\u00a0n\u00e1s vyz\u00fdva k\u00a0pok\u00e1niu. Sie\u0165, ktor\u00e1 bola tajne nastaven\u00e1 je aj to, \u017ee sme si urobili z\u00a0P\u00e1na Boha kamar\u00e1ta a\u00a0nie pr\u00edsneho Sudcu, aby sme prehliadali svoje hriechy, prehliadali, \u017ee Boh n\u00e1s vol\u00e1 k\u00a0pok\u00e1niu, \u017ee \u017eijeme de\u0148 \u010do de\u0148 z\u00a0Jeho milosti, nemali falo\u0161n\u00e9 predstavy o\u00a0na\u0161om spravodlivom, sv\u00e4tom Bohu, ktor\u00fd neznesie ni\u010d, \u010do je ne\u010dist\u00e9. Sie\u0165, ke\u010f \u013eudia v\u00a0t\u00fdchto d\u0148och p\u00e1lia m\u0155tvym po hroboch svie\u010dky. P\u00e1lenie svie\u010dok poch\u00e1dza z\u00a0keltsk\u00e9ho pohansk\u00e9ho ritu\u00e1lu, kde horiace svie\u010dky mali privola\u0165 du\u0161e zomrel\u00fdch, aby sa v\u00a0plameni svie\u010dok mohli o\u010disti\u0165 od hriechov. Sie\u0165, ke\u010f na\u0161e deti a\u00a0vn\u00fa\u010dat\u00e1 namiesto spomienky na pamiatku reform\u00e1cie oslavuj\u00fa heloveen. Heloveen je pohansk\u00fd sviatok, kedy sa Kelti v\u00a0noci z\u00a031. okt\u00f3bra na 1. novembra l\u00fa\u010dili s\u00a0letom, ktor\u00e9 patrilo bohyni \u017eivota, v\u00edtali vl\u00e1du knie\u017ea\u0165a smrti, ktor\u00fd vl\u00e1dol zime. Sie\u0165 ne\u00facty, nepoctivosti, ne\u010destnosti, neplnen\u00ed svojich povinnost\u00ed, nev\u0161\u00edmavosti potrieb bl\u00ed\u017enych, neprij\u00edmania svojich bratov a sestry so v\u0161etk\u00fdmi ich slabos\u0165ami a obmedzeniami.<\/p>\n<p>&nbsp;<\/p>\n<p>Prosme Hospodina, aby n\u00e1s vyviedol z\u00a0t\u00fdchto na\u0161ich siet\u00ed, do ktor\u00fdch sme sa chytili, a voviedol n\u00e1s do svojej pravdy, ktor\u00e1 vyslobodzuje. Po\u010fme k\u00a0Nemu, On Jedin\u00fd zachra\u0148uje.<\/p>\n<p>Pokoj V\u00e1m!!<\/p>\n","protected":false},"excerpt":{"rendered":"<p>\u201eK\u00a0Tebe sa utiekam, \u00f3 Hospodine, kie\u017e nikdy nie som zahanben\u00fd! Zachr\u00e1\u0148 ma svojou spravodlivos\u0165ou! Naklo\u0148 ku mne svoje ucho, r\u00fdchlo ma vytrhni! Bu\u010f ochrann\u00fdm bralom a\u00a0ohraden\u00fdm domom, aby si ma zachr\u00e1nil! Lebo Ty si mi skalou a\u00a0moj\u00edm hradom, pre svoje meno ve\u010f ma a sprev\u00e1dzaj. Vyve\u010f ma zo siete, ktor\u00fa mi tajne nastavili, lebo si &#8230; <a title=\"Reform\u00e1cia nie je reforma\" class=\"read-more\" href=\"https:\/\/www.e-anjelik.sk\/index.php\/2018\/10\/27\/reformacia-nie-je-reforma\/\" aria-label=\"Pre\u010d\u00edtajte si viac o Reform\u00e1cia nie je reforma\">\u010c\u00edta\u0165 viac<\/a><\/p>\n","protected":false},"author":3,"featured_media":0,"comment_status":"open","ping_status":"open","sticky":false,"template":"","format":"standard","meta":{"footnotes":""},"categories":[1],"tags":[527],"class_list":["post-31982","post","type-post","status-publish","format-standard","hentry","category-adventna-modlitba","tag-pamiatka-reformacie"],"_links":{"self":[{"href":"https:\/\/www.e-anjelik.sk\/index.php\/wp-json\/wp\/v2\/posts\/31982","targetHints":{"allow":["GET"]}}],"collection":[{"href":"https:\/\/www.e-anjelik.sk\/index.php\/wp-json\/wp\/v2\/posts"}],"about":[{"href":"https:\/\/www.e-anjelik.sk\/index.php\/wp-json\/wp\/v2\/types\/post"}],"author":[{"embeddable":true,"href":"https:\/\/www.e-anjelik.sk\/index.php\/wp-json\/wp\/v2\/users\/3"}],"replies":[{"embeddable":true,"href":"https:\/\/www.e-anjelik.sk\/index.php\/wp-json\/wp\/v2\/comments?post=31982"}],"version-history":[{"count":2,"href":"https:\/\/www.e-anjelik.sk\/index.php\/wp-json\/wp\/v2\/posts\/31982\/revisions"}],"predecessor-version":[{"id":31994,"href":"https:\/\/www.e-anjelik.sk\/index.php\/wp-json\/wp\/v2\/posts\/31982\/revisions\/31994"}],"wp:attachment":[{"href":"https:\/\/www.e-anjelik.sk\/index.php\/wp-json\/wp\/v2\/media?parent=31982"}],"wp:term":[{"taxonomy":"category","embeddable":true,"href":"https:\/\/www.e-anjelik.sk\/index.php\/wp-json\/wp\/v2\/categories?post=31982"},{"taxonomy":"post_tag","embeddable":true,"href":"https:\/\/www.e-anjelik.sk\/index.php\/wp-json\/wp\/v2\/tags?post=31982"}],"curies":[{"name":"wp","href":"https:\/\/api.w.org\/{rel}","templated":true}]}}