{"id":31986,"date":"2018-10-28T00:56:55","date_gmt":"2018-10-27T22:56:55","guid":{"rendered":"http:\/\/e-anjelik.sk\/?p=31986"},"modified":"2018-10-28T00:56:55","modified_gmt":"2018-10-27T22:56:55","slug":"12-vz-sez-ecav","status":"publish","type":"post","link":"https:\/\/www.e-anjelik.sk\/index.php\/2018\/10\/28\/12-vz-sez-ecav\/","title":{"rendered":"12- VZ SE\u017d ECAV"},"content":{"rendered":"<p>Dnes sa konalo 12. valn\u00e9 zhroma\u017edenie Spolo\u010denstva evanjelick\u00fdch \u017eien v Pezinku. Po dvan\u00e1stich rokoch vernej a obetavej slu\u017eby sestry Daniely Hor\u00ednkovej, bola uveden\u00e1 bratom biskupom J\u00e1nom Hrobo\u0148om do funkcie predsedn\u00ed\u010dky SE\u017d sestra far\u00e1rka z Modry Evka Osl\u00edkov\u00e1. Do funkcie koordin\u00e1torky Spol. ev. \u017eien TUS bola uveden\u00e1 sestra far\u00e1rka z Mo\u0161oviec Andrea Cabadov\u00e1. Sl\u00e1vnostne stretnutie spestril spevom zborov\u00fd spevokol z CZ Pezinok.<br \/>\n\u010eakujeme Danielke Hor\u00ednkovej za doteraj\u0161iu obetav\u00fa a po\u017eehnan\u00fa slu\u017ebu a pre nov\u00fa predsedn\u00ed\u010dku vyprosujeme Bo\u017eie milostiv\u00e9 vedenie a po\u017eehnanie. \u010eakujeme aj cirkevn\u00e9mu zboru v Pezinku, za \u0161tedr\u00fa pohostinnos\u0165 a l\u00e1skav\u00e9 prijatie.<img loading=\"lazy\" decoding=\"async\" class=\"alignnone size-medium wp-image-31987\" src=\"http:\/\/e-anjelik.sk\/wp-content\/uploads\/2018\/10\/20181027_162001-300x169.jpg\" alt=\"\" width=\"300\" height=\"169\" \/><\/p>\n","protected":false},"excerpt":{"rendered":"<p>Dnes sa konalo 12. valn\u00e9 zhroma\u017edenie Spolo\u010denstva evanjelick\u00fdch \u017eien v Pezinku. Po dvan\u00e1stich rokoch vernej a obetavej slu\u017eby sestry Daniely Hor\u00ednkovej, bola uveden\u00e1 bratom biskupom J\u00e1nom Hrobo\u0148om do funkcie predsedn\u00ed\u010dky SE\u017d sestra far\u00e1rka z Modry Evka Osl\u00edkov\u00e1. Do funkcie koordin\u00e1torky Spol. ev. \u017eien TUS bola uveden\u00e1 sestra far\u00e1rka z Mo\u0161oviec Andrea Cabadov\u00e1. Sl\u00e1vnostne stretnutie spestril &#8230; <a title=\"12- VZ SE\u017d ECAV\" class=\"read-more\" href=\"https:\/\/www.e-anjelik.sk\/index.php\/2018\/10\/28\/12-vz-sez-ecav\/\" aria-label=\"Pre\u010d\u00edtajte si viac o 12- VZ SE\u017d ECAV\">\u010c\u00edta\u0165 viac<\/a><\/p>\n","protected":false},"author":4,"featured_media":0,"comment_status":"open","ping_status":"open","sticky":false,"template":"","format":"standard","meta":{"footnotes":""},"categories":[1],"tags":[],"class_list":["post-31986","post","type-post","status-publish","format-standard","hentry","category-adventna-modlitba"],"_links":{"self":[{"href":"https:\/\/www.e-anjelik.sk\/index.php\/wp-json\/wp\/v2\/posts\/31986","targetHints":{"allow":["GET"]}}],"collection":[{"href":"https:\/\/www.e-anjelik.sk\/index.php\/wp-json\/wp\/v2\/posts"}],"about":[{"href":"https:\/\/www.e-anjelik.sk\/index.php\/wp-json\/wp\/v2\/types\/post"}],"author":[{"embeddable":true,"href":"https:\/\/www.e-anjelik.sk\/index.php\/wp-json\/wp\/v2\/users\/4"}],"replies":[{"embeddable":true,"href":"https:\/\/www.e-anjelik.sk\/index.php\/wp-json\/wp\/v2\/comments?post=31986"}],"version-history":[{"count":1,"href":"https:\/\/www.e-anjelik.sk\/index.php\/wp-json\/wp\/v2\/posts\/31986\/revisions"}],"predecessor-version":[{"id":31988,"href":"https:\/\/www.e-anjelik.sk\/index.php\/wp-json\/wp\/v2\/posts\/31986\/revisions\/31988"}],"wp:attachment":[{"href":"https:\/\/www.e-anjelik.sk\/index.php\/wp-json\/wp\/v2\/media?parent=31986"}],"wp:term":[{"taxonomy":"category","embeddable":true,"href":"https:\/\/www.e-anjelik.sk\/index.php\/wp-json\/wp\/v2\/categories?post=31986"},{"taxonomy":"post_tag","embeddable":true,"href":"https:\/\/www.e-anjelik.sk\/index.php\/wp-json\/wp\/v2\/tags?post=31986"}],"curies":[{"name":"wp","href":"https:\/\/api.w.org\/{rel}","templated":true}]}}