{"id":3199,"date":"2010-11-26T10:43:18","date_gmt":"2010-11-26T10:43:18","guid":{"rendered":"http:\/\/e-anjelik.sk\/?p=3199"},"modified":"2010-11-26T10:43:18","modified_gmt":"2010-11-26T10:43:18","slug":"ralf-meister-novy-krajinsky-biskup-v-hannoveri","status":"publish","type":"post","link":"https:\/\/www.e-anjelik.sk\/index.php\/2010\/11\/26\/ralf-meister-novy-krajinsky-biskup-v-hannoveri\/","title":{"rendered":"Ralf Meister &#8211; nov\u00fd krajinsk\u00fd biskup v Hannoveri"},"content":{"rendered":"<p>Vo &scaron;tvrtok 25. nov. t. r. 64 hlasmi synod&aacute;lov zo 76 pri 12 zdr\u017eaniach bol v druhom kole za nov&eacute;ho biskupa Evanjelicko-luter&aacute;nskej cirkvi Hannoverska zvolen&yacute; 48 -ro\u010dn&yacute; doteraj&scaron;&iacute; gener&aacute;lny superintendent Berl&iacute;na Ralf Meister. Jeho protikandid&aacute;t riadite\u013e Diakonie z Frankfurtu Wolfgang Gern po ozn&aacute;men&iacute; v&yacute;sledkov v prvom kole, kde z&iacute;skal o 3 hlasy menej ako Meister, odst&uacute;pil z volieb. Meister bude v porad&iacute; &scaron;iestym biskupom tejto cirkvi. Nast&uacute;pi po biskupke M. K&auml;ssmanovej, ktor&aacute; po &scaron;kand&aacute;le s alkoholom odst&uacute;pila zo v&scaron;etk&yacute;ch funkci&iacute;. Meister bol predt&yacute;m prepo&scaron;tom v Luebecku. Je \u017eenat&yacute;, s man\u017eelkou Dagmarou maj&uacute; dvoch &scaron;kolopovinn&yacute;ch synov. M&aacute; ambici&oacute;zny cie\u013e: po\u010das prv&yacute;ch 18 mesiacov chce nav&scaron;t&iacute;vi\u0165 v&scaron;etk&yacute;ch 57 cirkevn&yacute;ch okrskov krajinskej cirkvi. Je pova\u017eovan&yacute; za medi&aacute;lne sk&uacute;sen&eacute;ho teol&oacute;ga. Do &uacute;radu nast&uacute;pi 26. marca bud&uacute;ceho roku, potom bude in&scaron;tal&aacute;cia v Marktkirche v Hannoveri. Hannoversk&aacute; ev.lut. cirkev je najv&auml;\u010d&scaron;ia spomedzi 22 \u010dlensk&yacute;ch cirkv&iacute; EKD. M&aacute; do 3 mili&oacute;nov \u010dlenov.<\/p>\n<p>(<a href=\"http:\/\/www.haz.de\">www.haz.de<\/a>);<\/p>\n","protected":false},"excerpt":{"rendered":"<p>Vo &scaron;tvrtok 25. nov. t. r. 64 hlasmi synod&aacute;lov zo 76 pri 12 zdr\u017eaniach bol v druhom kole za nov&eacute;ho biskupa Evanjelicko-luter&aacute;nskej cirkvi Hannoverska zvolen&yacute; 48 -ro\u010dn&yacute; doteraj&scaron;&iacute; gener&aacute;lny superintendent Berl&iacute;na Ralf Meister. Jeho protikandid&aacute;t riadite\u013e Diakonie z Frankfurtu Wolfgang Gern po ozn&aacute;men&iacute; v&yacute;sledkov v prvom kole, kde z&iacute;skal o 3 hlasy menej ako Meister, &#8230; <a title=\"Ralf Meister &#8211; nov\u00fd krajinsk\u00fd biskup v Hannoveri\" class=\"read-more\" href=\"https:\/\/www.e-anjelik.sk\/index.php\/2010\/11\/26\/ralf-meister-novy-krajinsky-biskup-v-hannoveri\/\" aria-label=\"Pre\u010d\u00edtajte si viac o Ralf Meister &#8211; nov\u00fd krajinsk\u00fd biskup v Hannoveri\">\u010c\u00edta\u0165 viac<\/a><\/p>\n","protected":false},"author":22,"featured_media":0,"comment_status":"open","ping_status":"open","sticky":false,"template":"","format":"standard","meta":{"footnotes":""},"categories":[9,10],"tags":[],"class_list":["post-3199","post","type-post","status-publish","format-standard","hentry","category-europa","category-zo-sveta"],"_links":{"self":[{"href":"https:\/\/www.e-anjelik.sk\/index.php\/wp-json\/wp\/v2\/posts\/3199","targetHints":{"allow":["GET"]}}],"collection":[{"href":"https:\/\/www.e-anjelik.sk\/index.php\/wp-json\/wp\/v2\/posts"}],"about":[{"href":"https:\/\/www.e-anjelik.sk\/index.php\/wp-json\/wp\/v2\/types\/post"}],"author":[{"embeddable":true,"href":"https:\/\/www.e-anjelik.sk\/index.php\/wp-json\/wp\/v2\/users\/22"}],"replies":[{"embeddable":true,"href":"https:\/\/www.e-anjelik.sk\/index.php\/wp-json\/wp\/v2\/comments?post=3199"}],"version-history":[{"count":0,"href":"https:\/\/www.e-anjelik.sk\/index.php\/wp-json\/wp\/v2\/posts\/3199\/revisions"}],"wp:attachment":[{"href":"https:\/\/www.e-anjelik.sk\/index.php\/wp-json\/wp\/v2\/media?parent=3199"}],"wp:term":[{"taxonomy":"category","embeddable":true,"href":"https:\/\/www.e-anjelik.sk\/index.php\/wp-json\/wp\/v2\/categories?post=3199"},{"taxonomy":"post_tag","embeddable":true,"href":"https:\/\/www.e-anjelik.sk\/index.php\/wp-json\/wp\/v2\/tags?post=3199"}],"curies":[{"name":"wp","href":"https:\/\/api.w.org\/{rel}","templated":true}]}}