{"id":31998,"date":"2018-11-13T21:33:24","date_gmt":"2018-11-13T20:33:24","guid":{"rendered":"http:\/\/e-anjelik.sk\/?p=31998"},"modified":"2018-11-13T21:33:24","modified_gmt":"2018-11-13T20:33:24","slug":"100-rokov-od-skoncenie-1-svetovej-vojny","status":"publish","type":"post","link":"https:\/\/www.e-anjelik.sk\/index.php\/2018\/11\/13\/100-rokov-od-skoncenie-1-svetovej-vojny\/","title":{"rendered":"100 rokov od skon\u010denie 1.svetovej vojny"},"content":{"rendered":"<p><b>K 100. v\u00fdro\u010diu ukon\u010denia 1. svetovej vojny<\/b><\/p>\n<p>Synoda ECAV na Slovensku 20. 10. 2018 v Martine prijala nasleduj\u00face uznesenie: \u201eSynoda ECAV na Slovensku odpor\u00fa\u010da cirkevn\u00fdm zborom pripomen\u00fa\u0165 si 100. v\u00fdro\u010die konca prvej svetovej vojny na slu\u017eb\u00e1ch Bo\u017e\u00edch v nede\u013eu 11. 11. 2018, ako aj sl\u00e1vnostn\u00fdm zvonen\u00edm o 11.00 hodine, ke\u010f za\u010dalo plati\u0165 pr\u00edmerie.\u201c<\/p>\n<p><b><i>Vlo\u017een\u00e9 29. 10. 2018<\/i><\/b><\/p>\n<p><i>Synoda ECAV na Slovensku \u00a0|\u00a08.11.2018<\/i><\/p>\n<p>P.S. Synoda , \u017eia\u013e na vznik 1. slobodnej \u010ceskoslovenskej republiky zabudla. \u00a0\u0160koda &#8211; ve\u010f bez nej by slovensk\u00fd n\u00e1rod \u00a0mo\u017eno zapadol do prepadliska dej\u00edn.<\/p>\n","protected":false},"excerpt":{"rendered":"<p>K 100. v\u00fdro\u010diu ukon\u010denia 1. svetovej vojny Synoda ECAV na Slovensku 20. 10. 2018 v Martine prijala nasleduj\u00face uznesenie: \u201eSynoda ECAV na Slovensku odpor\u00fa\u010da cirkevn\u00fdm zborom pripomen\u00fa\u0165 si 100. v\u00fdro\u010die konca prvej svetovej vojny na slu\u017eb\u00e1ch Bo\u017e\u00edch v nede\u013eu 11. 11. 2018, ako aj sl\u00e1vnostn\u00fdm zvonen\u00edm o 11.00 hodine, ke\u010f za\u010dalo plati\u0165 pr\u00edmerie.\u201c Vlo\u017een\u00e9 29. &#8230; <a title=\"100 rokov od skon\u010denie 1.svetovej vojny\" class=\"read-more\" href=\"https:\/\/www.e-anjelik.sk\/index.php\/2018\/11\/13\/100-rokov-od-skoncenie-1-svetovej-vojny\/\" aria-label=\"Pre\u010d\u00edtajte si viac o 100 rokov od skon\u010denie 1.svetovej vojny\">\u010c\u00edta\u0165 viac<\/a><\/p>\n","protected":false},"author":4,"featured_media":0,"comment_status":"open","ping_status":"open","sticky":false,"template":"","format":"standard","meta":{"footnotes":""},"categories":[193,40,104,37],"tags":[],"class_list":["post-31998","post","type-post","status-publish","format-standard","hentry","category-co-pisu-ini","category-historia","category-synoda","category-zivot-v-cirkvi"],"_links":{"self":[{"href":"https:\/\/www.e-anjelik.sk\/index.php\/wp-json\/wp\/v2\/posts\/31998","targetHints":{"allow":["GET"]}}],"collection":[{"href":"https:\/\/www.e-anjelik.sk\/index.php\/wp-json\/wp\/v2\/posts"}],"about":[{"href":"https:\/\/www.e-anjelik.sk\/index.php\/wp-json\/wp\/v2\/types\/post"}],"author":[{"embeddable":true,"href":"https:\/\/www.e-anjelik.sk\/index.php\/wp-json\/wp\/v2\/users\/4"}],"replies":[{"embeddable":true,"href":"https:\/\/www.e-anjelik.sk\/index.php\/wp-json\/wp\/v2\/comments?post=31998"}],"version-history":[{"count":1,"href":"https:\/\/www.e-anjelik.sk\/index.php\/wp-json\/wp\/v2\/posts\/31998\/revisions"}],"predecessor-version":[{"id":31999,"href":"https:\/\/www.e-anjelik.sk\/index.php\/wp-json\/wp\/v2\/posts\/31998\/revisions\/31999"}],"wp:attachment":[{"href":"https:\/\/www.e-anjelik.sk\/index.php\/wp-json\/wp\/v2\/media?parent=31998"}],"wp:term":[{"taxonomy":"category","embeddable":true,"href":"https:\/\/www.e-anjelik.sk\/index.php\/wp-json\/wp\/v2\/categories?post=31998"},{"taxonomy":"post_tag","embeddable":true,"href":"https:\/\/www.e-anjelik.sk\/index.php\/wp-json\/wp\/v2\/tags?post=31998"}],"curies":[{"name":"wp","href":"https:\/\/api.w.org\/{rel}","templated":true}]}}